{"id":109818,"date":"2025-10-29T21:19:35","date_gmt":"2025-10-30T01:19:35","guid":{"rendered":"https:\/\/deportesdigital.com.ve\/public\/?p=109818"},"modified":"2025-10-29T21:19:35","modified_gmt":"2025-10-30T01:19:35","slug":"don-bosco-asistira-al-nacional-de-clubes-sub-11-y-sub-15-en-barinas","status":"publish","type":"post","link":"https:\/\/deportesdigital.com.ve\/public\/don-bosco-asistira-al-nacional-de-clubes-sub-11-y-sub-15-en-barinas\/","title":{"rendered":"Don Bosco Asistir\u00e1 al Nacional de Clubes Sub 11 y Sub 15 en Barinas\u00a0"},"content":{"rendered":"<p><strong><em>Los dos quintetos estar\u00e1n en acci\u00f3n en el nacional de clubes que se jugara en Barinas en el mes de noviembre.<\/em><\/strong><\/p>\n<hr \/>\n<p><strong><em>Jos\u00e9 Gil Deportes Digital\/Maracaibo:<\/em><\/strong> La <strong>Escuela de Baloncesto Don Bosco<\/strong> se prepara para representar al estado <strong>Zulia<\/strong> en el <strong>Campeonato Nacional de Clubes de Baloncesto<\/strong> en las categor\u00edas <strong>Sub 11<\/strong> y <strong>Sub 15<\/strong> masculino. Los dos quintetos competir\u00e1n en la ciudad de <strong>Barinas<\/strong> del <strong>06 al 12 de noviembre<\/strong>.<\/p>\n<p>El torneo es organizado por la <strong>Federaci\u00f3n Venezolana de Baloncesto<\/strong> y la <strong>Asociaci\u00f3n de Baloncesto de Barinas<\/strong>, y se desarrollar\u00e1 en seis gimnasios de la ciudad llanera. La participaci\u00f3n de Don Bosco se centrar\u00e1 en la rama masculina de ambas categor\u00edas.<\/p>\n<h3>Preparaci\u00f3n y Roster<\/h3>\n<p>Los equipos zulianos han estado trabajando intensamente por m\u00e1s de dos meses en preparaci\u00f3n para esta cita nacional, y cuentan con un grupo de jugadores listos para dar la batalla en el tabloncillo.<\/p>\n<p><img loading=\"lazy\" decoding=\"async\" class=\"size-full wp-image-109819 aligncenter\" src=\"https:\/\/deportesdigital.com.ve\/public\/wp-content\/uploads\/2025\/10\/WhatsApp-Image-2025-10-29-at-1.35.25-PM.jpg\" alt=\"\" width=\"800\" height=\"607\" srcset=\"https:\/\/deportesdigital.com.ve\/public\/wp-content\/uploads\/2025\/10\/WhatsApp-Image-2025-10-29-at-1.35.25-PM.jpg 800w, https:\/\/deportesdigital.com.ve\/public\/wp-content\/uploads\/2025\/10\/WhatsApp-Image-2025-10-29-at-1.35.25-PM-300x228.jpg 300w, https:\/\/deportesdigital.com.ve\/public\/wp-content\/uploads\/2025\/10\/WhatsApp-Image-2025-10-29-at-1.35.25-PM-768x583.jpg 768w, https:\/\/deportesdigital.com.ve\/public\/wp-content\/uploads\/2025\/10\/WhatsApp-Image-2025-10-29-at-1.35.25-PM-730x554.jpg 730w, https:\/\/deportesdigital.com.ve\/public\/wp-content\/uploads\/2025\/10\/WhatsApp-Image-2025-10-29-at-1.35.25-PM-435x330.jpg 435w, https:\/\/deportesdigital.com.ve\/public\/wp-content\/uploads\/2025\/10\/WhatsApp-Image-2025-10-29-at-1.35.25-PM-80x60.jpg 80w\" sizes=\"auto, (max-width: 800px) 100vw, 800px\" \/><\/p>\n<h4>Categor\u00eda Sub 11<\/h4>\n<p>El equipo Sub 11 est\u00e1 conformado por: <strong>Andr\u00e9s Alvarado<\/strong> (Capit\u00e1n), Miguel Baptista, Victor Abreu, Juan Ib\u00e1\u00f1ez, Mayk Beltr\u00e1n, Andrick Garc\u00eda, Andr\u00e9s \u00c1vila, Jos\u00e9 Sandrea<\/p>\n<h4>Categor\u00eda Sub 15<\/h4>\n<p><img loading=\"lazy\" decoding=\"async\" class=\" wp-image-109820 aligncenter\" src=\"https:\/\/deportesdigital.com.ve\/public\/wp-content\/uploads\/2025\/10\/WhatsApp-Image-2025-10-29-at-1.33.22-PM.jpeg\" alt=\"\" width=\"917\" height=\"604\" srcset=\"https:\/\/deportesdigital.com.ve\/public\/wp-content\/uploads\/2025\/10\/WhatsApp-Image-2025-10-29-at-1.33.22-PM.jpeg 800w, https:\/\/deportesdigital.com.ve\/public\/wp-content\/uploads\/2025\/10\/WhatsApp-Image-2025-10-29-at-1.33.22-PM-300x198.jpeg 300w, https:\/\/deportesdigital.com.ve\/public\/wp-content\/uploads\/2025\/10\/WhatsApp-Image-2025-10-29-at-1.33.22-PM-768x506.jpeg 768w, https:\/\/deportesdigital.com.ve\/public\/wp-content\/uploads\/2025\/10\/WhatsApp-Image-2025-10-29-at-1.33.22-PM-730x481.jpeg 730w, https:\/\/deportesdigital.com.ve\/public\/wp-content\/uploads\/2025\/10\/WhatsApp-Image-2025-10-29-at-1.33.22-PM-435x287.jpeg 435w\" sizes=\"auto, (max-width: 917px) 100vw, 917px\" \/><\/p>\n<p>El quinteto Sub 15 est\u00e1 integrado por: <strong>Diego Alvarado<\/strong> (Capit\u00e1n),\u00a0 Jos\u00e9 Atencio, Mat\u00edas Moreno, Bruno Gonz\u00e1lez, Yorvi Miquilena, Numan Arrieche, Frank Mayor, Arthur Hebert, Fabi\u00e1n Romero, Santiago Ferrer, Luis Pe\u00f1a<\/p>\n<h3>Experiencia Previa<\/h3>\n<p>Es importante resaltar que el <strong>Club Don Bosco<\/strong> ya cuenta con experiencia en este tipo de competencias, pues en el a\u00f1o <strong>2025<\/strong> represent\u00f3 al Zulia en <strong>dos torneos de clubes<\/strong> realizados en <strong>Bailadores, M\u00e9rida<\/strong>. Esta trayectoria previa es un factor motivador para los j\u00f3venes atletas en su b\u00fasqueda por dejar en alto el nombre del Zulia en Barinas.<\/p>\n<p><strong><em>\u00a0<\/em><\/strong><\/p>\n<p><strong><em>Sigue esta y otras #Noticias ingresando a nuestras plataformas digitales Deportes Digital, en Instagram, Facebook, Twitter, y en nuestros grupos de Whatsapp y Telegram<\/em><\/strong><\/p>\n","protected":false},"excerpt":{"rendered":"<p>Los dos quintetos estar\u00e1n en acci\u00f3n en el nacional de clubes que se jugara en Barinas en el mes de noviembre. Jos\u00e9 Gil Deportes Digital\/Maracaibo: La Escuela de Baloncesto Don [&hellip;]<\/p>\n","protected":false},"author":1,"featured_media":109821,"comment_status":"open","ping_status":"closed","sticky":false,"template":"","format":"standard","meta":{"footnotes":""},"categories":[4],"tags":[],"class_list":["post-109818","post","type-post","status-publish","format-standard","has-post-thumbnail","hentry","category-baloncesto","clearfix"],"yoast_head":"<!-- This site is optimized with the Yoast SEO plugin v27.8 - https:\/\/yoast.com\/product\/yoast-seo-wordpress\/ -->\n<title>Don Bosco Asistir\u00e1 al Nacional de Clubes Sub 11 y Sub 15 en Barinas\u00a0 - Deportes Digital<\/title>\n<meta name=\"robots\" content=\"index, follow, max-snippet:-1, max-image-preview:large, max-video-preview:-1\" \/>\n<link rel=\"canonical\" href=\"https:\/\/deportesdigital.com.ve\/public\/don-bosco-asistira-al-nacional-de-clubes-sub-11-y-sub-15-en-barinas\/\" \/>\n<meta property=\"og:locale\" content=\"es_ES\" \/>\n<meta property=\"og:type\" content=\"article\" \/>\n<meta property=\"og:title\" content=\"Don Bosco Asistir\u00e1 al Nacional de Clubes Sub 11 y Sub 15 en Barinas\u00a0 - Deportes Digital\" \/>\n<meta property=\"og:description\" content=\"Los dos quintetos estar\u00e1n en acci\u00f3n en el nacional de clubes que se jugara en Barinas en el mes de noviembre. Jos\u00e9 Gil Deportes Digital\/Maracaibo: La Escuela de Baloncesto Don [&hellip;]\" \/>\n<meta property=\"og:url\" content=\"https:\/\/deportesdigital.com.ve\/public\/don-bosco-asistira-al-nacional-de-clubes-sub-11-y-sub-15-en-barinas\/\" \/>\n<meta property=\"og:site_name\" content=\"Deportes Digital\" \/>\n<meta property=\"article:publisher\" content=\"https:\/\/www.facebook.com\/DeportesDigitalZulia25\" \/>\n<meta property=\"article:published_time\" content=\"2025-10-30T01:19:35+00:00\" \/>\n<meta property=\"og:image\" content=\"https:\/\/deportesdigital.com.ve\/public\/wp-content\/uploads\/2025\/10\/42-1.jpg\" \/>\n\t<meta property=\"og:image:width\" content=\"800\" \/>\n\t<meta property=\"og:image:height\" content=\"800\" \/>\n\t<meta property=\"og:image:type\" content=\"image\/jpeg\" \/>\n<meta name=\"author\" content=\"luisg15\" \/>\n<meta name=\"twitter:card\" content=\"summary_large_image\" \/>\n<meta name=\"twitter:creator\" content=\"@deporteszulia\" \/>\n<meta name=\"twitter:site\" content=\"@deporteszulia\" \/>\n<meta name=\"twitter:label1\" content=\"Escrito por\" \/>\n\t<meta name=\"twitter:data1\" content=\"luisg15\" \/>\n\t<meta name=\"twitter:label2\" content=\"Tiempo de lectura\" \/>\n\t<meta name=\"twitter:data2\" content=\"2 minutos\" \/>\n<script type=\"application\/ld+json\" class=\"yoast-schema-graph\">{\"@context\":\"https:\\\/\\\/schema.org\",\"@graph\":[{\"@type\":\"Article\",\"@id\":\"https:\\\/\\\/deportesdigital.com.ve\\\/public\\\/don-bosco-asistira-al-nacional-de-clubes-sub-11-y-sub-15-en-barinas\\\/#article\",\"isPartOf\":{\"@id\":\"https:\\\/\\\/deportesdigital.com.ve\\\/public\\\/don-bosco-asistira-al-nacional-de-clubes-sub-11-y-sub-15-en-barinas\\\/\"},\"author\":{\"name\":\"luisg15\",\"@id\":\"https:\\\/\\\/deportesdigital.com.ve\\\/public\\\/#\\\/schema\\\/person\\\/57d2f23f17d761b1672066d1905e88a0\"},\"headline\":\"Don Bosco Asistir\u00e1 al Nacional de Clubes Sub 11 y Sub 15 en Barinas\u00a0\",\"datePublished\":\"2025-10-30T01:19:35+00:00\",\"mainEntityOfPage\":{\"@id\":\"https:\\\/\\\/deportesdigital.com.ve\\\/public\\\/don-bosco-asistira-al-nacional-de-clubes-sub-11-y-sub-15-en-barinas\\\/\"},\"wordCount\":323,\"commentCount\":0,\"publisher\":{\"@id\":\"https:\\\/\\\/deportesdigital.com.ve\\\/public\\\/#organization\"},\"image\":{\"@id\":\"https:\\\/\\\/deportesdigital.com.ve\\\/public\\\/don-bosco-asistira-al-nacional-de-clubes-sub-11-y-sub-15-en-barinas\\\/#primaryimage\"},\"thumbnailUrl\":\"https:\\\/\\\/deportesdigital.com.ve\\\/public\\\/wp-content\\\/uploads\\\/2025\\\/10\\\/42-1.jpg\",\"articleSection\":[\"Baloncesto\"],\"inLanguage\":\"es\",\"potentialAction\":[{\"@type\":\"CommentAction\",\"name\":\"Comment\",\"target\":[\"https:\\\/\\\/deportesdigital.com.ve\\\/public\\\/don-bosco-asistira-al-nacional-de-clubes-sub-11-y-sub-15-en-barinas\\\/#respond\"]}]},{\"@type\":\"WebPage\",\"@id\":\"https:\\\/\\\/deportesdigital.com.ve\\\/public\\\/don-bosco-asistira-al-nacional-de-clubes-sub-11-y-sub-15-en-barinas\\\/\",\"url\":\"https:\\\/\\\/deportesdigital.com.ve\\\/public\\\/don-bosco-asistira-al-nacional-de-clubes-sub-11-y-sub-15-en-barinas\\\/\",\"name\":\"Don Bosco Asistir\u00e1 al Nacional de Clubes Sub 11 y Sub 15 en Barinas\u00a0 - Deportes Digital\",\"isPartOf\":{\"@id\":\"https:\\\/\\\/deportesdigital.com.ve\\\/public\\\/#website\"},\"primaryImageOfPage\":{\"@id\":\"https:\\\/\\\/deportesdigital.com.ve\\\/public\\\/don-bosco-asistira-al-nacional-de-clubes-sub-11-y-sub-15-en-barinas\\\/#primaryimage\"},\"image\":{\"@id\":\"https:\\\/\\\/deportesdigital.com.ve\\\/public\\\/don-bosco-asistira-al-nacional-de-clubes-sub-11-y-sub-15-en-barinas\\\/#primaryimage\"},\"thumbnailUrl\":\"https:\\\/\\\/deportesdigital.com.ve\\\/public\\\/wp-content\\\/uploads\\\/2025\\\/10\\\/42-1.jpg\",\"datePublished\":\"2025-10-30T01:19:35+00:00\",\"breadcrumb\":{\"@id\":\"https:\\\/\\\/deportesdigital.com.ve\\\/public\\\/don-bosco-asistira-al-nacional-de-clubes-sub-11-y-sub-15-en-barinas\\\/#breadcrumb\"},\"inLanguage\":\"es\",\"potentialAction\":[{\"@type\":\"ReadAction\",\"target\":[\"https:\\\/\\\/deportesdigital.com.ve\\\/public\\\/don-bosco-asistira-al-nacional-de-clubes-sub-11-y-sub-15-en-barinas\\\/\"]}]},{\"@type\":\"ImageObject\",\"inLanguage\":\"es\",\"@id\":\"https:\\\/\\\/deportesdigital.com.ve\\\/public\\\/don-bosco-asistira-al-nacional-de-clubes-sub-11-y-sub-15-en-barinas\\\/#primaryimage\",\"url\":\"https:\\\/\\\/deportesdigital.com.ve\\\/public\\\/wp-content\\\/uploads\\\/2025\\\/10\\\/42-1.jpg\",\"contentUrl\":\"https:\\\/\\\/deportesdigital.com.ve\\\/public\\\/wp-content\\\/uploads\\\/2025\\\/10\\\/42-1.jpg\",\"width\":800,\"height\":800},{\"@type\":\"BreadcrumbList\",\"@id\":\"https:\\\/\\\/deportesdigital.com.ve\\\/public\\\/don-bosco-asistira-al-nacional-de-clubes-sub-11-y-sub-15-en-barinas\\\/#breadcrumb\",\"itemListElement\":[{\"@type\":\"ListItem\",\"position\":1,\"name\":\"Portada\",\"item\":\"https:\\\/\\\/deportesdigital.com.ve\\\/public\\\/\"},{\"@type\":\"ListItem\",\"position\":2,\"name\":\"Don Bosco Asistir\u00e1 al Nacional de Clubes Sub 11 y Sub 15 en Barinas\u00a0\"}]},{\"@type\":\"WebSite\",\"@id\":\"https:\\\/\\\/deportesdigital.com.ve\\\/public\\\/#website\",\"url\":\"https:\\\/\\\/deportesdigital.com.ve\\\/public\\\/\",\"name\":\"Deportes Digital\",\"description\":\"Solo Deportes\",\"publisher\":{\"@id\":\"https:\\\/\\\/deportesdigital.com.ve\\\/public\\\/#organization\"},\"potentialAction\":[{\"@type\":\"SearchAction\",\"target\":{\"@type\":\"EntryPoint\",\"urlTemplate\":\"https:\\\/\\\/deportesdigital.com.ve\\\/public\\\/?s={search_term_string}\"},\"query-input\":{\"@type\":\"PropertyValueSpecification\",\"valueRequired\":true,\"valueName\":\"search_term_string\"}}],\"inLanguage\":\"es\"},{\"@type\":\"Organization\",\"@id\":\"https:\\\/\\\/deportesdigital.com.ve\\\/public\\\/#organization\",\"name\":\"Deportes Digital\",\"url\":\"https:\\\/\\\/deportesdigital.com.ve\\\/public\\\/\",\"logo\":{\"@type\":\"ImageObject\",\"inLanguage\":\"es\",\"@id\":\"https:\\\/\\\/deportesdigital.com.ve\\\/public\\\/#\\\/schema\\\/logo\\\/image\\\/\",\"url\":\"https:\\\/\\\/i0.wp.com\\\/deportesdigital.com.ve\\\/public\\\/wp-content\\\/uploads\\\/2023\\\/09\\\/1677066431475.png?fit=1032%2C624&ssl=1\",\"contentUrl\":\"https:\\\/\\\/i0.wp.com\\\/deportesdigital.com.ve\\\/public\\\/wp-content\\\/uploads\\\/2023\\\/09\\\/1677066431475.png?fit=1032%2C624&ssl=1\",\"width\":1032,\"height\":624,\"caption\":\"Deportes Digital\"},\"image\":{\"@id\":\"https:\\\/\\\/deportesdigital.com.ve\\\/public\\\/#\\\/schema\\\/logo\\\/image\\\/\"},\"sameAs\":[\"https:\\\/\\\/www.facebook.com\\\/DeportesDigitalZulia25\",\"https:\\\/\\\/x.com\\\/deporteszulia\",\"https:\\\/\\\/www.instagram.com\\\/deportesdigitalzulia\\\/\"]},{\"@type\":\"Person\",\"@id\":\"https:\\\/\\\/deportesdigital.com.ve\\\/public\\\/#\\\/schema\\\/person\\\/57d2f23f17d761b1672066d1905e88a0\",\"name\":\"luisg15\",\"image\":{\"@type\":\"ImageObject\",\"inLanguage\":\"es\",\"@id\":\"https:\\\/\\\/secure.gravatar.com\\\/avatar\\\/4d424b63ebd2800d281b824141af3d97c1332dfdda83d70b2057085925af58a3?s=96&d=mm&r=g\",\"url\":\"https:\\\/\\\/secure.gravatar.com\\\/avatar\\\/4d424b63ebd2800d281b824141af3d97c1332dfdda83d70b2057085925af58a3?s=96&d=mm&r=g\",\"contentUrl\":\"https:\\\/\\\/secure.gravatar.com\\\/avatar\\\/4d424b63ebd2800d281b824141af3d97c1332dfdda83d70b2057085925af58a3?s=96&d=mm&r=g\",\"caption\":\"luisg15\"},\"description\":\"Medio de Comunicaci\u00f3n digital dedicado al deporte menor\",\"sameAs\":[\"https:\\\/\\\/deportesdigital.com.ve\\\/public\"],\"url\":\"https:\\\/\\\/deportesdigital.com.ve\\\/public\\\/author\\\/luisg15\\\/\"}]}<\/script>\n<!-- \/ Yoast SEO plugin. -->","yoast_head_json":{"title":"Don Bosco Asistir\u00e1 al Nacional de Clubes Sub 11 y Sub 15 en Barinas\u00a0 - Deportes Digital","robots":{"index":"index","follow":"follow","max-snippet":"max-snippet:-1","max-image-preview":"max-image-preview:large","max-video-preview":"max-video-preview:-1"},"canonical":"https:\/\/deportesdigital.com.ve\/public\/don-bosco-asistira-al-nacional-de-clubes-sub-11-y-sub-15-en-barinas\/","og_locale":"es_ES","og_type":"article","og_title":"Don Bosco Asistir\u00e1 al Nacional de Clubes Sub 11 y Sub 15 en Barinas\u00a0 - Deportes Digital","og_description":"Los dos quintetos estar\u00e1n en acci\u00f3n en el nacional de clubes que se jugara en Barinas en el mes de noviembre. Jos\u00e9 Gil Deportes Digital\/Maracaibo: La Escuela de Baloncesto Don [&hellip;]","og_url":"https:\/\/deportesdigital.com.ve\/public\/don-bosco-asistira-al-nacional-de-clubes-sub-11-y-sub-15-en-barinas\/","og_site_name":"Deportes Digital","article_publisher":"https:\/\/www.facebook.com\/DeportesDigitalZulia25","article_published_time":"2025-10-30T01:19:35+00:00","og_image":[{"width":800,"height":800,"url":"https:\/\/deportesdigital.com.ve\/public\/wp-content\/uploads\/2025\/10\/42-1.jpg","type":"image\/jpeg"}],"author":"luisg15","twitter_card":"summary_large_image","twitter_creator":"@deporteszulia","twitter_site":"@deporteszulia","twitter_misc":{"Escrito por":"luisg15","Tiempo de lectura":"2 minutos"},"schema":{"@context":"https:\/\/schema.org","@graph":[{"@type":"Article","@id":"https:\/\/deportesdigital.com.ve\/public\/don-bosco-asistira-al-nacional-de-clubes-sub-11-y-sub-15-en-barinas\/#article","isPartOf":{"@id":"https:\/\/deportesdigital.com.ve\/public\/don-bosco-asistira-al-nacional-de-clubes-sub-11-y-sub-15-en-barinas\/"},"author":{"name":"luisg15","@id":"https:\/\/deportesdigital.com.ve\/public\/#\/schema\/person\/57d2f23f17d761b1672066d1905e88a0"},"headline":"Don Bosco Asistir\u00e1 al Nacional de Clubes Sub 11 y Sub 15 en Barinas\u00a0","datePublished":"2025-10-30T01:19:35+00:00","mainEntityOfPage":{"@id":"https:\/\/deportesdigital.com.ve\/public\/don-bosco-asistira-al-nacional-de-clubes-sub-11-y-sub-15-en-barinas\/"},"wordCount":323,"commentCount":0,"publisher":{"@id":"https:\/\/deportesdigital.com.ve\/public\/#organization"},"image":{"@id":"https:\/\/deportesdigital.com.ve\/public\/don-bosco-asistira-al-nacional-de-clubes-sub-11-y-sub-15-en-barinas\/#primaryimage"},"thumbnailUrl":"https:\/\/deportesdigital.com.ve\/public\/wp-content\/uploads\/2025\/10\/42-1.jpg","articleSection":["Baloncesto"],"inLanguage":"es","potentialAction":[{"@type":"CommentAction","name":"Comment","target":["https:\/\/deportesdigital.com.ve\/public\/don-bosco-asistira-al-nacional-de-clubes-sub-11-y-sub-15-en-barinas\/#respond"]}]},{"@type":"WebPage","@id":"https:\/\/deportesdigital.com.ve\/public\/don-bosco-asistira-al-nacional-de-clubes-sub-11-y-sub-15-en-barinas\/","url":"https:\/\/deportesdigital.com.ve\/public\/don-bosco-asistira-al-nacional-de-clubes-sub-11-y-sub-15-en-barinas\/","name":"Don Bosco Asistir\u00e1 al Nacional de Clubes Sub 11 y Sub 15 en Barinas\u00a0 - Deportes Digital","isPartOf":{"@id":"https:\/\/deportesdigital.com.ve\/public\/#website"},"primaryImageOfPage":{"@id":"https:\/\/deportesdigital.com.ve\/public\/don-bosco-asistira-al-nacional-de-clubes-sub-11-y-sub-15-en-barinas\/#primaryimage"},"image":{"@id":"https:\/\/deportesdigital.com.ve\/public\/don-bosco-asistira-al-nacional-de-clubes-sub-11-y-sub-15-en-barinas\/#primaryimage"},"thumbnailUrl":"https:\/\/deportesdigital.com.ve\/public\/wp-content\/uploads\/2025\/10\/42-1.jpg","datePublished":"2025-10-30T01:19:35+00:00","breadcrumb":{"@id":"https:\/\/deportesdigital.com.ve\/public\/don-bosco-asistira-al-nacional-de-clubes-sub-11-y-sub-15-en-barinas\/#breadcrumb"},"inLanguage":"es","potentialAction":[{"@type":"ReadAction","target":["https:\/\/deportesdigital.com.ve\/public\/don-bosco-asistira-al-nacional-de-clubes-sub-11-y-sub-15-en-barinas\/"]}]},{"@type":"ImageObject","inLanguage":"es","@id":"https:\/\/deportesdigital.com.ve\/public\/don-bosco-asistira-al-nacional-de-clubes-sub-11-y-sub-15-en-barinas\/#primaryimage","url":"https:\/\/deportesdigital.com.ve\/public\/wp-content\/uploads\/2025\/10\/42-1.jpg","contentUrl":"https:\/\/deportesdigital.com.ve\/public\/wp-content\/uploads\/2025\/10\/42-1.jpg","width":800,"height":800},{"@type":"BreadcrumbList","@id":"https:\/\/deportesdigital.com.ve\/public\/don-bosco-asistira-al-nacional-de-clubes-sub-11-y-sub-15-en-barinas\/#breadcrumb","itemListElement":[{"@type":"ListItem","position":1,"name":"Portada","item":"https:\/\/deportesdigital.com.ve\/public\/"},{"@type":"ListItem","position":2,"name":"Don Bosco Asistir\u00e1 al Nacional de Clubes Sub 11 y Sub 15 en Barinas\u00a0"}]},{"@type":"WebSite","@id":"https:\/\/deportesdigital.com.ve\/public\/#website","url":"https:\/\/deportesdigital.com.ve\/public\/","name":"Deportes Digital","description":"Solo Deportes","publisher":{"@id":"https:\/\/deportesdigital.com.ve\/public\/#organization"},"potentialAction":[{"@type":"SearchAction","target":{"@type":"EntryPoint","urlTemplate":"https:\/\/deportesdigital.com.ve\/public\/?s={search_term_string}"},"query-input":{"@type":"PropertyValueSpecification","valueRequired":true,"valueName":"search_term_string"}}],"inLanguage":"es"},{"@type":"Organization","@id":"https:\/\/deportesdigital.com.ve\/public\/#organization","name":"Deportes Digital","url":"https:\/\/deportesdigital.com.ve\/public\/","logo":{"@type":"ImageObject","inLanguage":"es","@id":"https:\/\/deportesdigital.com.ve\/public\/#\/schema\/logo\/image\/","url":"https:\/\/i0.wp.com\/deportesdigital.com.ve\/public\/wp-content\/uploads\/2023\/09\/1677066431475.png?fit=1032%2C624&ssl=1","contentUrl":"https:\/\/i0.wp.com\/deportesdigital.com.ve\/public\/wp-content\/uploads\/2023\/09\/1677066431475.png?fit=1032%2C624&ssl=1","width":1032,"height":624,"caption":"Deportes Digital"},"image":{"@id":"https:\/\/deportesdigital.com.ve\/public\/#\/schema\/logo\/image\/"},"sameAs":["https:\/\/www.facebook.com\/DeportesDigitalZulia25","https:\/\/x.com\/deporteszulia","https:\/\/www.instagram.com\/deportesdigitalzulia\/"]},{"@type":"Person","@id":"https:\/\/deportesdigital.com.ve\/public\/#\/schema\/person\/57d2f23f17d761b1672066d1905e88a0","name":"luisg15","image":{"@type":"ImageObject","inLanguage":"es","@id":"https:\/\/secure.gravatar.com\/avatar\/4d424b63ebd2800d281b824141af3d97c1332dfdda83d70b2057085925af58a3?s=96&d=mm&r=g","url":"https:\/\/secure.gravatar.com\/avatar\/4d424b63ebd2800d281b824141af3d97c1332dfdda83d70b2057085925af58a3?s=96&d=mm&r=g","contentUrl":"https:\/\/secure.gravatar.com\/avatar\/4d424b63ebd2800d281b824141af3d97c1332dfdda83d70b2057085925af58a3?s=96&d=mm&r=g","caption":"luisg15"},"description":"Medio de Comunicaci\u00f3n digital dedicado al deporte menor","sameAs":["https:\/\/deportesdigital.com.ve\/public"],"url":"https:\/\/deportesdigital.com.ve\/public\/author\/luisg15\/"}]}},"_links":{"self":[{"href":"https:\/\/deportesdigital.com.ve\/public\/wp-json\/wp\/v2\/posts\/109818","targetHints":{"allow":["GET"]}}],"collection":[{"href":"https:\/\/deportesdigital.com.ve\/public\/wp-json\/wp\/v2\/posts"}],"about":[{"href":"https:\/\/deportesdigital.com.ve\/public\/wp-json\/wp\/v2\/types\/post"}],"author":[{"embeddable":true,"href":"https:\/\/deportesdigital.com.ve\/public\/wp-json\/wp\/v2\/users\/1"}],"replies":[{"embeddable":true,"href":"https:\/\/deportesdigital.com.ve\/public\/wp-json\/wp\/v2\/comments?post=109818"}],"version-history":[{"count":1,"href":"https:\/\/deportesdigital.com.ve\/public\/wp-json\/wp\/v2\/posts\/109818\/revisions"}],"predecessor-version":[{"id":109822,"href":"https:\/\/deportesdigital.com.ve\/public\/wp-json\/wp\/v2\/posts\/109818\/revisions\/109822"}],"wp:featuredmedia":[{"embeddable":true,"href":"https:\/\/deportesdigital.com.ve\/public\/wp-json\/wp\/v2\/media\/109821"}],"wp:attachment":[{"href":"https:\/\/deportesdigital.com.ve\/public\/wp-json\/wp\/v2\/media?parent=109818"}],"wp:term":[{"taxonomy":"category","embeddable":true,"href":"https:\/\/deportesdigital.com.ve\/public\/wp-json\/wp\/v2\/categories?post=109818"},{"taxonomy":"post_tag","embeddable":true,"href":"https:\/\/deportesdigital.com.ve\/public\/wp-json\/wp\/v2\/tags?post=109818"}],"curies":[{"name":"wp","href":"https:\/\/api.w.org\/{rel}","templated":true}]}}