{"id":109662,"date":"2025-10-24T10:44:02","date_gmt":"2025-10-24T14:44:02","guid":{"rendered":"https:\/\/deportesdigital.com.ve\/public\/?p=109662"},"modified":"2025-10-24T10:44:02","modified_gmt":"2025-10-24T14:44:02","slug":"imdep-inicia-fase-ii-de-los-juegos-deportivos-comunales-en-futsal","status":"publish","type":"post","link":"https:\/\/deportesdigital.com.ve\/public\/imdep-inicia-fase-ii-de-los-juegos-deportivos-comunales-en-futsal\/","title":{"rendered":"IMDEP inicia fase II de los Juegos Deportivos Comunales en Futsal"},"content":{"rendered":"<p><strong><em>La disciplina reuni\u00f3 aproximadamente 200 ni\u00f1os se reunieron en la cancha Dalia de Fern\u00e1ndez en el sector El Silencio de la parroquia Domitila Flores.<\/em><\/strong><\/p>\n<hr \/>\n<p><strong><em>Prensa IMDEP<\/em><\/strong>: De la mano de nuestro Alcalde Bolivariano H\u00e9ctor Soto, el IMDEP inici\u00f3\u00a0 la fase inter comunal de los Juegos Deportivos Comunales 2025 en la disciplina de Futsal, m\u00e1s de 200 ni\u00f1os se reunieron en la cancha Dalia de Fern\u00e1ndez en el sector El Silencio de la parroquia Domitila Flores.<\/p>\n<p>Las Comunas, Cacique Urqu\u00eda, General M\u00fcller Rojas, Sue\u00f1o de un Gigante, Villa Paraiso, Coraz\u00f3n de mi Patria, Ciudad El Rey, Renacer de la SabanaAcneira Caldera, Lucha Esfuerzo y Victoria, Vencedores del Sur 1, Gran Cacique Guaicaipuro y\u00a0 Pueblos del Sur y Hugo Ch\u00e1vez Fr\u00edas asistieron al festival deportivo con sus respectivos equipos infantiles.<\/p>\n<p><img loading=\"lazy\" decoding=\"async\" class=\"size-full wp-image-109664 aligncenter\" src=\"https:\/\/deportesdigital.com.ve\/public\/wp-content\/uploads\/2025\/10\/IMG_20251022_111412_364.jpg\" alt=\"\" width=\"800\" height=\"441\" srcset=\"https:\/\/deportesdigital.com.ve\/public\/wp-content\/uploads\/2025\/10\/IMG_20251022_111412_364.jpg 800w, https:\/\/deportesdigital.com.ve\/public\/wp-content\/uploads\/2025\/10\/IMG_20251022_111412_364-300x165.jpg 300w, https:\/\/deportesdigital.com.ve\/public\/wp-content\/uploads\/2025\/10\/IMG_20251022_111412_364-768x423.jpg 768w, https:\/\/deportesdigital.com.ve\/public\/wp-content\/uploads\/2025\/10\/IMG_20251022_111412_364-730x402.jpg 730w, https:\/\/deportesdigital.com.ve\/public\/wp-content\/uploads\/2025\/10\/IMG_20251022_111412_364-435x240.jpg 435w\" sizes=\"auto, (max-width: 800px) 100vw, 800px\" \/><\/p>\n<p>Los Juegos Deportivos Comunales se desarrollan con \u00e9xito en el municipio San Francisco en trabajo mancomunado del Instituto P\u00fablico Municipal de Deporte de San Francisco y el Ministerio del Poder Popular para el Deporte reafirmando una nueva etapa para el deporte en el municipio.<\/p>\n<p><strong><em>Sigue esta y otras #Noticias ingresando a nuestras plataformas digitales Deportes Digital, en Instagram, Facebook, Twitter, y en nuestros grupos de Whatsapp y Telegram<\/em><\/strong><\/p>\n<p>&nbsp;<\/p>\n","protected":false},"excerpt":{"rendered":"<p>La disciplina reuni\u00f3 aproximadamente 200 ni\u00f1os se reunieron en la cancha Dalia de Fern\u00e1ndez en el sector El Silencio de la parroquia Domitila Flores. Prensa IMDEP: De la mano de [&hellip;]<\/p>\n","protected":false},"author":1,"featured_media":109663,"comment_status":"open","ping_status":"closed","sticky":false,"template":"","format":"standard","meta":{"footnotes":""},"categories":[5],"tags":[],"class_list":["post-109662","post","type-post","status-publish","format-standard","has-post-thumbnail","hentry","category-otrosdeportes","clearfix"],"yoast_head":"<!-- This site is optimized with the Yoast SEO plugin v27.8 - https:\/\/yoast.com\/product\/yoast-seo-wordpress\/ -->\n<title>IMDEP inicia fase II de los Juegos Deportivos Comunales en Futsal - Deportes Digital<\/title>\n<meta name=\"robots\" content=\"index, follow, max-snippet:-1, max-image-preview:large, max-video-preview:-1\" \/>\n<link rel=\"canonical\" href=\"https:\/\/deportesdigital.com.ve\/public\/imdep-inicia-fase-ii-de-los-juegos-deportivos-comunales-en-futsal\/\" \/>\n<meta property=\"og:locale\" content=\"es_ES\" \/>\n<meta property=\"og:type\" content=\"article\" \/>\n<meta property=\"og:title\" content=\"IMDEP inicia fase II de los Juegos Deportivos Comunales en Futsal - Deportes Digital\" \/>\n<meta property=\"og:description\" content=\"La disciplina reuni\u00f3 aproximadamente 200 ni\u00f1os se reunieron en la cancha Dalia de Fern\u00e1ndez en el sector El Silencio de la parroquia Domitila Flores. Prensa IMDEP: De la mano de [&hellip;]\" \/>\n<meta property=\"og:url\" content=\"https:\/\/deportesdigital.com.ve\/public\/imdep-inicia-fase-ii-de-los-juegos-deportivos-comunales-en-futsal\/\" \/>\n<meta property=\"og:site_name\" content=\"Deportes Digital\" \/>\n<meta property=\"article:publisher\" content=\"https:\/\/www.facebook.com\/DeportesDigitalZulia25\" \/>\n<meta property=\"article:published_time\" content=\"2025-10-24T14:44:02+00:00\" \/>\n<meta property=\"og:image\" content=\"https:\/\/deportesdigital.com.ve\/public\/wp-content\/uploads\/2025\/10\/IMG_20251022_111418_075.jpg\" \/>\n\t<meta property=\"og:image:width\" content=\"960\" \/>\n\t<meta property=\"og:image:height\" content=\"1280\" \/>\n\t<meta property=\"og:image:type\" content=\"image\/jpeg\" \/>\n<meta name=\"author\" content=\"luisg15\" \/>\n<meta name=\"twitter:card\" content=\"summary_large_image\" \/>\n<meta name=\"twitter:creator\" content=\"@deporteszulia\" \/>\n<meta name=\"twitter:site\" content=\"@deporteszulia\" \/>\n<meta name=\"twitter:label1\" content=\"Escrito por\" \/>\n\t<meta name=\"twitter:data1\" content=\"luisg15\" \/>\n\t<meta name=\"twitter:label2\" content=\"Tiempo de lectura\" \/>\n\t<meta name=\"twitter:data2\" content=\"1 minuto\" \/>\n<script type=\"application\/ld+json\" class=\"yoast-schema-graph\">{\"@context\":\"https:\\\/\\\/schema.org\",\"@graph\":[{\"@type\":\"Article\",\"@id\":\"https:\\\/\\\/deportesdigital.com.ve\\\/public\\\/imdep-inicia-fase-ii-de-los-juegos-deportivos-comunales-en-futsal\\\/#article\",\"isPartOf\":{\"@id\":\"https:\\\/\\\/deportesdigital.com.ve\\\/public\\\/imdep-inicia-fase-ii-de-los-juegos-deportivos-comunales-en-futsal\\\/\"},\"author\":{\"name\":\"luisg15\",\"@id\":\"https:\\\/\\\/deportesdigital.com.ve\\\/public\\\/#\\\/schema\\\/person\\\/57d2f23f17d761b1672066d1905e88a0\"},\"headline\":\"IMDEP inicia fase II de los Juegos Deportivos Comunales en Futsal\",\"datePublished\":\"2025-10-24T14:44:02+00:00\",\"mainEntityOfPage\":{\"@id\":\"https:\\\/\\\/deportesdigital.com.ve\\\/public\\\/imdep-inicia-fase-ii-de-los-juegos-deportivos-comunales-en-futsal\\\/\"},\"wordCount\":217,\"commentCount\":0,\"publisher\":{\"@id\":\"https:\\\/\\\/deportesdigital.com.ve\\\/public\\\/#organization\"},\"image\":{\"@id\":\"https:\\\/\\\/deportesdigital.com.ve\\\/public\\\/imdep-inicia-fase-ii-de-los-juegos-deportivos-comunales-en-futsal\\\/#primaryimage\"},\"thumbnailUrl\":\"https:\\\/\\\/deportesdigital.com.ve\\\/public\\\/wp-content\\\/uploads\\\/2025\\\/10\\\/IMG_20251022_111418_075.jpg\",\"articleSection\":[\"Otros Deportes\"],\"inLanguage\":\"es\",\"potentialAction\":[{\"@type\":\"CommentAction\",\"name\":\"Comment\",\"target\":[\"https:\\\/\\\/deportesdigital.com.ve\\\/public\\\/imdep-inicia-fase-ii-de-los-juegos-deportivos-comunales-en-futsal\\\/#respond\"]}]},{\"@type\":\"WebPage\",\"@id\":\"https:\\\/\\\/deportesdigital.com.ve\\\/public\\\/imdep-inicia-fase-ii-de-los-juegos-deportivos-comunales-en-futsal\\\/\",\"url\":\"https:\\\/\\\/deportesdigital.com.ve\\\/public\\\/imdep-inicia-fase-ii-de-los-juegos-deportivos-comunales-en-futsal\\\/\",\"name\":\"IMDEP inicia fase II de los Juegos Deportivos Comunales en Futsal - Deportes Digital\",\"isPartOf\":{\"@id\":\"https:\\\/\\\/deportesdigital.com.ve\\\/public\\\/#website\"},\"primaryImageOfPage\":{\"@id\":\"https:\\\/\\\/deportesdigital.com.ve\\\/public\\\/imdep-inicia-fase-ii-de-los-juegos-deportivos-comunales-en-futsal\\\/#primaryimage\"},\"image\":{\"@id\":\"https:\\\/\\\/deportesdigital.com.ve\\\/public\\\/imdep-inicia-fase-ii-de-los-juegos-deportivos-comunales-en-futsal\\\/#primaryimage\"},\"thumbnailUrl\":\"https:\\\/\\\/deportesdigital.com.ve\\\/public\\\/wp-content\\\/uploads\\\/2025\\\/10\\\/IMG_20251022_111418_075.jpg\",\"datePublished\":\"2025-10-24T14:44:02+00:00\",\"breadcrumb\":{\"@id\":\"https:\\\/\\\/deportesdigital.com.ve\\\/public\\\/imdep-inicia-fase-ii-de-los-juegos-deportivos-comunales-en-futsal\\\/#breadcrumb\"},\"inLanguage\":\"es\",\"potentialAction\":[{\"@type\":\"ReadAction\",\"target\":[\"https:\\\/\\\/deportesdigital.com.ve\\\/public\\\/imdep-inicia-fase-ii-de-los-juegos-deportivos-comunales-en-futsal\\\/\"]}]},{\"@type\":\"ImageObject\",\"inLanguage\":\"es\",\"@id\":\"https:\\\/\\\/deportesdigital.com.ve\\\/public\\\/imdep-inicia-fase-ii-de-los-juegos-deportivos-comunales-en-futsal\\\/#primaryimage\",\"url\":\"https:\\\/\\\/deportesdigital.com.ve\\\/public\\\/wp-content\\\/uploads\\\/2025\\\/10\\\/IMG_20251022_111418_075.jpg\",\"contentUrl\":\"https:\\\/\\\/deportesdigital.com.ve\\\/public\\\/wp-content\\\/uploads\\\/2025\\\/10\\\/IMG_20251022_111418_075.jpg\",\"width\":960,\"height\":1280},{\"@type\":\"BreadcrumbList\",\"@id\":\"https:\\\/\\\/deportesdigital.com.ve\\\/public\\\/imdep-inicia-fase-ii-de-los-juegos-deportivos-comunales-en-futsal\\\/#breadcrumb\",\"itemListElement\":[{\"@type\":\"ListItem\",\"position\":1,\"name\":\"Portada\",\"item\":\"https:\\\/\\\/deportesdigital.com.ve\\\/public\\\/\"},{\"@type\":\"ListItem\",\"position\":2,\"name\":\"IMDEP inicia fase II de los Juegos Deportivos Comunales en Futsal\"}]},{\"@type\":\"WebSite\",\"@id\":\"https:\\\/\\\/deportesdigital.com.ve\\\/public\\\/#website\",\"url\":\"https:\\\/\\\/deportesdigital.com.ve\\\/public\\\/\",\"name\":\"Deportes Digital\",\"description\":\"Solo Deportes\",\"publisher\":{\"@id\":\"https:\\\/\\\/deportesdigital.com.ve\\\/public\\\/#organization\"},\"potentialAction\":[{\"@type\":\"SearchAction\",\"target\":{\"@type\":\"EntryPoint\",\"urlTemplate\":\"https:\\\/\\\/deportesdigital.com.ve\\\/public\\\/?s={search_term_string}\"},\"query-input\":{\"@type\":\"PropertyValueSpecification\",\"valueRequired\":true,\"valueName\":\"search_term_string\"}}],\"inLanguage\":\"es\"},{\"@type\":\"Organization\",\"@id\":\"https:\\\/\\\/deportesdigital.com.ve\\\/public\\\/#organization\",\"name\":\"Deportes Digital\",\"url\":\"https:\\\/\\\/deportesdigital.com.ve\\\/public\\\/\",\"logo\":{\"@type\":\"ImageObject\",\"inLanguage\":\"es\",\"@id\":\"https:\\\/\\\/deportesdigital.com.ve\\\/public\\\/#\\\/schema\\\/logo\\\/image\\\/\",\"url\":\"https:\\\/\\\/i0.wp.com\\\/deportesdigital.com.ve\\\/public\\\/wp-content\\\/uploads\\\/2023\\\/09\\\/1677066431475.png?fit=1032%2C624&ssl=1\",\"contentUrl\":\"https:\\\/\\\/i0.wp.com\\\/deportesdigital.com.ve\\\/public\\\/wp-content\\\/uploads\\\/2023\\\/09\\\/1677066431475.png?fit=1032%2C624&ssl=1\",\"width\":1032,\"height\":624,\"caption\":\"Deportes Digital\"},\"image\":{\"@id\":\"https:\\\/\\\/deportesdigital.com.ve\\\/public\\\/#\\\/schema\\\/logo\\\/image\\\/\"},\"sameAs\":[\"https:\\\/\\\/www.facebook.com\\\/DeportesDigitalZulia25\",\"https:\\\/\\\/x.com\\\/deporteszulia\",\"https:\\\/\\\/www.instagram.com\\\/deportesdigitalzulia\\\/\"]},{\"@type\":\"Person\",\"@id\":\"https:\\\/\\\/deportesdigital.com.ve\\\/public\\\/#\\\/schema\\\/person\\\/57d2f23f17d761b1672066d1905e88a0\",\"name\":\"luisg15\",\"image\":{\"@type\":\"ImageObject\",\"inLanguage\":\"es\",\"@id\":\"https:\\\/\\\/secure.gravatar.com\\\/avatar\\\/4d424b63ebd2800d281b824141af3d97c1332dfdda83d70b2057085925af58a3?s=96&d=mm&r=g\",\"url\":\"https:\\\/\\\/secure.gravatar.com\\\/avatar\\\/4d424b63ebd2800d281b824141af3d97c1332dfdda83d70b2057085925af58a3?s=96&d=mm&r=g\",\"contentUrl\":\"https:\\\/\\\/secure.gravatar.com\\\/avatar\\\/4d424b63ebd2800d281b824141af3d97c1332dfdda83d70b2057085925af58a3?s=96&d=mm&r=g\",\"caption\":\"luisg15\"},\"description\":\"Medio de Comunicaci\u00f3n digital dedicado al deporte menor\",\"sameAs\":[\"https:\\\/\\\/deportesdigital.com.ve\\\/public\"],\"url\":\"https:\\\/\\\/deportesdigital.com.ve\\\/public\\\/author\\\/luisg15\\\/\"}]}<\/script>\n<!-- \/ Yoast SEO plugin. -->","yoast_head_json":{"title":"IMDEP inicia fase II de los Juegos Deportivos Comunales en Futsal - Deportes Digital","robots":{"index":"index","follow":"follow","max-snippet":"max-snippet:-1","max-image-preview":"max-image-preview:large","max-video-preview":"max-video-preview:-1"},"canonical":"https:\/\/deportesdigital.com.ve\/public\/imdep-inicia-fase-ii-de-los-juegos-deportivos-comunales-en-futsal\/","og_locale":"es_ES","og_type":"article","og_title":"IMDEP inicia fase II de los Juegos Deportivos Comunales en Futsal - Deportes Digital","og_description":"La disciplina reuni\u00f3 aproximadamente 200 ni\u00f1os se reunieron en la cancha Dalia de Fern\u00e1ndez en el sector El Silencio de la parroquia Domitila Flores. Prensa IMDEP: De la mano de [&hellip;]","og_url":"https:\/\/deportesdigital.com.ve\/public\/imdep-inicia-fase-ii-de-los-juegos-deportivos-comunales-en-futsal\/","og_site_name":"Deportes Digital","article_publisher":"https:\/\/www.facebook.com\/DeportesDigitalZulia25","article_published_time":"2025-10-24T14:44:02+00:00","og_image":[{"width":960,"height":1280,"url":"https:\/\/deportesdigital.com.ve\/public\/wp-content\/uploads\/2025\/10\/IMG_20251022_111418_075.jpg","type":"image\/jpeg"}],"author":"luisg15","twitter_card":"summary_large_image","twitter_creator":"@deporteszulia","twitter_site":"@deporteszulia","twitter_misc":{"Escrito por":"luisg15","Tiempo de lectura":"1 minuto"},"schema":{"@context":"https:\/\/schema.org","@graph":[{"@type":"Article","@id":"https:\/\/deportesdigital.com.ve\/public\/imdep-inicia-fase-ii-de-los-juegos-deportivos-comunales-en-futsal\/#article","isPartOf":{"@id":"https:\/\/deportesdigital.com.ve\/public\/imdep-inicia-fase-ii-de-los-juegos-deportivos-comunales-en-futsal\/"},"author":{"name":"luisg15","@id":"https:\/\/deportesdigital.com.ve\/public\/#\/schema\/person\/57d2f23f17d761b1672066d1905e88a0"},"headline":"IMDEP inicia fase II de los Juegos Deportivos Comunales en Futsal","datePublished":"2025-10-24T14:44:02+00:00","mainEntityOfPage":{"@id":"https:\/\/deportesdigital.com.ve\/public\/imdep-inicia-fase-ii-de-los-juegos-deportivos-comunales-en-futsal\/"},"wordCount":217,"commentCount":0,"publisher":{"@id":"https:\/\/deportesdigital.com.ve\/public\/#organization"},"image":{"@id":"https:\/\/deportesdigital.com.ve\/public\/imdep-inicia-fase-ii-de-los-juegos-deportivos-comunales-en-futsal\/#primaryimage"},"thumbnailUrl":"https:\/\/deportesdigital.com.ve\/public\/wp-content\/uploads\/2025\/10\/IMG_20251022_111418_075.jpg","articleSection":["Otros Deportes"],"inLanguage":"es","potentialAction":[{"@type":"CommentAction","name":"Comment","target":["https:\/\/deportesdigital.com.ve\/public\/imdep-inicia-fase-ii-de-los-juegos-deportivos-comunales-en-futsal\/#respond"]}]},{"@type":"WebPage","@id":"https:\/\/deportesdigital.com.ve\/public\/imdep-inicia-fase-ii-de-los-juegos-deportivos-comunales-en-futsal\/","url":"https:\/\/deportesdigital.com.ve\/public\/imdep-inicia-fase-ii-de-los-juegos-deportivos-comunales-en-futsal\/","name":"IMDEP inicia fase II de los Juegos Deportivos Comunales en Futsal - Deportes Digital","isPartOf":{"@id":"https:\/\/deportesdigital.com.ve\/public\/#website"},"primaryImageOfPage":{"@id":"https:\/\/deportesdigital.com.ve\/public\/imdep-inicia-fase-ii-de-los-juegos-deportivos-comunales-en-futsal\/#primaryimage"},"image":{"@id":"https:\/\/deportesdigital.com.ve\/public\/imdep-inicia-fase-ii-de-los-juegos-deportivos-comunales-en-futsal\/#primaryimage"},"thumbnailUrl":"https:\/\/deportesdigital.com.ve\/public\/wp-content\/uploads\/2025\/10\/IMG_20251022_111418_075.jpg","datePublished":"2025-10-24T14:44:02+00:00","breadcrumb":{"@id":"https:\/\/deportesdigital.com.ve\/public\/imdep-inicia-fase-ii-de-los-juegos-deportivos-comunales-en-futsal\/#breadcrumb"},"inLanguage":"es","potentialAction":[{"@type":"ReadAction","target":["https:\/\/deportesdigital.com.ve\/public\/imdep-inicia-fase-ii-de-los-juegos-deportivos-comunales-en-futsal\/"]}]},{"@type":"ImageObject","inLanguage":"es","@id":"https:\/\/deportesdigital.com.ve\/public\/imdep-inicia-fase-ii-de-los-juegos-deportivos-comunales-en-futsal\/#primaryimage","url":"https:\/\/deportesdigital.com.ve\/public\/wp-content\/uploads\/2025\/10\/IMG_20251022_111418_075.jpg","contentUrl":"https:\/\/deportesdigital.com.ve\/public\/wp-content\/uploads\/2025\/10\/IMG_20251022_111418_075.jpg","width":960,"height":1280},{"@type":"BreadcrumbList","@id":"https:\/\/deportesdigital.com.ve\/public\/imdep-inicia-fase-ii-de-los-juegos-deportivos-comunales-en-futsal\/#breadcrumb","itemListElement":[{"@type":"ListItem","position":1,"name":"Portada","item":"https:\/\/deportesdigital.com.ve\/public\/"},{"@type":"ListItem","position":2,"name":"IMDEP inicia fase II de los Juegos Deportivos Comunales en Futsal"}]},{"@type":"WebSite","@id":"https:\/\/deportesdigital.com.ve\/public\/#website","url":"https:\/\/deportesdigital.com.ve\/public\/","name":"Deportes Digital","description":"Solo Deportes","publisher":{"@id":"https:\/\/deportesdigital.com.ve\/public\/#organization"},"potentialAction":[{"@type":"SearchAction","target":{"@type":"EntryPoint","urlTemplate":"https:\/\/deportesdigital.com.ve\/public\/?s={search_term_string}"},"query-input":{"@type":"PropertyValueSpecification","valueRequired":true,"valueName":"search_term_string"}}],"inLanguage":"es"},{"@type":"Organization","@id":"https:\/\/deportesdigital.com.ve\/public\/#organization","name":"Deportes Digital","url":"https:\/\/deportesdigital.com.ve\/public\/","logo":{"@type":"ImageObject","inLanguage":"es","@id":"https:\/\/deportesdigital.com.ve\/public\/#\/schema\/logo\/image\/","url":"https:\/\/i0.wp.com\/deportesdigital.com.ve\/public\/wp-content\/uploads\/2023\/09\/1677066431475.png?fit=1032%2C624&ssl=1","contentUrl":"https:\/\/i0.wp.com\/deportesdigital.com.ve\/public\/wp-content\/uploads\/2023\/09\/1677066431475.png?fit=1032%2C624&ssl=1","width":1032,"height":624,"caption":"Deportes Digital"},"image":{"@id":"https:\/\/deportesdigital.com.ve\/public\/#\/schema\/logo\/image\/"},"sameAs":["https:\/\/www.facebook.com\/DeportesDigitalZulia25","https:\/\/x.com\/deporteszulia","https:\/\/www.instagram.com\/deportesdigitalzulia\/"]},{"@type":"Person","@id":"https:\/\/deportesdigital.com.ve\/public\/#\/schema\/person\/57d2f23f17d761b1672066d1905e88a0","name":"luisg15","image":{"@type":"ImageObject","inLanguage":"es","@id":"https:\/\/secure.gravatar.com\/avatar\/4d424b63ebd2800d281b824141af3d97c1332dfdda83d70b2057085925af58a3?s=96&d=mm&r=g","url":"https:\/\/secure.gravatar.com\/avatar\/4d424b63ebd2800d281b824141af3d97c1332dfdda83d70b2057085925af58a3?s=96&d=mm&r=g","contentUrl":"https:\/\/secure.gravatar.com\/avatar\/4d424b63ebd2800d281b824141af3d97c1332dfdda83d70b2057085925af58a3?s=96&d=mm&r=g","caption":"luisg15"},"description":"Medio de Comunicaci\u00f3n digital dedicado al deporte menor","sameAs":["https:\/\/deportesdigital.com.ve\/public"],"url":"https:\/\/deportesdigital.com.ve\/public\/author\/luisg15\/"}]}},"_links":{"self":[{"href":"https:\/\/deportesdigital.com.ve\/public\/wp-json\/wp\/v2\/posts\/109662","targetHints":{"allow":["GET"]}}],"collection":[{"href":"https:\/\/deportesdigital.com.ve\/public\/wp-json\/wp\/v2\/posts"}],"about":[{"href":"https:\/\/deportesdigital.com.ve\/public\/wp-json\/wp\/v2\/types\/post"}],"author":[{"embeddable":true,"href":"https:\/\/deportesdigital.com.ve\/public\/wp-json\/wp\/v2\/users\/1"}],"replies":[{"embeddable":true,"href":"https:\/\/deportesdigital.com.ve\/public\/wp-json\/wp\/v2\/comments?post=109662"}],"version-history":[{"count":1,"href":"https:\/\/deportesdigital.com.ve\/public\/wp-json\/wp\/v2\/posts\/109662\/revisions"}],"predecessor-version":[{"id":109665,"href":"https:\/\/deportesdigital.com.ve\/public\/wp-json\/wp\/v2\/posts\/109662\/revisions\/109665"}],"wp:featuredmedia":[{"embeddable":true,"href":"https:\/\/deportesdigital.com.ve\/public\/wp-json\/wp\/v2\/media\/109663"}],"wp:attachment":[{"href":"https:\/\/deportesdigital.com.ve\/public\/wp-json\/wp\/v2\/media?parent=109662"}],"wp:term":[{"taxonomy":"category","embeddable":true,"href":"https:\/\/deportesdigital.com.ve\/public\/wp-json\/wp\/v2\/categories?post=109662"},{"taxonomy":"post_tag","embeddable":true,"href":"https:\/\/deportesdigital.com.ve\/public\/wp-json\/wp\/v2\/tags?post=109662"}],"curies":[{"name":"wp","href":"https:\/\/api.w.org\/{rel}","templated":true}]}}