{"id":109592,"date":"2025-10-21T14:15:18","date_gmt":"2025-10-21T18:15:18","guid":{"rendered":"https:\/\/deportesdigital.com.ve\/public\/?p=109592"},"modified":"2025-10-21T14:15:18","modified_gmt":"2025-10-21T18:15:18","slug":"arranco-la-septima-semana-del-torneo-apertura-de-la-pequena-liga-cacique-mara","status":"publish","type":"post","link":"https:\/\/deportesdigital.com.ve\/public\/arranco-la-septima-semana-del-torneo-apertura-de-la-pequena-liga-cacique-mara\/","title":{"rendered":"Arranc\u00f3 la S\u00e9ptima Semana del Torneo Apertura de la Peque\u00f1a Liga Cacique Mara"},"content":{"rendered":"<p><strong><em>La organizaci\u00f3n peloteril ya se prepara para lo que era la temporada de competencias del 2026 del Directorio Nacional de Peque\u00f1a Liga.<\/em><\/strong><\/p>\n<hr \/>\n<p><strong><em>Jos\u00e9 Gil Deportes Digital\/Maracaibo:<\/em><\/strong> La Peque\u00f1a Liga Cacique Mara contin\u00faa a toda m\u00e1quina con la acci\u00f3n de su <strong>Torneo Apertura 2025-2026<\/strong>, dando inicio a la s\u00e9ptima semana de competencias en sus distintos escenarios y con actividad en siete categor\u00edas.<\/p>\n<p>La jornada de la s\u00e9ptima semana comenz\u00f3 con cinco emocionantes encuentros disputados en los estadios <strong>San Miguel<\/strong> y <strong>Enelven<\/strong>, mientras la organizaci\u00f3n peloteril ya se prepara para los desaf\u00edos del pr\u00f3ximo a\u00f1o.<\/p>\n<p><img loading=\"lazy\" decoding=\"async\" class=\" wp-image-109600 aligncenter\" src=\"https:\/\/deportesdigital.com.ve\/public\/wp-content\/uploads\/2025\/10\/8-1.jpg\" alt=\"\" width=\"698\" height=\"536\" srcset=\"https:\/\/deportesdigital.com.ve\/public\/wp-content\/uploads\/2025\/10\/8-1.jpg 800w, https:\/\/deportesdigital.com.ve\/public\/wp-content\/uploads\/2025\/10\/8-1-300x230.jpg 300w, https:\/\/deportesdigital.com.ve\/public\/wp-content\/uploads\/2025\/10\/8-1-768x589.jpg 768w, https:\/\/deportesdigital.com.ve\/public\/wp-content\/uploads\/2025\/10\/8-1-730x560.jpg 730w, https:\/\/deportesdigital.com.ve\/public\/wp-content\/uploads\/2025\/10\/8-1-435x334.jpg 435w, https:\/\/deportesdigital.com.ve\/public\/wp-content\/uploads\/2025\/10\/8-1-80x60.jpg 80w\" sizes=\"auto, (max-width: 698px) 100vw, 698px\" \/><\/p>\n<p><strong>Richard Morillo<\/strong>, presidente encargado de la Peque\u00f1a Liga Cacique Mara, inform\u00f3 que la liga \u00abcontin\u00faa con su trabajo a toda m\u00e1quina, recuperando espacios y sobre todo atendiendo lo m\u00e1s importante, a nuestros peloteros, mientras seguimos con el torneo apertura\u00bb.<\/p>\n<p><img loading=\"lazy\" decoding=\"async\" class=\"size-full wp-image-109602 aligncenter\" src=\"https:\/\/deportesdigital.com.ve\/public\/wp-content\/uploads\/2025\/10\/10.jpg\" alt=\"\" width=\"800\" height=\"443\" srcset=\"https:\/\/deportesdigital.com.ve\/public\/wp-content\/uploads\/2025\/10\/10.jpg 800w, https:\/\/deportesdigital.com.ve\/public\/wp-content\/uploads\/2025\/10\/10-300x166.jpg 300w, https:\/\/deportesdigital.com.ve\/public\/wp-content\/uploads\/2025\/10\/10-768x425.jpg 768w, https:\/\/deportesdigital.com.ve\/public\/wp-content\/uploads\/2025\/10\/10-730x404.jpg 730w, https:\/\/deportesdigital.com.ve\/public\/wp-content\/uploads\/2025\/10\/10-435x241.jpg 435w\" sizes=\"auto, (max-width: 800px) 100vw, 800px\" \/><\/p>\n<h3>Enfoque en el 2026 y la Zona 2<\/h3>\n<p>Morillo indic\u00f3 que la organizaci\u00f3n ya inici\u00f3 los entrenamientos con las preselecciones para lo que ser\u00e1n las diferentes competencias del <strong>Directorio Nacional de Peque\u00f1as Ligas en 2026<\/strong> en la Zona 2. En esta fase, competir\u00e1n contra las organizaciones <strong>La Limpia<\/strong> y la reci\u00e9n fundada <strong>Judith de Negrette<\/strong>.<\/p>\n<p><img loading=\"lazy\" decoding=\"async\" class=\"size-full wp-image-109597 aligncenter\" src=\"https:\/\/deportesdigital.com.ve\/public\/wp-content\/uploads\/2025\/10\/5-1.jpg\" alt=\"\" width=\"800\" height=\"545\" srcset=\"https:\/\/deportesdigital.com.ve\/public\/wp-content\/uploads\/2025\/10\/5-1.jpg 800w, https:\/\/deportesdigital.com.ve\/public\/wp-content\/uploads\/2025\/10\/5-1-300x204.jpg 300w, https:\/\/deportesdigital.com.ve\/public\/wp-content\/uploads\/2025\/10\/5-1-768x523.jpg 768w, https:\/\/deportesdigital.com.ve\/public\/wp-content\/uploads\/2025\/10\/5-1-730x497.jpg 730w, https:\/\/deportesdigital.com.ve\/public\/wp-content\/uploads\/2025\/10\/5-1-435x296.jpg 435w\" sizes=\"auto, (max-width: 800px) 100vw, 800px\" \/><\/p>\n<p>\u00abEstamos trabajando con el prop\u00f3sito de hacer un buen papel y con la meta de seguir creciendo en la formaci\u00f3n, desarrollo social y deportivo,\u00bb afirm\u00f3 Morillo.<\/p>\n<h3>Resultados de la Jornada Inicial<\/h3>\n<p><img loading=\"lazy\" decoding=\"async\" class=\"size-full wp-image-109601 aligncenter\" src=\"https:\/\/deportesdigital.com.ve\/public\/wp-content\/uploads\/2025\/10\/9-1.jpg\" alt=\"\" width=\"800\" height=\"657\" srcset=\"https:\/\/deportesdigital.com.ve\/public\/wp-content\/uploads\/2025\/10\/9-1.jpg 800w, https:\/\/deportesdigital.com.ve\/public\/wp-content\/uploads\/2025\/10\/9-1-300x246.jpg 300w, https:\/\/deportesdigital.com.ve\/public\/wp-content\/uploads\/2025\/10\/9-1-768x631.jpg 768w, https:\/\/deportesdigital.com.ve\/public\/wp-content\/uploads\/2025\/10\/9-1-730x600.jpg 730w, https:\/\/deportesdigital.com.ve\/public\/wp-content\/uploads\/2025\/10\/9-1-435x357.jpg 435w\" sizes=\"auto, (max-width: 800px) 100vw, 800px\" \/><\/p>\n<p>La jornada arranc\u00f3 con encuentros cerrados y llenos de emoci\u00f3n:<\/p>\n<p><strong>Estadio San Miguel (Categor\u00eda Preinfantil)<\/strong><\/p>\n<p><img loading=\"lazy\" decoding=\"async\" class=\"alignnone size-full wp-image-109594\" src=\"https:\/\/deportesdigital.com.ve\/public\/wp-content\/uploads\/2025\/10\/2-1.jpg\" alt=\"\" width=\"800\" height=\"583\" srcset=\"https:\/\/deportesdigital.com.ve\/public\/wp-content\/uploads\/2025\/10\/2-1.jpg 800w, https:\/\/deportesdigital.com.ve\/public\/wp-content\/uploads\/2025\/10\/2-1-300x219.jpg 300w, https:\/\/deportesdigital.com.ve\/public\/wp-content\/uploads\/2025\/10\/2-1-768x560.jpg 768w, https:\/\/deportesdigital.com.ve\/public\/wp-content\/uploads\/2025\/10\/2-1-730x532.jpg 730w, https:\/\/deportesdigital.com.ve\/public\/wp-content\/uploads\/2025\/10\/2-1-435x317.jpg 435w\" sizes=\"auto, (max-width: 800px) 100vw, 800px\" \/><\/p>\n<ul>\n<li><strong>Mets (7)<\/strong> se quedaron con una ajustada victoria 7-6 ante la novena de <strong>Tigres<\/strong>.\n<ul>\n<li>La victoria fue para el lanzador <strong>Mathias P\u00e9rez<\/strong>, quien tambi\u00e9n fue el <strong>MVP<\/strong> del encuentro, y la derrota para Emmanuel Fuenmayor.<\/li>\n<li><strong>Por Mets destacaron:<\/strong> Richard Uzcategui (2-2, 1 doble, 1 CE), Isa\u00edas Mele\u00e1n (2-1, 1 doble, 1 CE, 1 CA), Mathias Hidalgo (1-1, 1 CE, 1 CA).<\/li>\n<li><strong>Por Tigres destacaron:<\/strong> Juan Basabe (3-2, 1 doble, 2 CA), Alejandro G\u00f3mez (3-2, 1 doble, 2 CE).<\/li>\n<\/ul>\n<\/li>\n<\/ul>\n<p><img loading=\"lazy\" decoding=\"async\" class=\"size-full wp-image-109593 aligncenter\" src=\"https:\/\/deportesdigital.com.ve\/public\/wp-content\/uploads\/2025\/10\/1.jpg\" alt=\"\" width=\"800\" height=\"695\" srcset=\"https:\/\/deportesdigital.com.ve\/public\/wp-content\/uploads\/2025\/10\/1.jpg 800w, https:\/\/deportesdigital.com.ve\/public\/wp-content\/uploads\/2025\/10\/1-300x261.jpg 300w, https:\/\/deportesdigital.com.ve\/public\/wp-content\/uploads\/2025\/10\/1-768x667.jpg 768w, https:\/\/deportesdigital.com.ve\/public\/wp-content\/uploads\/2025\/10\/1-730x634.jpg 730w, https:\/\/deportesdigital.com.ve\/public\/wp-content\/uploads\/2025\/10\/1-435x378.jpg 435w\" sizes=\"auto, (max-width: 800px) 100vw, 800px\" \/><\/p>\n<p><strong>Estadio Enelven<\/strong><\/p>\n<ul>\n<li><strong>Categor\u00eda Preinfantil (Empates):<\/strong>\n<ul>\n<li><strong>Cachorros<\/strong> y <strong>La Rotaria<\/strong> pactaron a seis carreras (<strong>6-6<\/strong>).<\/li>\n<li><strong>Phillies<\/strong> y <strong>Tampa<\/strong> originaron el segundo empate de la jornada con pizarra de <strong>3-3<\/strong>.<\/li>\n<\/ul>\n<\/li>\n<li><strong>Categor\u00eda Pitoquito (Victoria):<\/strong>\n<ul>\n<li>El equipo de <strong>La Rotaria<\/strong> sum\u00f3 una victoria de <strong>6-2<\/strong> ante la novena de <strong>Cachorros<\/strong>.<\/li>\n<\/ul>\n<\/li>\n<li><strong>Cierre de Jornada:<\/strong>\n<ul>\n<li>La jornada culmin\u00f3 con la victoria del equipo de <strong>JD (4)<\/strong> contra la novena de <strong>Phillies (2)<\/strong>.<\/li>\n<\/ul>\n<\/li>\n<\/ul>\n<p><strong><em>Sigue esta y otras #Noticias ingresando a nuestras plataformas digitales Deportes Digital, en Instagram, Facebook, Twitter, y en nuestros grupos de Whatsapp y Telegram.<\/em><\/strong><\/p>\n<p><img loading=\"lazy\" decoding=\"async\" class=\"alignnone size-full wp-image-109603\" src=\"https:\/\/deportesdigital.com.ve\/public\/wp-content\/uploads\/2025\/10\/11.jpg\" alt=\"\" width=\"800\" height=\"732\" srcset=\"https:\/\/deportesdigital.com.ve\/public\/wp-content\/uploads\/2025\/10\/11.jpg 800w, https:\/\/deportesdigital.com.ve\/public\/wp-content\/uploads\/2025\/10\/11-300x275.jpg 300w, https:\/\/deportesdigital.com.ve\/public\/wp-content\/uploads\/2025\/10\/11-768x703.jpg 768w, https:\/\/deportesdigital.com.ve\/public\/wp-content\/uploads\/2025\/10\/11-730x668.jpg 730w, https:\/\/deportesdigital.com.ve\/public\/wp-content\/uploads\/2025\/10\/11-435x398.jpg 435w\" sizes=\"auto, (max-width: 800px) 100vw, 800px\" \/> <img loading=\"lazy\" decoding=\"async\" class=\"alignnone size-full wp-image-109598\" src=\"https:\/\/deportesdigital.com.ve\/public\/wp-content\/uploads\/2025\/10\/6-1.jpg\" alt=\"\" width=\"800\" height=\"698\" srcset=\"https:\/\/deportesdigital.com.ve\/public\/wp-content\/uploads\/2025\/10\/6-1.jpg 800w, https:\/\/deportesdigital.com.ve\/public\/wp-content\/uploads\/2025\/10\/6-1-300x262.jpg 300w, https:\/\/deportesdigital.com.ve\/public\/wp-content\/uploads\/2025\/10\/6-1-768x670.jpg 768w, https:\/\/deportesdigital.com.ve\/public\/wp-content\/uploads\/2025\/10\/6-1-730x637.jpg 730w, https:\/\/deportesdigital.com.ve\/public\/wp-content\/uploads\/2025\/10\/6-1-435x380.jpg 435w\" sizes=\"auto, (max-width: 800px) 100vw, 800px\" \/> <img loading=\"lazy\" decoding=\"async\" class=\"alignnone size-full wp-image-109595\" src=\"https:\/\/deportesdigital.com.ve\/public\/wp-content\/uploads\/2025\/10\/3-1.jpg\" alt=\"\" width=\"800\" height=\"671\" srcset=\"https:\/\/deportesdigital.com.ve\/public\/wp-content\/uploads\/2025\/10\/3-1.jpg 800w, https:\/\/deportesdigital.com.ve\/public\/wp-content\/uploads\/2025\/10\/3-1-300x252.jpg 300w, https:\/\/deportesdigital.com.ve\/public\/wp-content\/uploads\/2025\/10\/3-1-768x644.jpg 768w, https:\/\/deportesdigital.com.ve\/public\/wp-content\/uploads\/2025\/10\/3-1-730x612.jpg 730w, https:\/\/deportesdigital.com.ve\/public\/wp-content\/uploads\/2025\/10\/3-1-435x365.jpg 435w\" sizes=\"auto, (max-width: 800px) 100vw, 800px\" \/> <img loading=\"lazy\" decoding=\"async\" class=\"alignnone size-full wp-image-109596\" src=\"https:\/\/deportesdigital.com.ve\/public\/wp-content\/uploads\/2025\/10\/4-1.jpg\" alt=\"\" width=\"800\" height=\"944\" srcset=\"https:\/\/deportesdigital.com.ve\/public\/wp-content\/uploads\/2025\/10\/4-1.jpg 800w, https:\/\/deportesdigital.com.ve\/public\/wp-content\/uploads\/2025\/10\/4-1-254x300.jpg 254w, https:\/\/deportesdigital.com.ve\/public\/wp-content\/uploads\/2025\/10\/4-1-768x906.jpg 768w, https:\/\/deportesdigital.com.ve\/public\/wp-content\/uploads\/2025\/10\/4-1-730x861.jpg 730w, https:\/\/deportesdigital.com.ve\/public\/wp-content\/uploads\/2025\/10\/4-1-435x513.jpg 435w\" sizes=\"auto, (max-width: 800px) 100vw, 800px\" \/><\/p>\n<p>&nbsp;<\/p>\n","protected":false},"excerpt":{"rendered":"<p>La organizaci\u00f3n peloteril ya se prepara para lo que era la temporada de competencias del 2026 del Directorio Nacional de Peque\u00f1a Liga. Jos\u00e9 Gil Deportes Digital\/Maracaibo: La Peque\u00f1a Liga Cacique [&hellip;]<\/p>\n","protected":false},"author":1,"featured_media":109594,"comment_status":"open","ping_status":"closed","sticky":false,"template":"","format":"standard","meta":{"footnotes":""},"categories":[1],"tags":[1308,44,881,123,4800,759],"class_list":["post-109592","post","type-post","status-publish","format-standard","has-post-thumbnail","hentry","category-sin-categoria","tag-apertura","tag-beisbol","tag-cacique-mara","tag-pequenaliga","tag-septima-semna","tag-torneo","clearfix"],"yoast_head":"<!-- This site is optimized with the Yoast SEO plugin v27.8 - https:\/\/yoast.com\/product\/yoast-seo-wordpress\/ -->\n<title>Arranc\u00f3 la S\u00e9ptima Semana del Torneo Apertura de la Peque\u00f1a Liga Cacique Mara - Deportes Digital<\/title>\n<meta name=\"robots\" content=\"index, follow, max-snippet:-1, max-image-preview:large, max-video-preview:-1\" \/>\n<link rel=\"canonical\" href=\"https:\/\/deportesdigital.com.ve\/public\/arranco-la-septima-semana-del-torneo-apertura-de-la-pequena-liga-cacique-mara\/\" \/>\n<meta property=\"og:locale\" content=\"es_ES\" \/>\n<meta property=\"og:type\" content=\"article\" \/>\n<meta property=\"og:title\" content=\"Arranc\u00f3 la S\u00e9ptima Semana del Torneo Apertura de la Peque\u00f1a Liga Cacique Mara - Deportes Digital\" \/>\n<meta property=\"og:description\" content=\"La organizaci\u00f3n peloteril ya se prepara para lo que era la temporada de competencias del 2026 del Directorio Nacional de Peque\u00f1a Liga. Jos\u00e9 Gil Deportes Digital\/Maracaibo: La Peque\u00f1a Liga Cacique [&hellip;]\" \/>\n<meta property=\"og:url\" content=\"https:\/\/deportesdigital.com.ve\/public\/arranco-la-septima-semana-del-torneo-apertura-de-la-pequena-liga-cacique-mara\/\" \/>\n<meta property=\"og:site_name\" content=\"Deportes Digital\" \/>\n<meta property=\"article:publisher\" content=\"https:\/\/www.facebook.com\/DeportesDigitalZulia25\" \/>\n<meta property=\"article:published_time\" content=\"2025-10-21T18:15:18+00:00\" \/>\n<meta property=\"og:image\" content=\"https:\/\/deportesdigital.com.ve\/public\/wp-content\/uploads\/2025\/10\/2-1.jpg\" \/>\n\t<meta property=\"og:image:width\" content=\"800\" \/>\n\t<meta property=\"og:image:height\" content=\"583\" \/>\n\t<meta property=\"og:image:type\" content=\"image\/jpeg\" \/>\n<meta name=\"author\" content=\"luisg15\" \/>\n<meta name=\"twitter:card\" content=\"summary_large_image\" \/>\n<meta name=\"twitter:creator\" content=\"@deporteszulia\" \/>\n<meta name=\"twitter:site\" content=\"@deporteszulia\" \/>\n<meta name=\"twitter:label1\" content=\"Escrito por\" \/>\n\t<meta name=\"twitter:data1\" content=\"luisg15\" \/>\n\t<meta name=\"twitter:label2\" content=\"Tiempo de lectura\" \/>\n\t<meta name=\"twitter:data2\" content=\"2 minutos\" \/>\n<script type=\"application\/ld+json\" class=\"yoast-schema-graph\">{\"@context\":\"https:\\\/\\\/schema.org\",\"@graph\":[{\"@type\":\"Article\",\"@id\":\"https:\\\/\\\/deportesdigital.com.ve\\\/public\\\/arranco-la-septima-semana-del-torneo-apertura-de-la-pequena-liga-cacique-mara\\\/#article\",\"isPartOf\":{\"@id\":\"https:\\\/\\\/deportesdigital.com.ve\\\/public\\\/arranco-la-septima-semana-del-torneo-apertura-de-la-pequena-liga-cacique-mara\\\/\"},\"author\":{\"name\":\"luisg15\",\"@id\":\"https:\\\/\\\/deportesdigital.com.ve\\\/public\\\/#\\\/schema\\\/person\\\/57d2f23f17d761b1672066d1905e88a0\"},\"headline\":\"Arranc\u00f3 la S\u00e9ptima Semana del Torneo Apertura de la Peque\u00f1a Liga Cacique Mara\",\"datePublished\":\"2025-10-21T18:15:18+00:00\",\"mainEntityOfPage\":{\"@id\":\"https:\\\/\\\/deportesdigital.com.ve\\\/public\\\/arranco-la-septima-semana-del-torneo-apertura-de-la-pequena-liga-cacique-mara\\\/\"},\"wordCount\":432,\"commentCount\":0,\"publisher\":{\"@id\":\"https:\\\/\\\/deportesdigital.com.ve\\\/public\\\/#organization\"},\"image\":{\"@id\":\"https:\\\/\\\/deportesdigital.com.ve\\\/public\\\/arranco-la-septima-semana-del-torneo-apertura-de-la-pequena-liga-cacique-mara\\\/#primaryimage\"},\"thumbnailUrl\":\"https:\\\/\\\/deportesdigital.com.ve\\\/public\\\/wp-content\\\/uploads\\\/2025\\\/10\\\/2-1.jpg\",\"keywords\":[\"apertura\",\"beisbol\",\"cacique mara\",\"peque\u00f1aliga\",\"septima semna\",\"torneo\"],\"inLanguage\":\"es\",\"potentialAction\":[{\"@type\":\"CommentAction\",\"name\":\"Comment\",\"target\":[\"https:\\\/\\\/deportesdigital.com.ve\\\/public\\\/arranco-la-septima-semana-del-torneo-apertura-de-la-pequena-liga-cacique-mara\\\/#respond\"]}]},{\"@type\":\"WebPage\",\"@id\":\"https:\\\/\\\/deportesdigital.com.ve\\\/public\\\/arranco-la-septima-semana-del-torneo-apertura-de-la-pequena-liga-cacique-mara\\\/\",\"url\":\"https:\\\/\\\/deportesdigital.com.ve\\\/public\\\/arranco-la-septima-semana-del-torneo-apertura-de-la-pequena-liga-cacique-mara\\\/\",\"name\":\"Arranc\u00f3 la S\u00e9ptima Semana del Torneo Apertura de la Peque\u00f1a Liga Cacique Mara - Deportes Digital\",\"isPartOf\":{\"@id\":\"https:\\\/\\\/deportesdigital.com.ve\\\/public\\\/#website\"},\"primaryImageOfPage\":{\"@id\":\"https:\\\/\\\/deportesdigital.com.ve\\\/public\\\/arranco-la-septima-semana-del-torneo-apertura-de-la-pequena-liga-cacique-mara\\\/#primaryimage\"},\"image\":{\"@id\":\"https:\\\/\\\/deportesdigital.com.ve\\\/public\\\/arranco-la-septima-semana-del-torneo-apertura-de-la-pequena-liga-cacique-mara\\\/#primaryimage\"},\"thumbnailUrl\":\"https:\\\/\\\/deportesdigital.com.ve\\\/public\\\/wp-content\\\/uploads\\\/2025\\\/10\\\/2-1.jpg\",\"datePublished\":\"2025-10-21T18:15:18+00:00\",\"breadcrumb\":{\"@id\":\"https:\\\/\\\/deportesdigital.com.ve\\\/public\\\/arranco-la-septima-semana-del-torneo-apertura-de-la-pequena-liga-cacique-mara\\\/#breadcrumb\"},\"inLanguage\":\"es\",\"potentialAction\":[{\"@type\":\"ReadAction\",\"target\":[\"https:\\\/\\\/deportesdigital.com.ve\\\/public\\\/arranco-la-septima-semana-del-torneo-apertura-de-la-pequena-liga-cacique-mara\\\/\"]}]},{\"@type\":\"ImageObject\",\"inLanguage\":\"es\",\"@id\":\"https:\\\/\\\/deportesdigital.com.ve\\\/public\\\/arranco-la-septima-semana-del-torneo-apertura-de-la-pequena-liga-cacique-mara\\\/#primaryimage\",\"url\":\"https:\\\/\\\/deportesdigital.com.ve\\\/public\\\/wp-content\\\/uploads\\\/2025\\\/10\\\/2-1.jpg\",\"contentUrl\":\"https:\\\/\\\/deportesdigital.com.ve\\\/public\\\/wp-content\\\/uploads\\\/2025\\\/10\\\/2-1.jpg\",\"width\":800,\"height\":583},{\"@type\":\"BreadcrumbList\",\"@id\":\"https:\\\/\\\/deportesdigital.com.ve\\\/public\\\/arranco-la-septima-semana-del-torneo-apertura-de-la-pequena-liga-cacique-mara\\\/#breadcrumb\",\"itemListElement\":[{\"@type\":\"ListItem\",\"position\":1,\"name\":\"Portada\",\"item\":\"https:\\\/\\\/deportesdigital.com.ve\\\/public\\\/\"},{\"@type\":\"ListItem\",\"position\":2,\"name\":\"Arranc\u00f3 la S\u00e9ptima Semana del Torneo Apertura de la Peque\u00f1a Liga Cacique Mara\"}]},{\"@type\":\"WebSite\",\"@id\":\"https:\\\/\\\/deportesdigital.com.ve\\\/public\\\/#website\",\"url\":\"https:\\\/\\\/deportesdigital.com.ve\\\/public\\\/\",\"name\":\"Deportes Digital\",\"description\":\"Solo Deportes\",\"publisher\":{\"@id\":\"https:\\\/\\\/deportesdigital.com.ve\\\/public\\\/#organization\"},\"potentialAction\":[{\"@type\":\"SearchAction\",\"target\":{\"@type\":\"EntryPoint\",\"urlTemplate\":\"https:\\\/\\\/deportesdigital.com.ve\\\/public\\\/?s={search_term_string}\"},\"query-input\":{\"@type\":\"PropertyValueSpecification\",\"valueRequired\":true,\"valueName\":\"search_term_string\"}}],\"inLanguage\":\"es\"},{\"@type\":\"Organization\",\"@id\":\"https:\\\/\\\/deportesdigital.com.ve\\\/public\\\/#organization\",\"name\":\"Deportes Digital\",\"url\":\"https:\\\/\\\/deportesdigital.com.ve\\\/public\\\/\",\"logo\":{\"@type\":\"ImageObject\",\"inLanguage\":\"es\",\"@id\":\"https:\\\/\\\/deportesdigital.com.ve\\\/public\\\/#\\\/schema\\\/logo\\\/image\\\/\",\"url\":\"https:\\\/\\\/i0.wp.com\\\/deportesdigital.com.ve\\\/public\\\/wp-content\\\/uploads\\\/2023\\\/09\\\/1677066431475.png?fit=1032%2C624&ssl=1\",\"contentUrl\":\"https:\\\/\\\/i0.wp.com\\\/deportesdigital.com.ve\\\/public\\\/wp-content\\\/uploads\\\/2023\\\/09\\\/1677066431475.png?fit=1032%2C624&ssl=1\",\"width\":1032,\"height\":624,\"caption\":\"Deportes Digital\"},\"image\":{\"@id\":\"https:\\\/\\\/deportesdigital.com.ve\\\/public\\\/#\\\/schema\\\/logo\\\/image\\\/\"},\"sameAs\":[\"https:\\\/\\\/www.facebook.com\\\/DeportesDigitalZulia25\",\"https:\\\/\\\/x.com\\\/deporteszulia\",\"https:\\\/\\\/www.instagram.com\\\/deportesdigitalzulia\\\/\"]},{\"@type\":\"Person\",\"@id\":\"https:\\\/\\\/deportesdigital.com.ve\\\/public\\\/#\\\/schema\\\/person\\\/57d2f23f17d761b1672066d1905e88a0\",\"name\":\"luisg15\",\"image\":{\"@type\":\"ImageObject\",\"inLanguage\":\"es\",\"@id\":\"https:\\\/\\\/secure.gravatar.com\\\/avatar\\\/4d424b63ebd2800d281b824141af3d97c1332dfdda83d70b2057085925af58a3?s=96&d=mm&r=g\",\"url\":\"https:\\\/\\\/secure.gravatar.com\\\/avatar\\\/4d424b63ebd2800d281b824141af3d97c1332dfdda83d70b2057085925af58a3?s=96&d=mm&r=g\",\"contentUrl\":\"https:\\\/\\\/secure.gravatar.com\\\/avatar\\\/4d424b63ebd2800d281b824141af3d97c1332dfdda83d70b2057085925af58a3?s=96&d=mm&r=g\",\"caption\":\"luisg15\"},\"description\":\"Medio de Comunicaci\u00f3n digital dedicado al deporte menor\",\"sameAs\":[\"https:\\\/\\\/deportesdigital.com.ve\\\/public\"],\"url\":\"https:\\\/\\\/deportesdigital.com.ve\\\/public\\\/author\\\/luisg15\\\/\"}]}<\/script>\n<!-- \/ Yoast SEO plugin. -->","yoast_head_json":{"title":"Arranc\u00f3 la S\u00e9ptima Semana del Torneo Apertura de la Peque\u00f1a Liga Cacique Mara - Deportes Digital","robots":{"index":"index","follow":"follow","max-snippet":"max-snippet:-1","max-image-preview":"max-image-preview:large","max-video-preview":"max-video-preview:-1"},"canonical":"https:\/\/deportesdigital.com.ve\/public\/arranco-la-septima-semana-del-torneo-apertura-de-la-pequena-liga-cacique-mara\/","og_locale":"es_ES","og_type":"article","og_title":"Arranc\u00f3 la S\u00e9ptima Semana del Torneo Apertura de la Peque\u00f1a Liga Cacique Mara - Deportes Digital","og_description":"La organizaci\u00f3n peloteril ya se prepara para lo que era la temporada de competencias del 2026 del Directorio Nacional de Peque\u00f1a Liga. Jos\u00e9 Gil Deportes Digital\/Maracaibo: La Peque\u00f1a Liga Cacique [&hellip;]","og_url":"https:\/\/deportesdigital.com.ve\/public\/arranco-la-septima-semana-del-torneo-apertura-de-la-pequena-liga-cacique-mara\/","og_site_name":"Deportes Digital","article_publisher":"https:\/\/www.facebook.com\/DeportesDigitalZulia25","article_published_time":"2025-10-21T18:15:18+00:00","og_image":[{"width":800,"height":583,"url":"https:\/\/deportesdigital.com.ve\/public\/wp-content\/uploads\/2025\/10\/2-1.jpg","type":"image\/jpeg"}],"author":"luisg15","twitter_card":"summary_large_image","twitter_creator":"@deporteszulia","twitter_site":"@deporteszulia","twitter_misc":{"Escrito por":"luisg15","Tiempo de lectura":"2 minutos"},"schema":{"@context":"https:\/\/schema.org","@graph":[{"@type":"Article","@id":"https:\/\/deportesdigital.com.ve\/public\/arranco-la-septima-semana-del-torneo-apertura-de-la-pequena-liga-cacique-mara\/#article","isPartOf":{"@id":"https:\/\/deportesdigital.com.ve\/public\/arranco-la-septima-semana-del-torneo-apertura-de-la-pequena-liga-cacique-mara\/"},"author":{"name":"luisg15","@id":"https:\/\/deportesdigital.com.ve\/public\/#\/schema\/person\/57d2f23f17d761b1672066d1905e88a0"},"headline":"Arranc\u00f3 la S\u00e9ptima Semana del Torneo Apertura de la Peque\u00f1a Liga Cacique Mara","datePublished":"2025-10-21T18:15:18+00:00","mainEntityOfPage":{"@id":"https:\/\/deportesdigital.com.ve\/public\/arranco-la-septima-semana-del-torneo-apertura-de-la-pequena-liga-cacique-mara\/"},"wordCount":432,"commentCount":0,"publisher":{"@id":"https:\/\/deportesdigital.com.ve\/public\/#organization"},"image":{"@id":"https:\/\/deportesdigital.com.ve\/public\/arranco-la-septima-semana-del-torneo-apertura-de-la-pequena-liga-cacique-mara\/#primaryimage"},"thumbnailUrl":"https:\/\/deportesdigital.com.ve\/public\/wp-content\/uploads\/2025\/10\/2-1.jpg","keywords":["apertura","beisbol","cacique mara","peque\u00f1aliga","septima semna","torneo"],"inLanguage":"es","potentialAction":[{"@type":"CommentAction","name":"Comment","target":["https:\/\/deportesdigital.com.ve\/public\/arranco-la-septima-semana-del-torneo-apertura-de-la-pequena-liga-cacique-mara\/#respond"]}]},{"@type":"WebPage","@id":"https:\/\/deportesdigital.com.ve\/public\/arranco-la-septima-semana-del-torneo-apertura-de-la-pequena-liga-cacique-mara\/","url":"https:\/\/deportesdigital.com.ve\/public\/arranco-la-septima-semana-del-torneo-apertura-de-la-pequena-liga-cacique-mara\/","name":"Arranc\u00f3 la S\u00e9ptima Semana del Torneo Apertura de la Peque\u00f1a Liga Cacique Mara - Deportes Digital","isPartOf":{"@id":"https:\/\/deportesdigital.com.ve\/public\/#website"},"primaryImageOfPage":{"@id":"https:\/\/deportesdigital.com.ve\/public\/arranco-la-septima-semana-del-torneo-apertura-de-la-pequena-liga-cacique-mara\/#primaryimage"},"image":{"@id":"https:\/\/deportesdigital.com.ve\/public\/arranco-la-septima-semana-del-torneo-apertura-de-la-pequena-liga-cacique-mara\/#primaryimage"},"thumbnailUrl":"https:\/\/deportesdigital.com.ve\/public\/wp-content\/uploads\/2025\/10\/2-1.jpg","datePublished":"2025-10-21T18:15:18+00:00","breadcrumb":{"@id":"https:\/\/deportesdigital.com.ve\/public\/arranco-la-septima-semana-del-torneo-apertura-de-la-pequena-liga-cacique-mara\/#breadcrumb"},"inLanguage":"es","potentialAction":[{"@type":"ReadAction","target":["https:\/\/deportesdigital.com.ve\/public\/arranco-la-septima-semana-del-torneo-apertura-de-la-pequena-liga-cacique-mara\/"]}]},{"@type":"ImageObject","inLanguage":"es","@id":"https:\/\/deportesdigital.com.ve\/public\/arranco-la-septima-semana-del-torneo-apertura-de-la-pequena-liga-cacique-mara\/#primaryimage","url":"https:\/\/deportesdigital.com.ve\/public\/wp-content\/uploads\/2025\/10\/2-1.jpg","contentUrl":"https:\/\/deportesdigital.com.ve\/public\/wp-content\/uploads\/2025\/10\/2-1.jpg","width":800,"height":583},{"@type":"BreadcrumbList","@id":"https:\/\/deportesdigital.com.ve\/public\/arranco-la-septima-semana-del-torneo-apertura-de-la-pequena-liga-cacique-mara\/#breadcrumb","itemListElement":[{"@type":"ListItem","position":1,"name":"Portada","item":"https:\/\/deportesdigital.com.ve\/public\/"},{"@type":"ListItem","position":2,"name":"Arranc\u00f3 la S\u00e9ptima Semana del Torneo Apertura de la Peque\u00f1a Liga Cacique Mara"}]},{"@type":"WebSite","@id":"https:\/\/deportesdigital.com.ve\/public\/#website","url":"https:\/\/deportesdigital.com.ve\/public\/","name":"Deportes Digital","description":"Solo Deportes","publisher":{"@id":"https:\/\/deportesdigital.com.ve\/public\/#organization"},"potentialAction":[{"@type":"SearchAction","target":{"@type":"EntryPoint","urlTemplate":"https:\/\/deportesdigital.com.ve\/public\/?s={search_term_string}"},"query-input":{"@type":"PropertyValueSpecification","valueRequired":true,"valueName":"search_term_string"}}],"inLanguage":"es"},{"@type":"Organization","@id":"https:\/\/deportesdigital.com.ve\/public\/#organization","name":"Deportes Digital","url":"https:\/\/deportesdigital.com.ve\/public\/","logo":{"@type":"ImageObject","inLanguage":"es","@id":"https:\/\/deportesdigital.com.ve\/public\/#\/schema\/logo\/image\/","url":"https:\/\/i0.wp.com\/deportesdigital.com.ve\/public\/wp-content\/uploads\/2023\/09\/1677066431475.png?fit=1032%2C624&ssl=1","contentUrl":"https:\/\/i0.wp.com\/deportesdigital.com.ve\/public\/wp-content\/uploads\/2023\/09\/1677066431475.png?fit=1032%2C624&ssl=1","width":1032,"height":624,"caption":"Deportes Digital"},"image":{"@id":"https:\/\/deportesdigital.com.ve\/public\/#\/schema\/logo\/image\/"},"sameAs":["https:\/\/www.facebook.com\/DeportesDigitalZulia25","https:\/\/x.com\/deporteszulia","https:\/\/www.instagram.com\/deportesdigitalzulia\/"]},{"@type":"Person","@id":"https:\/\/deportesdigital.com.ve\/public\/#\/schema\/person\/57d2f23f17d761b1672066d1905e88a0","name":"luisg15","image":{"@type":"ImageObject","inLanguage":"es","@id":"https:\/\/secure.gravatar.com\/avatar\/4d424b63ebd2800d281b824141af3d97c1332dfdda83d70b2057085925af58a3?s=96&d=mm&r=g","url":"https:\/\/secure.gravatar.com\/avatar\/4d424b63ebd2800d281b824141af3d97c1332dfdda83d70b2057085925af58a3?s=96&d=mm&r=g","contentUrl":"https:\/\/secure.gravatar.com\/avatar\/4d424b63ebd2800d281b824141af3d97c1332dfdda83d70b2057085925af58a3?s=96&d=mm&r=g","caption":"luisg15"},"description":"Medio de Comunicaci\u00f3n digital dedicado al deporte menor","sameAs":["https:\/\/deportesdigital.com.ve\/public"],"url":"https:\/\/deportesdigital.com.ve\/public\/author\/luisg15\/"}]}},"_links":{"self":[{"href":"https:\/\/deportesdigital.com.ve\/public\/wp-json\/wp\/v2\/posts\/109592","targetHints":{"allow":["GET"]}}],"collection":[{"href":"https:\/\/deportesdigital.com.ve\/public\/wp-json\/wp\/v2\/posts"}],"about":[{"href":"https:\/\/deportesdigital.com.ve\/public\/wp-json\/wp\/v2\/types\/post"}],"author":[{"embeddable":true,"href":"https:\/\/deportesdigital.com.ve\/public\/wp-json\/wp\/v2\/users\/1"}],"replies":[{"embeddable":true,"href":"https:\/\/deportesdigital.com.ve\/public\/wp-json\/wp\/v2\/comments?post=109592"}],"version-history":[{"count":1,"href":"https:\/\/deportesdigital.com.ve\/public\/wp-json\/wp\/v2\/posts\/109592\/revisions"}],"predecessor-version":[{"id":109604,"href":"https:\/\/deportesdigital.com.ve\/public\/wp-json\/wp\/v2\/posts\/109592\/revisions\/109604"}],"wp:featuredmedia":[{"embeddable":true,"href":"https:\/\/deportesdigital.com.ve\/public\/wp-json\/wp\/v2\/media\/109594"}],"wp:attachment":[{"href":"https:\/\/deportesdigital.com.ve\/public\/wp-json\/wp\/v2\/media?parent=109592"}],"wp:term":[{"taxonomy":"category","embeddable":true,"href":"https:\/\/deportesdigital.com.ve\/public\/wp-json\/wp\/v2\/categories?post=109592"},{"taxonomy":"post_tag","embeddable":true,"href":"https:\/\/deportesdigital.com.ve\/public\/wp-json\/wp\/v2\/tags?post=109592"}],"curies":[{"name":"wp","href":"https:\/\/api.w.org\/{rel}","templated":true}]}}