{"id":109589,"date":"2025-10-21T11:14:50","date_gmt":"2025-10-21T15:14:50","guid":{"rendered":"https:\/\/deportesdigital.com.ve\/public\/?p=109589"},"modified":"2025-10-21T11:14:50","modified_gmt":"2025-10-21T15:14:50","slug":"el-complejo-celebra-su-torneo-segundo-aniversario","status":"publish","type":"post","link":"https:\/\/deportesdigital.com.ve\/public\/el-complejo-celebra-su-torneo-segundo-aniversario\/","title":{"rendered":"\u201cEl Complejo\u201d celebra su Torneo Segundo Aniversario"},"content":{"rendered":"<p><strong><em>La fiesta aniversaria arrancara la tercera semana de octubre Torneo Especial en las categor\u00edas de \u201cSuma Once Masculino\u201d y \u201cFestival de Pelota de Colores Roja, Naranja y Verde\u201d.<\/em><\/strong><\/p>\n<hr \/>\n<p><strong><em>\u00a0<\/em><\/strong><strong><em>Nota de Prensa:<\/em><\/strong> Desde hace dos a\u00f1os \u201cEl Complejo\u201d abri\u00f3 sus puertas para permitirle a miles de ni\u00f1os y j\u00f3venes de Maracaibo, y municipios vecinos, vivir su sue\u00f1o de entrenar como tenistas en un ambiente propicio y de la mano de un personal que est\u00e1 capacitado y actualizado para instruir y ser gu\u00edas a trav\u00e9s del deporte de la formaci\u00f3n de buenos ciudadanos.<\/p>\n<p>Por ello, ahora que cumple su segundo aniversario, no hay mejor manera de celebrarlo que dentro de la cancha y, en este sentido, ya todo est\u00e1 listo para el Torneo Especial II Aniversario, el cual se realizar\u00e1 a partir de la tercera semana de octubre en las categor\u00edas de \u201cSuma Once Masculino\u201d y \u201cFestival de Pelota de Colores Roja, Naranja y Verde\u201d<\/p>\n<p>Desde la direcci\u00f3n de \u201cEl Complejo\u201d la ex tenista ol\u00edmpica, Dahilmar S\u00e1ez, destac\u00f3 que <strong><em>\u201cnada mejor que celebrar un nuevo cumplea\u00f1os trabajando. Estos dos a\u00f1os han sido de trabajo fuerte, pero nuestra mejor recompensa es ver a todos nuestros alumnos evolucionando y ubic\u00e1ndose entre los mejores del ranking regional y nacional, adem\u00e1s teniendo gran proyecci\u00f3n y posibilidades, gracias al deporte y a las alianzas que hemos cosechado todo este tiempo, de ir a estudiar en otros pa\u00edses donde pueden seguir desarroll\u00e1ndose como jugadores\u201d<\/em><\/strong>, afirm\u00f3 S\u00e1ez, quien tambi\u00e9n dirige la academia (que lleva su mismo nombre) y que funciona tanto en las canchas de \u201cEl Complejo\u201d como en Vereda del Lago.<\/p>\n<p>S\u00e1ez dej\u00f3 abierta la invitaci\u00f3n a los tenistas de las dos categor\u00edas ya citadas a que sigan sum\u00e1ndose al evento, adem\u00e1s de agradecer a todos los patrocinantes y personas allegadas que permitir\u00e1n que este Torneo Especial II Aniversario cuente con premiaci\u00f3n y grandes sorpresas para los asistentes.<\/p>\n<p><strong><em>Sigue esta y otras #Noticias ingresando a nuestras plataformas digitales Deportes Digital, en Instagram, Facebook, Twitter, y en nuestros grupos de Whatsapp y Telegram<\/em><\/strong><\/p>\n<p>&nbsp;<\/p>\n<p>&nbsp;<\/p>\n","protected":false},"excerpt":{"rendered":"<p>La fiesta aniversaria arrancara la tercera semana de octubre Torneo Especial en las categor\u00edas de \u201cSuma Once Masculino\u201d y \u201cFestival de Pelota de Colores Roja, Naranja y Verde\u201d. \u00a0Nota de [&hellip;]<\/p>\n","protected":false},"author":1,"featured_media":109590,"comment_status":"open","ping_status":"closed","sticky":false,"template":"","format":"standard","meta":{"footnotes":""},"categories":[5],"tags":[224,4799,1544,759,38],"class_list":["post-109589","post","type-post","status-publish","format-standard","has-post-thumbnail","hentry","category-otrosdeportes","tag-anivesario","tag-elcomplejo","tag-tenis","tag-torneo","tag-zulia","clearfix"],"yoast_head":"<!-- This site is optimized with the Yoast SEO plugin v27.8 - https:\/\/yoast.com\/product\/yoast-seo-wordpress\/ -->\n<title>\u201cEl Complejo\u201d celebra su Torneo Segundo Aniversario - Deportes Digital<\/title>\n<meta name=\"robots\" content=\"index, follow, max-snippet:-1, max-image-preview:large, max-video-preview:-1\" \/>\n<link rel=\"canonical\" href=\"https:\/\/deportesdigital.com.ve\/public\/el-complejo-celebra-su-torneo-segundo-aniversario\/\" \/>\n<meta property=\"og:locale\" content=\"es_ES\" \/>\n<meta property=\"og:type\" content=\"article\" \/>\n<meta property=\"og:title\" content=\"\u201cEl Complejo\u201d celebra su Torneo Segundo Aniversario - Deportes Digital\" \/>\n<meta property=\"og:description\" content=\"La fiesta aniversaria arrancara la tercera semana de octubre Torneo Especial en las categor\u00edas de \u201cSuma Once Masculino\u201d y \u201cFestival de Pelota de Colores Roja, Naranja y Verde\u201d. \u00a0Nota de [&hellip;]\" \/>\n<meta property=\"og:url\" content=\"https:\/\/deportesdigital.com.ve\/public\/el-complejo-celebra-su-torneo-segundo-aniversario\/\" \/>\n<meta property=\"og:site_name\" content=\"Deportes Digital\" \/>\n<meta property=\"article:publisher\" content=\"https:\/\/www.facebook.com\/DeportesDigitalZulia25\" \/>\n<meta property=\"article:published_time\" content=\"2025-10-21T15:14:50+00:00\" \/>\n<meta property=\"og:image\" content=\"https:\/\/deportesdigital.com.ve\/public\/wp-content\/uploads\/2025\/10\/El-Complejo-Anivesario-2.jpg\" \/>\n\t<meta property=\"og:image:width\" content=\"800\" \/>\n\t<meta property=\"og:image:height\" content=\"929\" \/>\n\t<meta property=\"og:image:type\" content=\"image\/jpeg\" \/>\n<meta name=\"author\" content=\"luisg15\" \/>\n<meta name=\"twitter:card\" content=\"summary_large_image\" \/>\n<meta name=\"twitter:creator\" content=\"@deporteszulia\" \/>\n<meta name=\"twitter:site\" content=\"@deporteszulia\" \/>\n<meta name=\"twitter:label1\" content=\"Escrito por\" \/>\n\t<meta name=\"twitter:data1\" content=\"luisg15\" \/>\n\t<meta name=\"twitter:label2\" content=\"Tiempo de lectura\" \/>\n\t<meta name=\"twitter:data2\" content=\"2 minutos\" \/>\n<script type=\"application\/ld+json\" class=\"yoast-schema-graph\">{\"@context\":\"https:\\\/\\\/schema.org\",\"@graph\":[{\"@type\":\"Article\",\"@id\":\"https:\\\/\\\/deportesdigital.com.ve\\\/public\\\/el-complejo-celebra-su-torneo-segundo-aniversario\\\/#article\",\"isPartOf\":{\"@id\":\"https:\\\/\\\/deportesdigital.com.ve\\\/public\\\/el-complejo-celebra-su-torneo-segundo-aniversario\\\/\"},\"author\":{\"name\":\"luisg15\",\"@id\":\"https:\\\/\\\/deportesdigital.com.ve\\\/public\\\/#\\\/schema\\\/person\\\/57d2f23f17d761b1672066d1905e88a0\"},\"headline\":\"\u201cEl Complejo\u201d celebra su Torneo Segundo Aniversario\",\"datePublished\":\"2025-10-21T15:14:50+00:00\",\"mainEntityOfPage\":{\"@id\":\"https:\\\/\\\/deportesdigital.com.ve\\\/public\\\/el-complejo-celebra-su-torneo-segundo-aniversario\\\/\"},\"wordCount\":371,\"commentCount\":0,\"publisher\":{\"@id\":\"https:\\\/\\\/deportesdigital.com.ve\\\/public\\\/#organization\"},\"image\":{\"@id\":\"https:\\\/\\\/deportesdigital.com.ve\\\/public\\\/el-complejo-celebra-su-torneo-segundo-aniversario\\\/#primaryimage\"},\"thumbnailUrl\":\"https:\\\/\\\/deportesdigital.com.ve\\\/public\\\/wp-content\\\/uploads\\\/2025\\\/10\\\/El-Complejo-Anivesario-2.jpg\",\"keywords\":[\"anivesario\",\"elcomplejo\",\"tenis\",\"torneo\",\"Zulia\"],\"articleSection\":[\"Otros Deportes\"],\"inLanguage\":\"es\",\"potentialAction\":[{\"@type\":\"CommentAction\",\"name\":\"Comment\",\"target\":[\"https:\\\/\\\/deportesdigital.com.ve\\\/public\\\/el-complejo-celebra-su-torneo-segundo-aniversario\\\/#respond\"]}]},{\"@type\":\"WebPage\",\"@id\":\"https:\\\/\\\/deportesdigital.com.ve\\\/public\\\/el-complejo-celebra-su-torneo-segundo-aniversario\\\/\",\"url\":\"https:\\\/\\\/deportesdigital.com.ve\\\/public\\\/el-complejo-celebra-su-torneo-segundo-aniversario\\\/\",\"name\":\"\u201cEl Complejo\u201d celebra su Torneo Segundo Aniversario - Deportes Digital\",\"isPartOf\":{\"@id\":\"https:\\\/\\\/deportesdigital.com.ve\\\/public\\\/#website\"},\"primaryImageOfPage\":{\"@id\":\"https:\\\/\\\/deportesdigital.com.ve\\\/public\\\/el-complejo-celebra-su-torneo-segundo-aniversario\\\/#primaryimage\"},\"image\":{\"@id\":\"https:\\\/\\\/deportesdigital.com.ve\\\/public\\\/el-complejo-celebra-su-torneo-segundo-aniversario\\\/#primaryimage\"},\"thumbnailUrl\":\"https:\\\/\\\/deportesdigital.com.ve\\\/public\\\/wp-content\\\/uploads\\\/2025\\\/10\\\/El-Complejo-Anivesario-2.jpg\",\"datePublished\":\"2025-10-21T15:14:50+00:00\",\"breadcrumb\":{\"@id\":\"https:\\\/\\\/deportesdigital.com.ve\\\/public\\\/el-complejo-celebra-su-torneo-segundo-aniversario\\\/#breadcrumb\"},\"inLanguage\":\"es\",\"potentialAction\":[{\"@type\":\"ReadAction\",\"target\":[\"https:\\\/\\\/deportesdigital.com.ve\\\/public\\\/el-complejo-celebra-su-torneo-segundo-aniversario\\\/\"]}]},{\"@type\":\"ImageObject\",\"inLanguage\":\"es\",\"@id\":\"https:\\\/\\\/deportesdigital.com.ve\\\/public\\\/el-complejo-celebra-su-torneo-segundo-aniversario\\\/#primaryimage\",\"url\":\"https:\\\/\\\/deportesdigital.com.ve\\\/public\\\/wp-content\\\/uploads\\\/2025\\\/10\\\/El-Complejo-Anivesario-2.jpg\",\"contentUrl\":\"https:\\\/\\\/deportesdigital.com.ve\\\/public\\\/wp-content\\\/uploads\\\/2025\\\/10\\\/El-Complejo-Anivesario-2.jpg\",\"width\":800,\"height\":929},{\"@type\":\"BreadcrumbList\",\"@id\":\"https:\\\/\\\/deportesdigital.com.ve\\\/public\\\/el-complejo-celebra-su-torneo-segundo-aniversario\\\/#breadcrumb\",\"itemListElement\":[{\"@type\":\"ListItem\",\"position\":1,\"name\":\"Portada\",\"item\":\"https:\\\/\\\/deportesdigital.com.ve\\\/public\\\/\"},{\"@type\":\"ListItem\",\"position\":2,\"name\":\"\u201cEl Complejo\u201d celebra su Torneo Segundo Aniversario\"}]},{\"@type\":\"WebSite\",\"@id\":\"https:\\\/\\\/deportesdigital.com.ve\\\/public\\\/#website\",\"url\":\"https:\\\/\\\/deportesdigital.com.ve\\\/public\\\/\",\"name\":\"Deportes Digital\",\"description\":\"Solo Deportes\",\"publisher\":{\"@id\":\"https:\\\/\\\/deportesdigital.com.ve\\\/public\\\/#organization\"},\"potentialAction\":[{\"@type\":\"SearchAction\",\"target\":{\"@type\":\"EntryPoint\",\"urlTemplate\":\"https:\\\/\\\/deportesdigital.com.ve\\\/public\\\/?s={search_term_string}\"},\"query-input\":{\"@type\":\"PropertyValueSpecification\",\"valueRequired\":true,\"valueName\":\"search_term_string\"}}],\"inLanguage\":\"es\"},{\"@type\":\"Organization\",\"@id\":\"https:\\\/\\\/deportesdigital.com.ve\\\/public\\\/#organization\",\"name\":\"Deportes Digital\",\"url\":\"https:\\\/\\\/deportesdigital.com.ve\\\/public\\\/\",\"logo\":{\"@type\":\"ImageObject\",\"inLanguage\":\"es\",\"@id\":\"https:\\\/\\\/deportesdigital.com.ve\\\/public\\\/#\\\/schema\\\/logo\\\/image\\\/\",\"url\":\"https:\\\/\\\/i0.wp.com\\\/deportesdigital.com.ve\\\/public\\\/wp-content\\\/uploads\\\/2023\\\/09\\\/1677066431475.png?fit=1032%2C624&ssl=1\",\"contentUrl\":\"https:\\\/\\\/i0.wp.com\\\/deportesdigital.com.ve\\\/public\\\/wp-content\\\/uploads\\\/2023\\\/09\\\/1677066431475.png?fit=1032%2C624&ssl=1\",\"width\":1032,\"height\":624,\"caption\":\"Deportes Digital\"},\"image\":{\"@id\":\"https:\\\/\\\/deportesdigital.com.ve\\\/public\\\/#\\\/schema\\\/logo\\\/image\\\/\"},\"sameAs\":[\"https:\\\/\\\/www.facebook.com\\\/DeportesDigitalZulia25\",\"https:\\\/\\\/x.com\\\/deporteszulia\",\"https:\\\/\\\/www.instagram.com\\\/deportesdigitalzulia\\\/\"]},{\"@type\":\"Person\",\"@id\":\"https:\\\/\\\/deportesdigital.com.ve\\\/public\\\/#\\\/schema\\\/person\\\/57d2f23f17d761b1672066d1905e88a0\",\"name\":\"luisg15\",\"image\":{\"@type\":\"ImageObject\",\"inLanguage\":\"es\",\"@id\":\"https:\\\/\\\/secure.gravatar.com\\\/avatar\\\/4d424b63ebd2800d281b824141af3d97c1332dfdda83d70b2057085925af58a3?s=96&d=mm&r=g\",\"url\":\"https:\\\/\\\/secure.gravatar.com\\\/avatar\\\/4d424b63ebd2800d281b824141af3d97c1332dfdda83d70b2057085925af58a3?s=96&d=mm&r=g\",\"contentUrl\":\"https:\\\/\\\/secure.gravatar.com\\\/avatar\\\/4d424b63ebd2800d281b824141af3d97c1332dfdda83d70b2057085925af58a3?s=96&d=mm&r=g\",\"caption\":\"luisg15\"},\"description\":\"Medio de Comunicaci\u00f3n digital dedicado al deporte menor\",\"sameAs\":[\"https:\\\/\\\/deportesdigital.com.ve\\\/public\"],\"url\":\"https:\\\/\\\/deportesdigital.com.ve\\\/public\\\/author\\\/luisg15\\\/\"}]}<\/script>\n<!-- \/ Yoast SEO plugin. -->","yoast_head_json":{"title":"\u201cEl Complejo\u201d celebra su Torneo Segundo Aniversario - Deportes Digital","robots":{"index":"index","follow":"follow","max-snippet":"max-snippet:-1","max-image-preview":"max-image-preview:large","max-video-preview":"max-video-preview:-1"},"canonical":"https:\/\/deportesdigital.com.ve\/public\/el-complejo-celebra-su-torneo-segundo-aniversario\/","og_locale":"es_ES","og_type":"article","og_title":"\u201cEl Complejo\u201d celebra su Torneo Segundo Aniversario - Deportes Digital","og_description":"La fiesta aniversaria arrancara la tercera semana de octubre Torneo Especial en las categor\u00edas de \u201cSuma Once Masculino\u201d y \u201cFestival de Pelota de Colores Roja, Naranja y Verde\u201d. \u00a0Nota de [&hellip;]","og_url":"https:\/\/deportesdigital.com.ve\/public\/el-complejo-celebra-su-torneo-segundo-aniversario\/","og_site_name":"Deportes Digital","article_publisher":"https:\/\/www.facebook.com\/DeportesDigitalZulia25","article_published_time":"2025-10-21T15:14:50+00:00","og_image":[{"width":800,"height":929,"url":"https:\/\/deportesdigital.com.ve\/public\/wp-content\/uploads\/2025\/10\/El-Complejo-Anivesario-2.jpg","type":"image\/jpeg"}],"author":"luisg15","twitter_card":"summary_large_image","twitter_creator":"@deporteszulia","twitter_site":"@deporteszulia","twitter_misc":{"Escrito por":"luisg15","Tiempo de lectura":"2 minutos"},"schema":{"@context":"https:\/\/schema.org","@graph":[{"@type":"Article","@id":"https:\/\/deportesdigital.com.ve\/public\/el-complejo-celebra-su-torneo-segundo-aniversario\/#article","isPartOf":{"@id":"https:\/\/deportesdigital.com.ve\/public\/el-complejo-celebra-su-torneo-segundo-aniversario\/"},"author":{"name":"luisg15","@id":"https:\/\/deportesdigital.com.ve\/public\/#\/schema\/person\/57d2f23f17d761b1672066d1905e88a0"},"headline":"\u201cEl Complejo\u201d celebra su Torneo Segundo Aniversario","datePublished":"2025-10-21T15:14:50+00:00","mainEntityOfPage":{"@id":"https:\/\/deportesdigital.com.ve\/public\/el-complejo-celebra-su-torneo-segundo-aniversario\/"},"wordCount":371,"commentCount":0,"publisher":{"@id":"https:\/\/deportesdigital.com.ve\/public\/#organization"},"image":{"@id":"https:\/\/deportesdigital.com.ve\/public\/el-complejo-celebra-su-torneo-segundo-aniversario\/#primaryimage"},"thumbnailUrl":"https:\/\/deportesdigital.com.ve\/public\/wp-content\/uploads\/2025\/10\/El-Complejo-Anivesario-2.jpg","keywords":["anivesario","elcomplejo","tenis","torneo","Zulia"],"articleSection":["Otros Deportes"],"inLanguage":"es","potentialAction":[{"@type":"CommentAction","name":"Comment","target":["https:\/\/deportesdigital.com.ve\/public\/el-complejo-celebra-su-torneo-segundo-aniversario\/#respond"]}]},{"@type":"WebPage","@id":"https:\/\/deportesdigital.com.ve\/public\/el-complejo-celebra-su-torneo-segundo-aniversario\/","url":"https:\/\/deportesdigital.com.ve\/public\/el-complejo-celebra-su-torneo-segundo-aniversario\/","name":"\u201cEl Complejo\u201d celebra su Torneo Segundo Aniversario - Deportes Digital","isPartOf":{"@id":"https:\/\/deportesdigital.com.ve\/public\/#website"},"primaryImageOfPage":{"@id":"https:\/\/deportesdigital.com.ve\/public\/el-complejo-celebra-su-torneo-segundo-aniversario\/#primaryimage"},"image":{"@id":"https:\/\/deportesdigital.com.ve\/public\/el-complejo-celebra-su-torneo-segundo-aniversario\/#primaryimage"},"thumbnailUrl":"https:\/\/deportesdigital.com.ve\/public\/wp-content\/uploads\/2025\/10\/El-Complejo-Anivesario-2.jpg","datePublished":"2025-10-21T15:14:50+00:00","breadcrumb":{"@id":"https:\/\/deportesdigital.com.ve\/public\/el-complejo-celebra-su-torneo-segundo-aniversario\/#breadcrumb"},"inLanguage":"es","potentialAction":[{"@type":"ReadAction","target":["https:\/\/deportesdigital.com.ve\/public\/el-complejo-celebra-su-torneo-segundo-aniversario\/"]}]},{"@type":"ImageObject","inLanguage":"es","@id":"https:\/\/deportesdigital.com.ve\/public\/el-complejo-celebra-su-torneo-segundo-aniversario\/#primaryimage","url":"https:\/\/deportesdigital.com.ve\/public\/wp-content\/uploads\/2025\/10\/El-Complejo-Anivesario-2.jpg","contentUrl":"https:\/\/deportesdigital.com.ve\/public\/wp-content\/uploads\/2025\/10\/El-Complejo-Anivesario-2.jpg","width":800,"height":929},{"@type":"BreadcrumbList","@id":"https:\/\/deportesdigital.com.ve\/public\/el-complejo-celebra-su-torneo-segundo-aniversario\/#breadcrumb","itemListElement":[{"@type":"ListItem","position":1,"name":"Portada","item":"https:\/\/deportesdigital.com.ve\/public\/"},{"@type":"ListItem","position":2,"name":"\u201cEl Complejo\u201d celebra su Torneo Segundo Aniversario"}]},{"@type":"WebSite","@id":"https:\/\/deportesdigital.com.ve\/public\/#website","url":"https:\/\/deportesdigital.com.ve\/public\/","name":"Deportes Digital","description":"Solo Deportes","publisher":{"@id":"https:\/\/deportesdigital.com.ve\/public\/#organization"},"potentialAction":[{"@type":"SearchAction","target":{"@type":"EntryPoint","urlTemplate":"https:\/\/deportesdigital.com.ve\/public\/?s={search_term_string}"},"query-input":{"@type":"PropertyValueSpecification","valueRequired":true,"valueName":"search_term_string"}}],"inLanguage":"es"},{"@type":"Organization","@id":"https:\/\/deportesdigital.com.ve\/public\/#organization","name":"Deportes Digital","url":"https:\/\/deportesdigital.com.ve\/public\/","logo":{"@type":"ImageObject","inLanguage":"es","@id":"https:\/\/deportesdigital.com.ve\/public\/#\/schema\/logo\/image\/","url":"https:\/\/i0.wp.com\/deportesdigital.com.ve\/public\/wp-content\/uploads\/2023\/09\/1677066431475.png?fit=1032%2C624&ssl=1","contentUrl":"https:\/\/i0.wp.com\/deportesdigital.com.ve\/public\/wp-content\/uploads\/2023\/09\/1677066431475.png?fit=1032%2C624&ssl=1","width":1032,"height":624,"caption":"Deportes Digital"},"image":{"@id":"https:\/\/deportesdigital.com.ve\/public\/#\/schema\/logo\/image\/"},"sameAs":["https:\/\/www.facebook.com\/DeportesDigitalZulia25","https:\/\/x.com\/deporteszulia","https:\/\/www.instagram.com\/deportesdigitalzulia\/"]},{"@type":"Person","@id":"https:\/\/deportesdigital.com.ve\/public\/#\/schema\/person\/57d2f23f17d761b1672066d1905e88a0","name":"luisg15","image":{"@type":"ImageObject","inLanguage":"es","@id":"https:\/\/secure.gravatar.com\/avatar\/4d424b63ebd2800d281b824141af3d97c1332dfdda83d70b2057085925af58a3?s=96&d=mm&r=g","url":"https:\/\/secure.gravatar.com\/avatar\/4d424b63ebd2800d281b824141af3d97c1332dfdda83d70b2057085925af58a3?s=96&d=mm&r=g","contentUrl":"https:\/\/secure.gravatar.com\/avatar\/4d424b63ebd2800d281b824141af3d97c1332dfdda83d70b2057085925af58a3?s=96&d=mm&r=g","caption":"luisg15"},"description":"Medio de Comunicaci\u00f3n digital dedicado al deporte menor","sameAs":["https:\/\/deportesdigital.com.ve\/public"],"url":"https:\/\/deportesdigital.com.ve\/public\/author\/luisg15\/"}]}},"_links":{"self":[{"href":"https:\/\/deportesdigital.com.ve\/public\/wp-json\/wp\/v2\/posts\/109589","targetHints":{"allow":["GET"]}}],"collection":[{"href":"https:\/\/deportesdigital.com.ve\/public\/wp-json\/wp\/v2\/posts"}],"about":[{"href":"https:\/\/deportesdigital.com.ve\/public\/wp-json\/wp\/v2\/types\/post"}],"author":[{"embeddable":true,"href":"https:\/\/deportesdigital.com.ve\/public\/wp-json\/wp\/v2\/users\/1"}],"replies":[{"embeddable":true,"href":"https:\/\/deportesdigital.com.ve\/public\/wp-json\/wp\/v2\/comments?post=109589"}],"version-history":[{"count":1,"href":"https:\/\/deportesdigital.com.ve\/public\/wp-json\/wp\/v2\/posts\/109589\/revisions"}],"predecessor-version":[{"id":109591,"href":"https:\/\/deportesdigital.com.ve\/public\/wp-json\/wp\/v2\/posts\/109589\/revisions\/109591"}],"wp:featuredmedia":[{"embeddable":true,"href":"https:\/\/deportesdigital.com.ve\/public\/wp-json\/wp\/v2\/media\/109590"}],"wp:attachment":[{"href":"https:\/\/deportesdigital.com.ve\/public\/wp-json\/wp\/v2\/media?parent=109589"}],"wp:term":[{"taxonomy":"category","embeddable":true,"href":"https:\/\/deportesdigital.com.ve\/public\/wp-json\/wp\/v2\/categories?post=109589"},{"taxonomy":"post_tag","embeddable":true,"href":"https:\/\/deportesdigital.com.ve\/public\/wp-json\/wp\/v2\/tags?post=109589"}],"curies":[{"name":"wp","href":"https:\/\/api.w.org\/{rel}","templated":true}]}}