{"id":109295,"date":"2025-10-08T00:55:31","date_gmt":"2025-10-08T04:55:31","guid":{"rendered":"https:\/\/deportesdigital.com.ve\/public\/?p=109295"},"modified":"2025-10-08T00:55:31","modified_gmt":"2025-10-08T04:55:31","slug":"glorias-deportivas-del-zulia-abanderan-a-su-seleccion-para-los-juegos-nacionales-aragua-2025","status":"publish","type":"post","link":"https:\/\/deportesdigital.com.ve\/public\/glorias-deportivas-del-zulia-abanderan-a-su-seleccion-para-los-juegos-nacionales-aragua-2025\/","title":{"rendered":"Glorias Deportivas del Zulia Abanderan a su Selecci\u00f3n para los Juegos Nacionales Aragua 2025"},"content":{"rendered":"<p><strong><em>Rafael \u00abRafito\u00bb Flores, campe\u00f3n mundial de softbol, recibi\u00f3 la bandera del Zulia de manos de Douglas Urribarri, presidente de la Fundaci\u00f3n Glorias Deportivas seccional Zulia.<\/em><\/strong><\/p>\n<hr \/>\n<p><strong><em>Jos\u00e9 Gil Deportes Digital\/Maracaibo:<\/em><\/strong> La <strong>Fundaci\u00f3n Glorias Deportivas seccional Zulia<\/strong> realiz\u00f3 este martes el acto de abanderamiento de su selecci\u00f3n que competir\u00e1 en los <strong>VII Juegos Deportivos de Glorias Deportivas, Aragua 2025<\/strong>. El softbolista y campe\u00f3n mundial, <strong>Rafael \u00abRafito\u00bb Flores<\/strong>, fue el encargado de recibir el estandarte zuliano en un emotivo evento celebrado en el municipio San Francisco.<\/p>\n<div id='gallery-1' class='gallery galleryid-109295 gallery-columns-1 gallery-size-full'><figure class='gallery-item'>\n\t\t\t<div class='gallery-icon landscape'>\n\t\t\t\t<a href='https:\/\/deportesdigital.com.ve\/public\/wp-content\/uploads\/2025\/10\/WhatsApp-Image-2025-10-07-at-2.33.50-PM.jpeg'><img loading=\"lazy\" decoding=\"async\" width=\"1000\" height=\"750\" src=\"https:\/\/deportesdigital.com.ve\/public\/wp-content\/uploads\/2025\/10\/WhatsApp-Image-2025-10-07-at-2.33.50-PM.jpeg\" class=\"attachment-full size-full\" alt=\"\" srcset=\"https:\/\/deportesdigital.com.ve\/public\/wp-content\/uploads\/2025\/10\/WhatsApp-Image-2025-10-07-at-2.33.50-PM.jpeg 1000w, https:\/\/deportesdigital.com.ve\/public\/wp-content\/uploads\/2025\/10\/WhatsApp-Image-2025-10-07-at-2.33.50-PM-300x225.jpeg 300w, https:\/\/deportesdigital.com.ve\/public\/wp-content\/uploads\/2025\/10\/WhatsApp-Image-2025-10-07-at-2.33.50-PM-768x576.jpeg 768w, https:\/\/deportesdigital.com.ve\/public\/wp-content\/uploads\/2025\/10\/WhatsApp-Image-2025-10-07-at-2.33.50-PM-730x548.jpeg 730w, https:\/\/deportesdigital.com.ve\/public\/wp-content\/uploads\/2025\/10\/WhatsApp-Image-2025-10-07-at-2.33.50-PM-435x326.jpeg 435w, https:\/\/deportesdigital.com.ve\/public\/wp-content\/uploads\/2025\/10\/WhatsApp-Image-2025-10-07-at-2.33.50-PM-80x60.jpeg 80w\" sizes=\"auto, (max-width: 1000px) 100vw, 1000px\" \/><\/a>\n\t\t\t<\/div><\/figure>\n\t\t<\/div>\n\n<p><strong>Rafael Flores<\/strong> recibi\u00f3 la bandera de manos de <strong>Douglas Urribarr\u00ed<\/strong>, presidente de la Fundaci\u00f3n Glorias Deportivas seccional Zulia, quien expres\u00f3: \u00abHoy estamos abanderando a Rafael, digno representante de las Glorias Deportivas Zulia en la competencia nacional\u00bb.<\/p>\n<p><strong>Entrega de Uniformes y Acreditaciones<\/strong><\/p>\n<p>Durante el acto, tambi\u00e9n se procedi\u00f3 a la entrega de la <strong>uniformidad<\/strong> oficial de la selecci\u00f3n, as\u00ed como las acreditaciones al director t\u00e9cnico <strong>Darwuin Toncel<\/strong> y a <strong>\u00d3scar Fereira<\/strong> como asistente.<\/p>\n<div id='gallery-2' class='gallery galleryid-109295 gallery-columns-1 gallery-size-full'><figure class='gallery-item'>\n\t\t\t<div class='gallery-icon landscape'>\n\t\t\t\t<a href='https:\/\/deportesdigital.com.ve\/public\/wp-content\/uploads\/2025\/10\/WhatsApp-Image-2025-10-07-at-2.33.51-PM.jpeg'><img loading=\"lazy\" decoding=\"async\" width=\"984\" height=\"432\" src=\"https:\/\/deportesdigital.com.ve\/public\/wp-content\/uploads\/2025\/10\/WhatsApp-Image-2025-10-07-at-2.33.51-PM.jpeg\" class=\"attachment-full size-full\" alt=\"\" srcset=\"https:\/\/deportesdigital.com.ve\/public\/wp-content\/uploads\/2025\/10\/WhatsApp-Image-2025-10-07-at-2.33.51-PM.jpeg 984w, https:\/\/deportesdigital.com.ve\/public\/wp-content\/uploads\/2025\/10\/WhatsApp-Image-2025-10-07-at-2.33.51-PM-300x132.jpeg 300w, https:\/\/deportesdigital.com.ve\/public\/wp-content\/uploads\/2025\/10\/WhatsApp-Image-2025-10-07-at-2.33.51-PM-768x337.jpeg 768w, https:\/\/deportesdigital.com.ve\/public\/wp-content\/uploads\/2025\/10\/WhatsApp-Image-2025-10-07-at-2.33.51-PM-730x320.jpeg 730w, https:\/\/deportesdigital.com.ve\/public\/wp-content\/uploads\/2025\/10\/WhatsApp-Image-2025-10-07-at-2.33.51-PM-435x191.jpeg 435w\" sizes=\"auto, (max-width: 984px) 100vw, 984px\" \/><\/a>\n\t\t\t<\/div><\/figure>\n\t\t<\/div>\n\n<p><strong>\u00abRafito\u00bb Flores<\/strong>, visiblemente agradecido, se\u00f1al\u00f3 la gran responsabilidad que significa portar la bandera del Zulia para esta importante competencia que re\u00fane a los mejores atletas del pa\u00eds. \u00abLa idea es competir y tratar de ganar,\u00bb afirm\u00f3 el softbolista, deseando suerte a todas las disciplinas que representar\u00e1n al estado.<\/p>\n<p>El evento de entrega de uniformes se llev\u00f3 a cabo en el Fog\u00f3n de Pepe, en el municipio San Francisco. <strong>Luis Urribarr\u00ed<\/strong>, directivo de las Glorias Deportivas, agradeci\u00f3 el patrocinio de empresas como Uniformes Total, Grupo San Sim\u00f3n, Ferreter\u00eda Bicolor, Venesulca, Fr\u00edo la 19, Medisur y Policl\u00ednica San Francisco.<\/p>\n<p><strong>Zulia Supera Participaci\u00f3n Hist\u00f3rica<\/strong><\/p>\n<div id='gallery-3' class='gallery galleryid-109295 gallery-columns-1 gallery-size-full'><figure class='gallery-item'>\n\t\t\t<div class='gallery-icon landscape'>\n\t\t\t\t<a href='https:\/\/deportesdigital.com.ve\/public\/wp-content\/uploads\/2025\/10\/WhatsApp-Image-2025-10-07-at-2.33.52-PM.jpeg'><img loading=\"lazy\" decoding=\"async\" width=\"1280\" height=\"720\" src=\"https:\/\/deportesdigital.com.ve\/public\/wp-content\/uploads\/2025\/10\/WhatsApp-Image-2025-10-07-at-2.33.52-PM.jpeg\" class=\"attachment-full size-full\" alt=\"\" srcset=\"https:\/\/deportesdigital.com.ve\/public\/wp-content\/uploads\/2025\/10\/WhatsApp-Image-2025-10-07-at-2.33.52-PM.jpeg 1280w, https:\/\/deportesdigital.com.ve\/public\/wp-content\/uploads\/2025\/10\/WhatsApp-Image-2025-10-07-at-2.33.52-PM-300x169.jpeg 300w, https:\/\/deportesdigital.com.ve\/public\/wp-content\/uploads\/2025\/10\/WhatsApp-Image-2025-10-07-at-2.33.52-PM-1024x576.jpeg 1024w, https:\/\/deportesdigital.com.ve\/public\/wp-content\/uploads\/2025\/10\/WhatsApp-Image-2025-10-07-at-2.33.52-PM-768x432.jpeg 768w, https:\/\/deportesdigital.com.ve\/public\/wp-content\/uploads\/2025\/10\/WhatsApp-Image-2025-10-07-at-2.33.52-PM-730x411.jpeg 730w, https:\/\/deportesdigital.com.ve\/public\/wp-content\/uploads\/2025\/10\/WhatsApp-Image-2025-10-07-at-2.33.52-PM-435x245.jpeg 435w\" sizes=\"auto, (max-width: 1280px) 100vw, 1280px\" \/><\/a>\n\t\t\t<\/div><\/figure>\n\t\t<\/div>\n\n<p>La delegaci\u00f3n zuliana acudir\u00e1 a la justa nacional con <strong>116 atletas<\/strong> en un total de <strong>siete a nueve disciplinas<\/strong>. En esta fase de eliminatorias o clasificatorio, Zulia competir\u00e1 en la <strong>zona n\u00famero 3<\/strong> junto a los estados Lara y Falc\u00f3n.<\/p>\n<p>\u00abEstamos superando la participaci\u00f3n del a\u00f1o 2023, a la que el Zulia asisti\u00f3 con 19 personas, y el a\u00f1o anterior con solo dos participantes,\u00bb destac\u00f3 Urribarr\u00ed. El directivo tambi\u00e9n manifest\u00f3 su confianza en contar con el apoyo del gobernador para el traslado: \u00abSeguro que contaremos con nuestro gobernador para el debido traslado, que nosotros nos encargamos de competir y colocar el nombre de Zulia en lo mejor que podamos\u00bb.<\/p>\n<p>El abanderamiento cont\u00f3 con la presencia de importantes Glorias Deportivas del Zulia y los protagonistas de las distintas disciplinas que participar\u00e1n en la competencia nacional.<\/p>\n<p><strong><em>Sigue esta y otras #Noticias ingresando a nuestras plataformas digitales Deportes Digital, en Instagram, Facebook, Twitter, y en nuestros grupos de Whatsapp y Telegram<\/em><\/strong><\/p>\n","protected":false},"excerpt":{"rendered":"<p>Rafael \u00abRafito\u00bb Flores, campe\u00f3n mundial de softbol, recibi\u00f3 la bandera del Zulia de manos de Douglas Urribarri, presidente de la Fundaci\u00f3n Glorias Deportivas seccional Zulia. Jos\u00e9 Gil Deportes Digital\/Maracaibo: La [&hellip;]<\/p>\n","protected":false},"author":1,"featured_media":109299,"comment_status":"open","ping_status":"closed","sticky":false,"template":"","format":"standard","meta":{"footnotes":""},"categories":[5],"tags":[],"class_list":["post-109295","post","type-post","status-publish","format-standard","has-post-thumbnail","hentry","category-otrosdeportes","clearfix"],"_links":{"self":[{"href":"https:\/\/deportesdigital.com.ve\/public\/wp-json\/wp\/v2\/posts\/109295","targetHints":{"allow":["GET"]}}],"collection":[{"href":"https:\/\/deportesdigital.com.ve\/public\/wp-json\/wp\/v2\/posts"}],"about":[{"href":"https:\/\/deportesdigital.com.ve\/public\/wp-json\/wp\/v2\/types\/post"}],"author":[{"embeddable":true,"href":"https:\/\/deportesdigital.com.ve\/public\/wp-json\/wp\/v2\/users\/1"}],"replies":[{"embeddable":true,"href":"https:\/\/deportesdigital.com.ve\/public\/wp-json\/wp\/v2\/comments?post=109295"}],"version-history":[{"count":1,"href":"https:\/\/deportesdigital.com.ve\/public\/wp-json\/wp\/v2\/posts\/109295\/revisions"}],"predecessor-version":[{"id":109300,"href":"https:\/\/deportesdigital.com.ve\/public\/wp-json\/wp\/v2\/posts\/109295\/revisions\/109300"}],"wp:featuredmedia":[{"embeddable":true,"href":"https:\/\/deportesdigital.com.ve\/public\/wp-json\/wp\/v2\/media\/109299"}],"wp:attachment":[{"href":"https:\/\/deportesdigital.com.ve\/public\/wp-json\/wp\/v2\/media?parent=109295"}],"wp:term":[{"taxonomy":"category","embeddable":true,"href":"https:\/\/deportesdigital.com.ve\/public\/wp-json\/wp\/v2\/categories?post=109295"},{"taxonomy":"post_tag","embeddable":true,"href":"https:\/\/deportesdigital.com.ve\/public\/wp-json\/wp\/v2\/tags?post=109295"}],"curies":[{"name":"wp","href":"https:\/\/api.w.org\/{rel}","templated":true}]}}