{"id":108580,"date":"2025-09-21T18:05:29","date_gmt":"2025-09-21T22:05:29","guid":{"rendered":"https:\/\/deportesdigital.com.ve\/public\/?p=108580"},"modified":"2025-09-21T18:05:29","modified_gmt":"2025-09-21T22:05:29","slug":"pequena-liga-de-beisbol-judith-de-negrette-hace-su-debut-oficial","status":"publish","type":"post","link":"https:\/\/deportesdigital.com.ve\/public\/pequena-liga-de-beisbol-judith-de-negrette-hace-su-debut-oficial\/","title":{"rendered":"Peque\u00f1a Liga de B\u00e9isbol Judith de Negrette hace su debut oficial"},"content":{"rendered":"<p><strong><em>Con un acto cargado de emotividad y orgullo este s\u00e1bado 27 de septiembre se celebrar\u00e1 la inauguraci\u00f3n del Primer Campeonato Anual de la Peque\u00f1a Liga de B\u00e9isbol Judith de Negrette, correspondiente a la temporada 2025-2026.<\/em><\/strong><\/p>\n<hr \/>\n<p><strong><em>Nota de Prensa:<\/em><\/strong> La ceremonia tendr\u00e1 lugar en el Estadio del Complejo Deportivo La Chamarreta, donde 150 peloteros, desde los 4 hasta los 16 a\u00f1os, saltar\u00e1n al terreno representando a las divisas Gavilanes, Academia de B\u00e9isbol KS y Team Negrette, en las categor\u00edas: escuelita, pitoquito, pre infantil, infantil, intermedia, junior y senior.<\/p>\n<p>Con este paso, la reci\u00e9n creada liga se incorpora de manera oficial a la estructura del Directorio Nacional de Peque\u00f1as Ligas, lo que les abre las puertas a los campeonatos interligas y la posibilidad de representar a Venezuela en las competencias internacionales de la Little League Baseball Incorporated.<\/p>\n<p><strong>Zonificaci\u00f3n<\/strong><\/p>\n<p>La Peque\u00f1a Liga Judith de Negrette tiene su sede en el Complejo Deportivo La Chamarreta, ubicado en la Circunvalaci\u00f3n N.\u00ba 3 de Maracaibo, y agrupa a ni\u00f1os y j\u00f3venes de sectores como Barrio Bol\u00edvar, 19 de Abril, Praderas, Trinitarias, La Vanega, Sol Amada, Los Dulces, El Gaitero, El Museo, Los Estanques, Andr\u00e9s Eloy Blanco, Ixora Rojas, El Guayabal, El Varillal, Barrio 5 de Julio, Gallo Verde, La Matancera, Jos\u00e9 Gregorio Hern\u00e1ndez, Integraci\u00f3n Comunal, entre otros sectores aleda\u00f1os, que dan la oportunidad a los ni\u00f1os y j\u00f3venes de incorporarse al circuito.<\/p>\n<p><strong>Su nombre<\/strong><\/p>\n<p>La liga honra con su ep\u00f3nimo a Judith de Negrette, el rostro femenino m\u00e1s emblem\u00e1tico de las Peque\u00f1as Ligas de Venezuela, quien durante m\u00e1s de cuatro d\u00e9cadas fue dirigente incansable, formadora de miles de ni\u00f1os y j\u00f3venes, y la \u00fanica mujer, hasta la actualidad, en presidir el Directorio Nacional de Peque\u00f1as Ligas (2014-2017).<\/p>\n<p>Con m\u00e1s de 30 participaciones internacionales, Judith dej\u00f3 como mayor legado la convicci\u00f3n de que: \u201cEl objetivo es social, el deporte es solo un medio\u201d, una filosof\u00eda que hoy sigue guiando a la comunidad de La Chamarreta, que reconoce en ella un ejemplo de Lealtad, Voluntad y Coraje.<\/p>\n<p><strong>Programaci\u00f3n especial<\/strong><\/p>\n<p>Mi\u00e9rcoles 24 de septiembre \u2013 4:30 p.m.<\/p>\n<p>Misa en acci\u00f3n de gracias en la Bas\u00edlica de la Virgen del Rosario de Chiquinquir\u00e1, para bendecir el inicio de este proyecto en beneficio de ni\u00f1os, j\u00f3venes y sus familias.<\/p>\n<p>S\u00e1bado 27 de septiembre \u2013 4:00 p.m.<\/p>\n<p>Acto Inaugural en el Estadio La Chamarreta con la participaci\u00f3n del grupo de baile Corto Circuito, los tambores de Sensaci\u00f3n Ardiente y el grupo de gaitas Amiguitos. El Himno Nacional y Regional ser\u00e1 entonado por la reconocida Yelitza Vilchez, la Dama de la Gaita.<\/p>\n<p>Este evento es posible gracias al compromiso de la Junta Directiva presidida por Jorlina Portillo de Negrette, el Comit\u00e9 de Damas, el apoyo de los padres y representantes, as\u00ed como la colaboraci\u00f3n de la empresa privada.<\/p>\n<p><strong><em>Sigue esta y otras #Noticias ingresando a nuestras plataformas digitales Deportes Digital, en Instagram, Facebook, Twitter, y en nuestros grupos de Whatsapp y Telegram<\/em><\/strong><\/p>\n<p>&nbsp;<\/p>\n<p>&nbsp;<\/p>\n","protected":false},"excerpt":{"rendered":"<p>Con un acto cargado de emotividad y orgullo este s\u00e1bado 27 de septiembre se celebrar\u00e1 la inauguraci\u00f3n del Primer Campeonato Anual de la Peque\u00f1a Liga de B\u00e9isbol Judith de Negrette, [&hellip;]<\/p>\n","protected":false},"author":1,"featured_media":108581,"comment_status":"open","ping_status":"closed","sticky":false,"template":"","format":"standard","meta":{"footnotes":""},"categories":[1],"tags":[1658,3773,527,4745],"class_list":["post-108580","post","type-post","status-publish","format-standard","has-post-thumbnail","hentry","category-sin-categoria","tag-beisbol-zulia","tag-inaugura","tag-pequenasligas","tag-torneo-judith-negrette","clearfix"],"_links":{"self":[{"href":"https:\/\/deportesdigital.com.ve\/public\/wp-json\/wp\/v2\/posts\/108580","targetHints":{"allow":["GET"]}}],"collection":[{"href":"https:\/\/deportesdigital.com.ve\/public\/wp-json\/wp\/v2\/posts"}],"about":[{"href":"https:\/\/deportesdigital.com.ve\/public\/wp-json\/wp\/v2\/types\/post"}],"author":[{"embeddable":true,"href":"https:\/\/deportesdigital.com.ve\/public\/wp-json\/wp\/v2\/users\/1"}],"replies":[{"embeddable":true,"href":"https:\/\/deportesdigital.com.ve\/public\/wp-json\/wp\/v2\/comments?post=108580"}],"version-history":[{"count":1,"href":"https:\/\/deportesdigital.com.ve\/public\/wp-json\/wp\/v2\/posts\/108580\/revisions"}],"predecessor-version":[{"id":108582,"href":"https:\/\/deportesdigital.com.ve\/public\/wp-json\/wp\/v2\/posts\/108580\/revisions\/108582"}],"wp:featuredmedia":[{"embeddable":true,"href":"https:\/\/deportesdigital.com.ve\/public\/wp-json\/wp\/v2\/media\/108581"}],"wp:attachment":[{"href":"https:\/\/deportesdigital.com.ve\/public\/wp-json\/wp\/v2\/media?parent=108580"}],"wp:term":[{"taxonomy":"category","embeddable":true,"href":"https:\/\/deportesdigital.com.ve\/public\/wp-json\/wp\/v2\/categories?post=108580"},{"taxonomy":"post_tag","embeddable":true,"href":"https:\/\/deportesdigital.com.ve\/public\/wp-json\/wp\/v2\/tags?post=108580"}],"curies":[{"name":"wp","href":"https:\/\/api.w.org\/{rel}","templated":true}]}}