{"id":108557,"date":"2025-09-20T20:28:10","date_gmt":"2025-09-21T00:28:10","guid":{"rendered":"https:\/\/deportesdigital.com.ve\/public\/?p=108557"},"modified":"2025-09-21T10:28:39","modified_gmt":"2025-09-21T14:28:39","slug":"zulia-busca-el-podio-en-el-campeonato-nacional-de-karate-do","status":"publish","type":"post","link":"https:\/\/deportesdigital.com.ve\/public\/zulia-busca-el-podio-en-el-campeonato-nacional-de-karate-do\/","title":{"rendered":"Zulia busca el podio en el Campeonato Nacional de Karate Do"},"content":{"rendered":"<p><strong><em>Una participaci\u00f3n hist\u00f3rica de 51 atletas en todas las categorias despu\u00e9s de 10 a\u00f1os.<\/em><\/strong><\/p>\n<hr \/>\n<p><strong><em>Jos\u00e9 Gil Deportes Digital\/Maracaibo:<\/em><\/strong> El <strong>Karate Do zuliano<\/strong> est\u00e1 de fiesta. Una delegaci\u00f3n hist\u00f3rica, la m\u00e1s grande en la \u00faltima d\u00e9cada, se prepara para el <strong>Campeonato Nacional Juvenil, Adulto y M\u00e1ster<\/strong>, que se llevar\u00e1 a cabo en Puerto La Cruz, Anzo\u00e1tegui, del 23 al 27 de septiembre.<\/p>\n<p><strong>Ana Dugarte<\/strong>, directiva de la Asociaci\u00f3n Zuliana de Karate Do, es la primera vez en diez a\u00f1os que la regi\u00f3n participa con atletas en todas las categor\u00edas, tanto en las modalidades de <strong>Kata<\/strong> como de <strong>Kumite<\/strong> . La delegaci\u00f3n est\u00e1 conformada por 51 atletas en las categor\u00edas Pre-Juvenil (U12), Juvenil (U14), Cadete, Junior, Sub21, Adulto y M\u00e1ster.<\/p>\n<p>El equipo viaja con el apoyo de la <strong>Gobernaci\u00f3n del Zulia<\/strong>, el <strong>IRDEZ<\/strong> y la <strong>Secretar\u00eda de Deportes<\/strong> , quienes se encargaron del transporte y la inscripci\u00f3n. La delegaci\u00f3n zuliana, que cuenta con siete entrenadores y tres \u00e1rbitros, aspira a conseguir los primeros lugares y dejar en alto el nombre de la regi\u00f3n.<\/p>\n<p><strong><em>Sigue esta y otras #Noticias ingresando a nuestras plataformas digitales Deportes Digital, en Instagram, Facebook, Twitter, y en nuestros grupos de Whatsapp y Telegram<\/em><\/strong><\/p>\n<p>&nbsp;<\/p>\n<p>&nbsp;<\/p>\n","protected":false},"excerpt":{"rendered":"<p>Una participaci\u00f3n hist\u00f3rica de 51 atletas en todas las categorias despu\u00e9s de 10 a\u00f1os. Jos\u00e9 Gil Deportes Digital\/Maracaibo: El Karate Do zuliano est\u00e1 de fiesta. Una delegaci\u00f3n hist\u00f3rica, la m\u00e1s [&hellip;]<\/p>\n","protected":false},"author":1,"featured_media":108558,"comment_status":"open","ping_status":"closed","sticky":false,"template":"","format":"standard","meta":{"footnotes":""},"categories":[5],"tags":[1866,2970,2152,38],"class_list":["post-108557","post","type-post","status-publish","format-standard","has-post-thumbnail","hentry","category-otrosdeportes","tag-asite","tag-campeonato-nacional","tag-karate","tag-zulia","clearfix"],"_links":{"self":[{"href":"https:\/\/deportesdigital.com.ve\/public\/wp-json\/wp\/v2\/posts\/108557","targetHints":{"allow":["GET"]}}],"collection":[{"href":"https:\/\/deportesdigital.com.ve\/public\/wp-json\/wp\/v2\/posts"}],"about":[{"href":"https:\/\/deportesdigital.com.ve\/public\/wp-json\/wp\/v2\/types\/post"}],"author":[{"embeddable":true,"href":"https:\/\/deportesdigital.com.ve\/public\/wp-json\/wp\/v2\/users\/1"}],"replies":[{"embeddable":true,"href":"https:\/\/deportesdigital.com.ve\/public\/wp-json\/wp\/v2\/comments?post=108557"}],"version-history":[{"count":2,"href":"https:\/\/deportesdigital.com.ve\/public\/wp-json\/wp\/v2\/posts\/108557\/revisions"}],"predecessor-version":[{"id":108569,"href":"https:\/\/deportesdigital.com.ve\/public\/wp-json\/wp\/v2\/posts\/108557\/revisions\/108569"}],"wp:featuredmedia":[{"embeddable":true,"href":"https:\/\/deportesdigital.com.ve\/public\/wp-json\/wp\/v2\/media\/108558"}],"wp:attachment":[{"href":"https:\/\/deportesdigital.com.ve\/public\/wp-json\/wp\/v2\/media?parent=108557"}],"wp:term":[{"taxonomy":"category","embeddable":true,"href":"https:\/\/deportesdigital.com.ve\/public\/wp-json\/wp\/v2\/categories?post=108557"},{"taxonomy":"post_tag","embeddable":true,"href":"https:\/\/deportesdigital.com.ve\/public\/wp-json\/wp\/v2\/tags?post=108557"}],"curies":[{"name":"wp","href":"https:\/\/api.w.org\/{rel}","templated":true}]}}