{"id":108533,"date":"2025-09-19T12:56:34","date_gmt":"2025-09-19T16:56:34","guid":{"rendered":"https:\/\/deportesdigital.com.ve\/public\/?p=108533"},"modified":"2025-09-19T12:56:34","modified_gmt":"2025-09-19T16:56:34","slug":"imdeprec-impulsa-la-recuperacion-de-espacios-deportivos-en-maracaibo","status":"publish","type":"post","link":"https:\/\/deportesdigital.com.ve\/public\/imdeprec-impulsa-la-recuperacion-de-espacios-deportivos-en-maracaibo\/","title":{"rendered":"IMDEPREC Impulsa la recuperaci\u00f3n de espacios deportivos en Maracaibo"},"content":{"rendered":"<p><strong><em>El recorrido busca diagnosticar el estado actual de los espacios para planificar su pronta recuperaci\u00f3n en beneficio de la comunidad.<\/em><\/strong><\/p>\n<hr \/>\n<p><strong><em>Jos\u00e9 Gil Deportes digital\/Maracaibo:<\/em><\/strong> Con el objetivo de fortalecer la infraestructura deportiva del municipio, el presidente del Instituto Municipal de Deporte y Recreaci\u00f3n de Maracaibo (IMDEPREC), Marnic G\u00e1mez, inici\u00f3 una serie de visitas de supervisi\u00f3n a las instalaciones deportivas de la ciudad. El recorrido busca diagnosticar el estado actual de los espacios para planificar su pronta recuperaci\u00f3n en beneficio de la comunidad.<\/p>\n<p><strong>Inspecci\u00f3n en el Complejo Deportivo Edgar Ferrer<\/strong><\/p>\n<p>En visita al Complejo Deportivo Edgar Ferrer, ubicado en la parroquia Francisco Eugenio Bustamante. G\u00e1mez inspeccion\u00f3 el recinto para evaluar su condici\u00f3n y escuchar a los deportistas y entrenadores que hacen vida all\u00ed. \u00abEs muy importante conocer el estado de las instalaciones y escuchar a la gente para lograr buenos resultados\u00bb, afirm\u00f3 el directivo. El complejo alberga a la Peque\u00f1a Liga Cacique Mara, la Escuela de Tae Kwon Do Maracaibo Gym, as\u00ed como escuelas de gimnasia y baloncesto.<\/p>\n<p>G\u00e1mez destac\u00f3 que este esfuerzo es un trabajo en conjunto con autoridades deportivas regionales y la Gobernaci\u00f3n del Zulia, \u00a0luego de la\u00a0 supervisi\u00f3n \u00a0a otras sedes deportivas, como el Complejo Deportivo Patria Joven y la Escuela Municipal de Nataci\u00f3n \u201cSalom\u00f3n Rond\u00f3n\u201d y \u00a0Patinodromo \u201cAlfredo Le\u00f3n Moreno\u201d.<\/p>\n<p><strong>\u00abVenimos a Rescatar Estos Espacios\u00bb<\/strong><\/p>\n<p>El presidente de IMDEPREC enfatiz\u00f3 que la meta es fortalecer el deporte municipal y ofrecer todo el respaldo a las actividades deportivas. \u00abHemos encontrado algunas instalaciones en muy mal estado, por lo que se realizar\u00e1 un diagn\u00f3stico para su pronta rehabilitaci\u00f3n\u00bb, indic\u00f3. G\u00e1mez hizo un llamado a las fundaciones que operan en estos espacios a unirse al proyecto de rescate, que se llevar\u00e1 a cabo de la mano del alcalde Gian Carlo Di Martino.<\/p>\n<p>Arrancan los Juegos Comunales como Semillero Deportivo<\/p>\n<p>En paralelo a la recuperaci\u00f3n de espacios, el deporte municipal se fortalece con la celebraci\u00f3n de la primera etapa de los Juegos Deportivos Comunales. Este evento tiene como objetivo conformar la selecci\u00f3n del municipio para clasificar a la mayor cantidad de atletas a la selecci\u00f3n del Zulia, con miras a los Juegos Deportivos Nacionales que se realizar\u00e1n en diciembre.<\/p>\n<p>\u00abEstamos trabajando en busca de la generaci\u00f3n de relevo del deporte zuliano\u00bb, se\u00f1al\u00f3 G\u00e1mez, quien resalt\u00f3 el entusiasmo de las comunidades por ver a sus hijos de 9 a 12 a\u00f1os compitiendo en diversas disciplinas. El funcionario concluy\u00f3 su intervenci\u00f3n subrayando la importancia de \u00absembrar el semillero para la renovaci\u00f3n que quiere nuestro estado\u00bb y reafirm\u00f3 el compromiso de IMDEPREC de apoyar a quienes trabajan por un deporte positivo en el municipio.<\/p>\n<p><strong><em>Sigue esta y otras #Noticias ingresando a nuestras plataformas digitales Deportes Digital, en Instagram, Facebook, Twitter, y en nuestros grupos de Whatsapp y Telegram<\/em><\/strong><\/p>\n<p>&nbsp;<\/p>\n<p>&nbsp;<\/p>\n<p>&nbsp;<\/p>\n","protected":false},"excerpt":{"rendered":"<p>El recorrido busca diagnosticar el estado actual de los espacios para planificar su pronta recuperaci\u00f3n en beneficio de la comunidad. Jos\u00e9 Gil Deportes digital\/Maracaibo: Con el objetivo de fortalecer la [&hellip;]<\/p>\n","protected":false},"author":1,"featured_media":108535,"comment_status":"open","ping_status":"closed","sticky":false,"template":"","format":"standard","meta":{"footnotes":""},"categories":[1],"tags":[967,559,4739,4740,4738],"class_list":["post-108533","post","type-post","status-publish","format-standard","has-post-thumbnail","hentry","category-sin-categoria","tag-deporte","tag-imdeprec","tag-inspeccion","tag-instaklaciones","tag-municiapl","clearfix"],"_links":{"self":[{"href":"https:\/\/deportesdigital.com.ve\/public\/wp-json\/wp\/v2\/posts\/108533","targetHints":{"allow":["GET"]}}],"collection":[{"href":"https:\/\/deportesdigital.com.ve\/public\/wp-json\/wp\/v2\/posts"}],"about":[{"href":"https:\/\/deportesdigital.com.ve\/public\/wp-json\/wp\/v2\/types\/post"}],"author":[{"embeddable":true,"href":"https:\/\/deportesdigital.com.ve\/public\/wp-json\/wp\/v2\/users\/1"}],"replies":[{"embeddable":true,"href":"https:\/\/deportesdigital.com.ve\/public\/wp-json\/wp\/v2\/comments?post=108533"}],"version-history":[{"count":1,"href":"https:\/\/deportesdigital.com.ve\/public\/wp-json\/wp\/v2\/posts\/108533\/revisions"}],"predecessor-version":[{"id":108537,"href":"https:\/\/deportesdigital.com.ve\/public\/wp-json\/wp\/v2\/posts\/108533\/revisions\/108537"}],"wp:featuredmedia":[{"embeddable":true,"href":"https:\/\/deportesdigital.com.ve\/public\/wp-json\/wp\/v2\/media\/108535"}],"wp:attachment":[{"href":"https:\/\/deportesdigital.com.ve\/public\/wp-json\/wp\/v2\/media?parent=108533"}],"wp:term":[{"taxonomy":"category","embeddable":true,"href":"https:\/\/deportesdigital.com.ve\/public\/wp-json\/wp\/v2\/categories?post=108533"},{"taxonomy":"post_tag","embeddable":true,"href":"https:\/\/deportesdigital.com.ve\/public\/wp-json\/wp\/v2\/tags?post=108533"}],"curies":[{"name":"wp","href":"https:\/\/api.w.org\/{rel}","templated":true}]}}