{"id":108125,"date":"2025-09-17T06:45:27","date_gmt":"2025-09-17T10:45:27","guid":{"rendered":"https:\/\/deportesdigital.com.ve\/public\/?p=108125"},"modified":"2025-09-18T10:12:39","modified_gmt":"2025-09-18T14:12:39","slug":"richard-morillo-designado-presidente-encargado-de-la-pequena-liga-cacique-mara","status":"publish","type":"post","link":"https:\/\/deportesdigital.com.ve\/public\/richard-morillo-designado-presidente-encargado-de-la-pequena-liga-cacique-mara\/","title":{"rendered":"Richard Morillo designado presidente encargado de la Peque\u00f1a Liga Cacique Mara"},"content":{"rendered":"<p><strong><em>Se hizo un llamado a la calma y la paciencia mientras se espera la decisi\u00f3n final del Consejo de Honor del Directorio Nacional respecto a la investigaci\u00f3n en curso<\/em><\/strong><\/p>\n<hr \/>\n<p><strong><em>Jos\u00e9 Gil Deportes Digital\/Maracaibo:<\/em><\/strong> En una asamblea general celebrada el pasado lunes en el estadio Edgar Ferrer la Peque\u00f1a Liga Cacique Mara, en conjunto con el Directorio Nacional de las Peque\u00f1as Ligas de Venezuela,\u00a0 <strong>Richard Morillo quien se desempe\u00f1aba como primer vocal escalo<\/strong> como presidente encargado. Este nombramiento se realiza tras la suspensi\u00f3n de la directiva anterior.<\/p>\n<p>como su nuevo presidente encargado. Este nombramiento se realiza tras la suspensi\u00f3n de la directiva anterior.<\/p>\n<p>La decisi\u00f3n se toma despu\u00e9s de que el Consejo de Honor de la Peque\u00f1a Liga Cacique Mara y el Directorio Nacional abran una investigaci\u00f3n y apliquen suspensiones a los miembros de la junta directiva saliente. El presidente, <strong>Kendry Guti\u00e9rrez<\/strong>, fue suspendido por tres a\u00f1os, al igual que el vicepresidente <strong>Antonio Vineri<\/strong> y el secretario general <strong>V\u00edctor Solarte<\/strong>. El tesorero, <strong>Eduardo Guti\u00e9rrez<\/strong>, recibi\u00f3 una suspensi\u00f3n de ocho meses.<\/p>\n<p><a href=\"https:\/\/deportesdigital.com.ve\/public\/wp-content\/uploads\/2025\/09\/11-2.jpg\"><img loading=\"lazy\" decoding=\"async\" class=\"alignnone size-full wp-image-108127\" src=\"https:\/\/deportesdigital.com.ve\/public\/wp-content\/uploads\/2025\/09\/11-2.jpg\" alt=\"\" width=\"1280\" height=\"563\" srcset=\"https:\/\/deportesdigital.com.ve\/public\/wp-content\/uploads\/2025\/09\/11-2.jpg 1280w, https:\/\/deportesdigital.com.ve\/public\/wp-content\/uploads\/2025\/09\/11-2-300x132.jpg 300w, https:\/\/deportesdigital.com.ve\/public\/wp-content\/uploads\/2025\/09\/11-2-1024x450.jpg 1024w, https:\/\/deportesdigital.com.ve\/public\/wp-content\/uploads\/2025\/09\/11-2-768x338.jpg 768w, https:\/\/deportesdigital.com.ve\/public\/wp-content\/uploads\/2025\/09\/11-2-730x321.jpg 730w, https:\/\/deportesdigital.com.ve\/public\/wp-content\/uploads\/2025\/09\/11-2-435x191.jpg 435w\" sizes=\"auto, (max-width: 1280px) 100vw, 1280px\" \/><\/a><\/p>\n<p>Durante la asamblea, en la que estuvieron presentes el presidente del Directorio Nacional, <strong>Ra\u00fal Salazar<\/strong> , junto a <strong>Germ\u00e1n Rojas<\/strong> y <strong>Morelba Molina<\/strong> , se inform\u00f3 a los padres y representantes sobre la situaci\u00f3n actual y los pr\u00f3ximos pasos. Se hizo un llamado a la calma y la paciencia mientras se espera la decisi\u00f3n final del Consejo de Honor del Directorio Nacional respecto a la investigaci\u00f3n en curso.<\/p>\n<p>Junto a Morillo, quien se desempe\u00f1aba como primer vocal, <strong>Henry C\u00e1ceres<\/strong> (segundo vocal) fue designado vicepresidente encargado. Ambos liderar\u00e1n la organizaci\u00f3n hasta que se resuelva la situaci\u00f3n legal de la junta directiva.<\/p>\n<p><a href=\"https:\/\/deportesdigital.com.ve\/public\/wp-content\/uploads\/2025\/09\/12-2.jpg\"><img loading=\"lazy\" decoding=\"async\" class=\"wp-image-108126 aligncenter\" src=\"https:\/\/deportesdigital.com.ve\/public\/wp-content\/uploads\/2025\/09\/12-2.jpg\" alt=\"\" width=\"740\" height=\"410\" srcset=\"https:\/\/deportesdigital.com.ve\/public\/wp-content\/uploads\/2025\/09\/12-2.jpg 1016w, https:\/\/deportesdigital.com.ve\/public\/wp-content\/uploads\/2025\/09\/12-2-300x166.jpg 300w, https:\/\/deportesdigital.com.ve\/public\/wp-content\/uploads\/2025\/09\/12-2-768x426.jpg 768w, https:\/\/deportesdigital.com.ve\/public\/wp-content\/uploads\/2025\/09\/12-2-730x405.jpg 730w, https:\/\/deportesdigital.com.ve\/public\/wp-content\/uploads\/2025\/09\/12-2-435x241.jpg 435w\" sizes=\"auto, (max-width: 740px) 100vw, 740px\" \/><\/a><\/p>\n<p>En sus primeras palabras como presidente encargado, Richard Morillo expres\u00f3 su agradecimiento por el apoyo de los padres y representantes. Morillo hizo un llamado a unirse para trabajar en el torneo interno, mejorar las instalaciones y garantizar el bienestar de los j\u00f3venes peloteros de cara a la pr\u00f3xima temporada, las interligas y las semifinales y finales nacionales de 2026.<\/p>\n<p>\u00abSabemos que no es f\u00e1cil, pero como una gran familia saldremos adelante. Tenemos que ser fuertes y superar lo vivido\u00bb, afirm\u00f3 Morillo. \u00abNuestra liga siempre se ha caracterizado por los valores, el respeto y la disciplina, y eso es lo que seguiremos fomentando\u00bb.<\/p>\n<p>La saliente directiva no hab\u00eda presentado la memoria y cuenta del a\u00f1o, y el Consejo de Honor de la liga inform\u00f3 que se est\u00e1 trabajando en el caso para tomar las acciones correspondientes.<\/p>\n<p><a href=\"https:\/\/deportesdigital.com.ve\/public\/wp-content\/uploads\/2025\/09\/10-2.jpg\"><img loading=\"lazy\" decoding=\"async\" class=\"size-full wp-image-108128 aligncenter\" src=\"https:\/\/deportesdigital.com.ve\/public\/wp-content\/uploads\/2025\/09\/10-2.jpg\" alt=\"\" width=\"800\" height=\"465\" srcset=\"https:\/\/deportesdigital.com.ve\/public\/wp-content\/uploads\/2025\/09\/10-2.jpg 800w, https:\/\/deportesdigital.com.ve\/public\/wp-content\/uploads\/2025\/09\/10-2-300x174.jpg 300w, https:\/\/deportesdigital.com.ve\/public\/wp-content\/uploads\/2025\/09\/10-2-768x446.jpg 768w, https:\/\/deportesdigital.com.ve\/public\/wp-content\/uploads\/2025\/09\/10-2-730x424.jpg 730w, https:\/\/deportesdigital.com.ve\/public\/wp-content\/uploads\/2025\/09\/10-2-435x253.jpg 435w\" sizes=\"auto, (max-width: 800px) 100vw, 800px\" \/><\/a><\/p>\n<p>Padres y representantes en una sola voz pidieron que haga justicia y sean castigados con sanciones severas a quienes hicieron da\u00f1o a la organizaci\u00f3n y sobre todo da\u00f1ando el trabajo de todo un grupo de personas que solo piensan en s el bienestar de sus hijos.<\/p>\n<p>Aseguraron los padres que en ning\u00fan momento vio el trabajo de mejoras de las instalaciones todo quedo inconcluso no explicaron los motivos.<\/p>\n<p>La Peque\u00f1a Liga Cacique Mara busca seguir adelante y enfocarse en su misi\u00f3n principal: el desarrollo integral de sus atletas a trav\u00e9s del b\u00e9isbol.<\/p>\n<p><strong><em>Sigue esta y otras #Noticias ingresando a nuestras plataformas digitales Deportes Digital, en Instagram, Facebook, Twitter, y en nuestros grupos de Whatsapp y Telegram<\/em><\/strong><\/p>\n","protected":false},"excerpt":{"rendered":"<p>Se hizo un llamado a la calma y la paciencia mientras se espera la decisi\u00f3n final del Consejo de Honor del Directorio Nacional respecto a la investigaci\u00f3n en curso Jos\u00e9 [&hellip;]<\/p>\n","protected":false},"author":1,"featured_media":108128,"comment_status":"open","ping_status":"closed","sticky":false,"template":"","format":"standard","meta":{"footnotes":""},"categories":[1],"tags":[44,543,527,4728,4727],"class_list":["post-108125","post","type-post","status-publish","format-standard","has-post-thumbnail","hentry","category-sin-categoria","tag-beisbol","tag-caciquemara","tag-pequenasligas","tag-presidenteencargado","tag-supensiones","clearfix"],"_links":{"self":[{"href":"https:\/\/deportesdigital.com.ve\/public\/wp-json\/wp\/v2\/posts\/108125","targetHints":{"allow":["GET"]}}],"collection":[{"href":"https:\/\/deportesdigital.com.ve\/public\/wp-json\/wp\/v2\/posts"}],"about":[{"href":"https:\/\/deportesdigital.com.ve\/public\/wp-json\/wp\/v2\/types\/post"}],"author":[{"embeddable":true,"href":"https:\/\/deportesdigital.com.ve\/public\/wp-json\/wp\/v2\/users\/1"}],"replies":[{"embeddable":true,"href":"https:\/\/deportesdigital.com.ve\/public\/wp-json\/wp\/v2\/comments?post=108125"}],"version-history":[{"count":4,"href":"https:\/\/deportesdigital.com.ve\/public\/wp-json\/wp\/v2\/posts\/108125\/revisions"}],"predecessor-version":[{"id":108140,"href":"https:\/\/deportesdigital.com.ve\/public\/wp-json\/wp\/v2\/posts\/108125\/revisions\/108140"}],"wp:featuredmedia":[{"embeddable":true,"href":"https:\/\/deportesdigital.com.ve\/public\/wp-json\/wp\/v2\/media\/108128"}],"wp:attachment":[{"href":"https:\/\/deportesdigital.com.ve\/public\/wp-json\/wp\/v2\/media?parent=108125"}],"wp:term":[{"taxonomy":"category","embeddable":true,"href":"https:\/\/deportesdigital.com.ve\/public\/wp-json\/wp\/v2\/categories?post=108125"},{"taxonomy":"post_tag","embeddable":true,"href":"https:\/\/deportesdigital.com.ve\/public\/wp-json\/wp\/v2\/tags?post=108125"}],"curies":[{"name":"wp","href":"https:\/\/api.w.org\/{rel}","templated":true}]}}