{"id":107030,"date":"2025-08-06T22:40:10","date_gmt":"2025-08-07T02:40:10","guid":{"rendered":"https:\/\/deportesdigital.com.ve\/public\/?p=107030"},"modified":"2025-08-06T22:40:10","modified_gmt":"2025-08-07T02:40:10","slug":"nueve-campeones-en-la-copa-vacacional-deportivo-popular","status":"publish","type":"post","link":"https:\/\/deportesdigital.com.ve\/public\/nueve-campeones-en-la-copa-vacacional-deportivo-popular\/","title":{"rendered":"Nueve campeones en la Copa Vacacional Deportivo Popular"},"content":{"rendered":"<p><strong><em>Los equipos de Totem, Centro Gallego, Deportivo Popular Talentos del Sur, Guerreros de Cristo, La Champions.<\/em><\/strong><\/p>\n<hr \/>\n<p><strong><em>Jos\u00e9 Gil Deportes Digital\/Maracaibo:<\/em><\/strong> La fiesta vacacional de futbol campo del Club Deportivo Popular baj\u00f3 el tel\u00f3n jugando las finales de la Cuarta Edici\u00f3n de la Copa Vacacional Deportivo Popular que se desarroll\u00f3 del 28 al 04 de agosto en la cancha de la Ciudad Deportiva La Popular del municipio San Francisco con la participaci\u00f3n de 14 clubes en nueve categor\u00edas.<\/p>\n<p>La fiesta de finales se inici\u00f3 en la categor\u00eda sub 13 con el triunfo para el equipo de Centro Gallego con pizarra de 6-2.<\/p>\n<p><a href=\"https:\/\/deportesdigital.com.ve\/public\/wp-content\/uploads\/2025\/08\/3-4.jpg\"><img loading=\"lazy\" decoding=\"async\" class=\"size-full wp-image-107033 aligncenter\" src=\"https:\/\/deportesdigital.com.ve\/public\/wp-content\/uploads\/2025\/08\/3-4.jpg\" alt=\"\" width=\"800\" height=\"481\" srcset=\"https:\/\/deportesdigital.com.ve\/public\/wp-content\/uploads\/2025\/08\/3-4.jpg 800w, https:\/\/deportesdigital.com.ve\/public\/wp-content\/uploads\/2025\/08\/3-4-300x180.jpg 300w, https:\/\/deportesdigital.com.ve\/public\/wp-content\/uploads\/2025\/08\/3-4-768x462.jpg 768w, https:\/\/deportesdigital.com.ve\/public\/wp-content\/uploads\/2025\/08\/3-4-730x439.jpg 730w, https:\/\/deportesdigital.com.ve\/public\/wp-content\/uploads\/2025\/08\/3-4-435x262.jpg 435w\" sizes=\"auto, (max-width: 800px) 100vw, 800px\" \/><\/a><\/p>\n<p>El equipo de Centros Gallego, que se fue al ataque desde el inicio del juego, levant\u00f3 la copa de campe\u00f3n con tres goles de Ribbal Bunduc, ganando el premio como el goleador de la categor\u00eda sub-13. Juan Garcia aport\u00f3 dos dianas y Juan Garcia con un gol y David Tamayo.<\/p>\n<p><a href=\"https:\/\/deportesdigital.com.ve\/public\/wp-content\/uploads\/2025\/08\/2-4.jpg\"><img loading=\"lazy\" decoding=\"async\" class=\"size-full wp-image-107032 aligncenter\" src=\"https:\/\/deportesdigital.com.ve\/public\/wp-content\/uploads\/2025\/08\/2-4.jpg\" alt=\"\" width=\"800\" height=\"645\" srcset=\"https:\/\/deportesdigital.com.ve\/public\/wp-content\/uploads\/2025\/08\/2-4.jpg 800w, https:\/\/deportesdigital.com.ve\/public\/wp-content\/uploads\/2025\/08\/2-4-300x242.jpg 300w, https:\/\/deportesdigital.com.ve\/public\/wp-content\/uploads\/2025\/08\/2-4-768x619.jpg 768w, https:\/\/deportesdigital.com.ve\/public\/wp-content\/uploads\/2025\/08\/2-4-730x589.jpg 730w, https:\/\/deportesdigital.com.ve\/public\/wp-content\/uploads\/2025\/08\/2-4-435x351.jpg 435w\" sizes=\"auto, (max-width: 800px) 100vw, 800px\" \/><\/a><\/p>\n<p>Por el equipo de Deportivo Popular descontaron Deiber Ram\u00edrez y Thiago Andrade.<\/p>\n<p><a href=\"https:\/\/deportesdigital.com.ve\/public\/wp-content\/uploads\/2025\/08\/1-5.jpg\"><img loading=\"lazy\" decoding=\"async\" class=\" wp-image-107031 aligncenter\" src=\"https:\/\/deportesdigital.com.ve\/public\/wp-content\/uploads\/2025\/08\/1-5.jpg\" alt=\"\" width=\"634\" height=\"687\" srcset=\"https:\/\/deportesdigital.com.ve\/public\/wp-content\/uploads\/2025\/08\/1-5.jpg 800w, https:\/\/deportesdigital.com.ve\/public\/wp-content\/uploads\/2025\/08\/1-5-277x300.jpg 277w, https:\/\/deportesdigital.com.ve\/public\/wp-content\/uploads\/2025\/08\/1-5-768x832.jpg 768w, https:\/\/deportesdigital.com.ve\/public\/wp-content\/uploads\/2025\/08\/1-5-730x791.jpg 730w, https:\/\/deportesdigital.com.ve\/public\/wp-content\/uploads\/2025\/08\/1-5-435x471.jpg 435w\" sizes=\"auto, (max-width: 634px) 100vw, 634px\" \/><\/a><\/p>\n<p>La premiaci\u00f3n de la categor\u00eda se inici\u00f3 con la entrega de premio al jugador Ribbal Bunduc como el MVP de la final y el goleador de la categor\u00eda; la valla menos vencida fue la del equipo Fundauam A.<\/p>\n<p><a href=\"https:\/\/deportesdigital.com.ve\/public\/wp-content\/uploads\/2025\/08\/4-4.jpg\"><img loading=\"lazy\" decoding=\"async\" class=\"size-full wp-image-107034 aligncenter\" src=\"https:\/\/deportesdigital.com.ve\/public\/wp-content\/uploads\/2025\/08\/4-4.jpg\" alt=\"\" width=\"800\" height=\"587\" srcset=\"https:\/\/deportesdigital.com.ve\/public\/wp-content\/uploads\/2025\/08\/4-4.jpg 800w, https:\/\/deportesdigital.com.ve\/public\/wp-content\/uploads\/2025\/08\/4-4-300x220.jpg 300w, https:\/\/deportesdigital.com.ve\/public\/wp-content\/uploads\/2025\/08\/4-4-768x564.jpg 768w, https:\/\/deportesdigital.com.ve\/public\/wp-content\/uploads\/2025\/08\/4-4-730x536.jpg 730w, https:\/\/deportesdigital.com.ve\/public\/wp-content\/uploads\/2025\/08\/4-4-435x319.jpg 435w, https:\/\/deportesdigital.com.ve\/public\/wp-content\/uploads\/2025\/08\/4-4-80x60.jpg 80w\" sizes=\"auto, (max-width: 800px) 100vw, 800px\" \/><\/a><\/p>\n<p>Seguidamente, se entreg\u00f3 el trofeo de subcampe\u00f3n al equipo Deportivo Popular y el de campe\u00f3n a la oncena de Centro Gallego.<\/p>\n<p><a href=\"https:\/\/deportesdigital.com.ve\/public\/wp-content\/uploads\/2025\/08\/1-6.jpg\"><img loading=\"lazy\" decoding=\"async\" class=\"wp-image-107035 aligncenter\" src=\"https:\/\/deportesdigital.com.ve\/public\/wp-content\/uploads\/2025\/08\/1-6.jpg\" alt=\"\" width=\"751\" height=\"464\" srcset=\"https:\/\/deportesdigital.com.ve\/public\/wp-content\/uploads\/2025\/08\/1-6.jpg 1046w, https:\/\/deportesdigital.com.ve\/public\/wp-content\/uploads\/2025\/08\/1-6-300x185.jpg 300w, https:\/\/deportesdigital.com.ve\/public\/wp-content\/uploads\/2025\/08\/1-6-1024x632.jpg 1024w, https:\/\/deportesdigital.com.ve\/public\/wp-content\/uploads\/2025\/08\/1-6-768x474.jpg 768w, https:\/\/deportesdigital.com.ve\/public\/wp-content\/uploads\/2025\/08\/1-6-730x451.jpg 730w, https:\/\/deportesdigital.com.ve\/public\/wp-content\/uploads\/2025\/08\/1-6-435x269.jpg 435w\" sizes=\"auto, (max-width: 751px) 100vw, 751px\" \/><\/a><\/p>\n<p><strong>T\u00f3tem campe\u00f3n Sub-14<\/strong><\/p>\n<p><a href=\"https:\/\/deportesdigital.com.ve\/public\/wp-content\/uploads\/2025\/08\/9-4.jpg\"><img loading=\"lazy\" decoding=\"async\" class=\"size-full wp-image-107042 aligncenter\" src=\"https:\/\/deportesdigital.com.ve\/public\/wp-content\/uploads\/2025\/08\/9-4.jpg\" alt=\"\" width=\"800\" height=\"542\" srcset=\"https:\/\/deportesdigital.com.ve\/public\/wp-content\/uploads\/2025\/08\/9-4.jpg 800w, https:\/\/deportesdigital.com.ve\/public\/wp-content\/uploads\/2025\/08\/9-4-300x203.jpg 300w, https:\/\/deportesdigital.com.ve\/public\/wp-content\/uploads\/2025\/08\/9-4-768x520.jpg 768w, https:\/\/deportesdigital.com.ve\/public\/wp-content\/uploads\/2025\/08\/9-4-730x495.jpg 730w, https:\/\/deportesdigital.com.ve\/public\/wp-content\/uploads\/2025\/08\/9-4-435x295.jpg 435w\" sizes=\"auto, (max-width: 800px) 100vw, 800px\" \/><\/a><\/p>\n<p>&nbsp;<\/p>\n<p>El equipo de Totem alz\u00f3 la copa de campe\u00f3n en la categor\u00eda sub 15 al ganar desde el punto penal 5-4 al equipo de Deportivo Popular.<\/p>\n<p><a href=\"https:\/\/deportesdigital.com.ve\/public\/wp-content\/uploads\/2025\/08\/5-4.jpg\"><img loading=\"lazy\" decoding=\"async\" class=\"size-full wp-image-107038 aligncenter\" src=\"https:\/\/deportesdigital.com.ve\/public\/wp-content\/uploads\/2025\/08\/5-4.jpg\" alt=\"\" width=\"800\" height=\"441\" srcset=\"https:\/\/deportesdigital.com.ve\/public\/wp-content\/uploads\/2025\/08\/5-4.jpg 800w, https:\/\/deportesdigital.com.ve\/public\/wp-content\/uploads\/2025\/08\/5-4-300x165.jpg 300w, https:\/\/deportesdigital.com.ve\/public\/wp-content\/uploads\/2025\/08\/5-4-768x423.jpg 768w, https:\/\/deportesdigital.com.ve\/public\/wp-content\/uploads\/2025\/08\/5-4-730x402.jpg 730w, https:\/\/deportesdigital.com.ve\/public\/wp-content\/uploads\/2025\/08\/5-4-435x240.jpg 435w\" sizes=\"auto, (max-width: 800px) 100vw, 800px\" \/><\/a><\/p>\n<p>En un encuentro que se defini\u00f3 en lo defensivo entre Totem y Deportivo Popular, que culmin\u00f3 en cero en el tiempo reglamentario y se defini\u00f3 desde el punto penal.<\/p>\n<p><a href=\"https:\/\/deportesdigital.com.ve\/public\/wp-content\/uploads\/2025\/08\/6-4.jpg\"><img loading=\"lazy\" decoding=\"async\" class=\"size-full wp-image-107039 aligncenter\" src=\"https:\/\/deportesdigital.com.ve\/public\/wp-content\/uploads\/2025\/08\/6-4.jpg\" alt=\"\" width=\"800\" height=\"589\" srcset=\"https:\/\/deportesdigital.com.ve\/public\/wp-content\/uploads\/2025\/08\/6-4.jpg 800w, https:\/\/deportesdigital.com.ve\/public\/wp-content\/uploads\/2025\/08\/6-4-300x221.jpg 300w, https:\/\/deportesdigital.com.ve\/public\/wp-content\/uploads\/2025\/08\/6-4-768x565.jpg 768w, https:\/\/deportesdigital.com.ve\/public\/wp-content\/uploads\/2025\/08\/6-4-730x537.jpg 730w, https:\/\/deportesdigital.com.ve\/public\/wp-content\/uploads\/2025\/08\/6-4-435x320.jpg 435w, https:\/\/deportesdigital.com.ve\/public\/wp-content\/uploads\/2025\/08\/6-4-80x60.jpg 80w\" sizes=\"auto, (max-width: 800px) 100vw, 800px\" \/><\/a><\/p>\n<p>La alegr\u00eda llen\u00f3 las tribunas de ambas divisas durante la premiaci\u00f3n, recibiendo como el campe\u00f3n ganador de la categor\u00eda a Mateo V\u00edlchez del equipo Totem y a Samuel R\u00edos como el MVP de la final\u00a0y valla menos vencida del torneo.<\/p>\n<p><a href=\"https:\/\/deportesdigital.com.ve\/public\/wp-content\/uploads\/2025\/08\/8-4.jpg\"><img loading=\"lazy\" decoding=\"async\" class=\"wp-image-107041 aligncenter\" src=\"https:\/\/deportesdigital.com.ve\/public\/wp-content\/uploads\/2025\/08\/8-4.jpg\" alt=\"\" width=\"604\" height=\"507\" srcset=\"https:\/\/deportesdigital.com.ve\/public\/wp-content\/uploads\/2025\/08\/8-4.jpg 800w, https:\/\/deportesdigital.com.ve\/public\/wp-content\/uploads\/2025\/08\/8-4-300x252.jpg 300w, https:\/\/deportesdigital.com.ve\/public\/wp-content\/uploads\/2025\/08\/8-4-768x645.jpg 768w, https:\/\/deportesdigital.com.ve\/public\/wp-content\/uploads\/2025\/08\/8-4-730x613.jpg 730w, https:\/\/deportesdigital.com.ve\/public\/wp-content\/uploads\/2025\/08\/8-4-435x365.jpg 435w\" sizes=\"auto, (max-width: 604px) 100vw, 604px\" \/><\/a> <a href=\"https:\/\/deportesdigital.com.ve\/public\/wp-content\/uploads\/2025\/08\/7-4.jpg\"><img loading=\"lazy\" decoding=\"async\" class=\"wp-image-107040 aligncenter\" src=\"https:\/\/deportesdigital.com.ve\/public\/wp-content\/uploads\/2025\/08\/7-4.jpg\" alt=\"\" width=\"540\" height=\"453\" srcset=\"https:\/\/deportesdigital.com.ve\/public\/wp-content\/uploads\/2025\/08\/7-4.jpg 800w, https:\/\/deportesdigital.com.ve\/public\/wp-content\/uploads\/2025\/08\/7-4-300x252.jpg 300w, https:\/\/deportesdigital.com.ve\/public\/wp-content\/uploads\/2025\/08\/7-4-768x644.jpg 768w, https:\/\/deportesdigital.com.ve\/public\/wp-content\/uploads\/2025\/08\/7-4-730x612.jpg 730w, https:\/\/deportesdigital.com.ve\/public\/wp-content\/uploads\/2025\/08\/7-4-435x365.jpg 435w\" sizes=\"auto, (max-width: 540px) 100vw, 540px\" \/><\/a><\/p>\n<p>La celebraci\u00f3n culmin\u00f3 con la entrega del trofeo al equipo subcampe\u00f3n Deportivo Popular y el de campe\u00f3n Totem.<\/p>\n<p><a href=\"https:\/\/deportesdigital.com.ve\/public\/wp-content\/uploads\/2025\/08\/WhatsApp-Image-2025-08-06-at-11.25.41-AM.jpeg\"><img loading=\"lazy\" decoding=\"async\" class=\"wp-image-107037 aligncenter\" src=\"https:\/\/deportesdigital.com.ve\/public\/wp-content\/uploads\/2025\/08\/WhatsApp-Image-2025-08-06-at-11.25.41-AM-e1754494911233.jpeg\" alt=\"\" width=\"739\" height=\"438\" srcset=\"https:\/\/deportesdigital.com.ve\/public\/wp-content\/uploads\/2025\/08\/WhatsApp-Image-2025-08-06-at-11.25.41-AM-e1754494911233.jpeg 1015w, https:\/\/deportesdigital.com.ve\/public\/wp-content\/uploads\/2025\/08\/WhatsApp-Image-2025-08-06-at-11.25.41-AM-e1754494911233-300x178.jpeg 300w, https:\/\/deportesdigital.com.ve\/public\/wp-content\/uploads\/2025\/08\/WhatsApp-Image-2025-08-06-at-11.25.41-AM-e1754494911233-768x456.jpeg 768w, https:\/\/deportesdigital.com.ve\/public\/wp-content\/uploads\/2025\/08\/WhatsApp-Image-2025-08-06-at-11.25.41-AM-e1754494911233-730x433.jpeg 730w, https:\/\/deportesdigital.com.ve\/public\/wp-content\/uploads\/2025\/08\/WhatsApp-Image-2025-08-06-at-11.25.41-AM-e1754494911233-435x258.jpeg 435w\" sizes=\"auto, (max-width: 739px) 100vw, 739px\" \/><\/a> <a href=\"https:\/\/deportesdigital.com.ve\/public\/wp-content\/uploads\/2025\/08\/WhatsApp-Image-2025-08-06-at-11.25.41-AM-1.jpeg\"><img loading=\"lazy\" decoding=\"async\" class=\"wp-image-107036 aligncenter\" src=\"https:\/\/deportesdigital.com.ve\/public\/wp-content\/uploads\/2025\/08\/WhatsApp-Image-2025-08-06-at-11.25.41-AM-1.jpeg\" alt=\"\" width=\"706\" height=\"398\" srcset=\"https:\/\/deportesdigital.com.ve\/public\/wp-content\/uploads\/2025\/08\/WhatsApp-Image-2025-08-06-at-11.25.41-AM-1.jpeg 1280w, https:\/\/deportesdigital.com.ve\/public\/wp-content\/uploads\/2025\/08\/WhatsApp-Image-2025-08-06-at-11.25.41-AM-1-300x169.jpeg 300w, https:\/\/deportesdigital.com.ve\/public\/wp-content\/uploads\/2025\/08\/WhatsApp-Image-2025-08-06-at-11.25.41-AM-1-1024x577.jpeg 1024w, https:\/\/deportesdigital.com.ve\/public\/wp-content\/uploads\/2025\/08\/WhatsApp-Image-2025-08-06-at-11.25.41-AM-1-768x433.jpeg 768w, https:\/\/deportesdigital.com.ve\/public\/wp-content\/uploads\/2025\/08\/WhatsApp-Image-2025-08-06-at-11.25.41-AM-1-730x411.jpeg 730w, https:\/\/deportesdigital.com.ve\/public\/wp-content\/uploads\/2025\/08\/WhatsApp-Image-2025-08-06-at-11.25.41-AM-1-435x245.jpeg 435w\" sizes=\"auto, (max-width: 706px) 100vw, 706px\" \/><\/a><\/p>\n<p><strong>Deportivo Popular, monarca de la sub 16<\/strong><\/p>\n<p><a href=\"https:\/\/deportesdigital.com.ve\/public\/wp-content\/uploads\/2025\/08\/11-4.jpg\"><img loading=\"lazy\" decoding=\"async\" class=\"size-full wp-image-107043 aligncenter\" src=\"https:\/\/deportesdigital.com.ve\/public\/wp-content\/uploads\/2025\/08\/11-4.jpg\" alt=\"\" width=\"800\" height=\"452\" srcset=\"https:\/\/deportesdigital.com.ve\/public\/wp-content\/uploads\/2025\/08\/11-4.jpg 800w, https:\/\/deportesdigital.com.ve\/public\/wp-content\/uploads\/2025\/08\/11-4-300x170.jpg 300w, https:\/\/deportesdigital.com.ve\/public\/wp-content\/uploads\/2025\/08\/11-4-768x434.jpg 768w, https:\/\/deportesdigital.com.ve\/public\/wp-content\/uploads\/2025\/08\/11-4-730x412.jpg 730w, https:\/\/deportesdigital.com.ve\/public\/wp-content\/uploads\/2025\/08\/11-4-435x246.jpg 435w\" sizes=\"auto, (max-width: 800px) 100vw, 800px\" \/><\/a><\/p>\n<p>El equipo Deportivo Popular Sub coron\u00f3 campe\u00f3n de la categor\u00eda 16 al ganar desde los doce pasos con marcador de 5-4 a la oncena de Centro Gallego, el encuentro que culmin\u00f3 empatado a cero goles en el tiempo reglamentario.<\/p>\n<p><a href=\"https:\/\/deportesdigital.com.ve\/public\/wp-content\/uploads\/2025\/08\/13-3.jpg\"><img loading=\"lazy\" decoding=\"async\" class=\"size-full wp-image-107045 aligncenter\" src=\"https:\/\/deportesdigital.com.ve\/public\/wp-content\/uploads\/2025\/08\/13-3.jpg\" alt=\"\" width=\"800\" height=\"440\" srcset=\"https:\/\/deportesdigital.com.ve\/public\/wp-content\/uploads\/2025\/08\/13-3.jpg 800w, https:\/\/deportesdigital.com.ve\/public\/wp-content\/uploads\/2025\/08\/13-3-300x165.jpg 300w, https:\/\/deportesdigital.com.ve\/public\/wp-content\/uploads\/2025\/08\/13-3-768x422.jpg 768w, https:\/\/deportesdigital.com.ve\/public\/wp-content\/uploads\/2025\/08\/13-3-730x402.jpg 730w, https:\/\/deportesdigital.com.ve\/public\/wp-content\/uploads\/2025\/08\/13-3-435x239.jpg 435w\" sizes=\"auto, (max-width: 800px) 100vw, 800px\" \/><\/a><\/p>\n<p>Los equipos recibieron la premiaci\u00f3n: el jugador Cristian Rivera se llev\u00f3 los honores como el MVP del encuentro, la valla menos vencida del torneo, Carlos Rivera y Frank Flores del equipo Deportivo Popular, el campe\u00f3n goleador del torneo, Thomas Zumatein del equipo Totem.<\/p>\n<p><a href=\"https:\/\/deportesdigital.com.ve\/public\/wp-content\/uploads\/2025\/08\/15-4.jpg\"><img loading=\"lazy\" decoding=\"async\" class=\" wp-image-107054 aligncenter\" src=\"https:\/\/deportesdigital.com.ve\/public\/wp-content\/uploads\/2025\/08\/15-4.jpg\" alt=\"\" width=\"574\" height=\"415\" srcset=\"https:\/\/deportesdigital.com.ve\/public\/wp-content\/uploads\/2025\/08\/15-4.jpg 800w, https:\/\/deportesdigital.com.ve\/public\/wp-content\/uploads\/2025\/08\/15-4-300x217.jpg 300w, https:\/\/deportesdigital.com.ve\/public\/wp-content\/uploads\/2025\/08\/15-4-768x555.jpg 768w, https:\/\/deportesdigital.com.ve\/public\/wp-content\/uploads\/2025\/08\/15-4-730x527.jpg 730w, https:\/\/deportesdigital.com.ve\/public\/wp-content\/uploads\/2025\/08\/15-4-435x314.jpg 435w\" sizes=\"auto, (max-width: 574px) 100vw, 574px\" \/><\/a> <a href=\"https:\/\/deportesdigital.com.ve\/public\/wp-content\/uploads\/2025\/08\/14-3.jpg\"><img loading=\"lazy\" decoding=\"async\" class=\"wp-image-107053 aligncenter\" src=\"https:\/\/deportesdigital.com.ve\/public\/wp-content\/uploads\/2025\/08\/14-3.jpg\" alt=\"\" width=\"607\" height=\"353\" srcset=\"https:\/\/deportesdigital.com.ve\/public\/wp-content\/uploads\/2025\/08\/14-3.jpg 800w, https:\/\/deportesdigital.com.ve\/public\/wp-content\/uploads\/2025\/08\/14-3-300x174.jpg 300w, https:\/\/deportesdigital.com.ve\/public\/wp-content\/uploads\/2025\/08\/14-3-768x446.jpg 768w, https:\/\/deportesdigital.com.ve\/public\/wp-content\/uploads\/2025\/08\/14-3-730x424.jpg 730w, https:\/\/deportesdigital.com.ve\/public\/wp-content\/uploads\/2025\/08\/14-3-435x253.jpg 435w\" sizes=\"auto, (max-width: 607px) 100vw, 607px\" \/><\/a><\/p>\n<p>Para finalizar, se realiz\u00f3 la entrega del trofeo al equipo subcampe\u00f3n Centro Gallego y el de campe\u00f3n a la oncena de Deportivo Popular.<\/p>\n<p><a href=\"https:\/\/deportesdigital.com.ve\/public\/wp-content\/uploads\/2025\/08\/WhatsApp-Image-2025-08-06-at-11.47.50-AM-1.jpeg\"><img loading=\"lazy\" decoding=\"async\" class=\"wp-image-107049 aligncenter\" src=\"https:\/\/deportesdigital.com.ve\/public\/wp-content\/uploads\/2025\/08\/WhatsApp-Image-2025-08-06-at-11.47.50-AM-1.jpeg\" alt=\"\" width=\"896\" height=\"505\" \/><\/a> <a href=\"https:\/\/deportesdigital.com.ve\/public\/wp-content\/uploads\/2025\/08\/WhatsApp-Image-2025-08-06-at-11.47.51-AM-1.jpeg\"><img loading=\"lazy\" decoding=\"async\" class=\"wp-image-107048 aligncenter\" src=\"https:\/\/deportesdigital.com.ve\/public\/wp-content\/uploads\/2025\/08\/WhatsApp-Image-2025-08-06-at-11.47.51-AM-1.jpeg\" alt=\"\" width=\"887\" height=\"500\" srcset=\"https:\/\/deportesdigital.com.ve\/public\/wp-content\/uploads\/2025\/08\/WhatsApp-Image-2025-08-06-at-11.47.51-AM-1.jpeg 1280w, https:\/\/deportesdigital.com.ve\/public\/wp-content\/uploads\/2025\/08\/WhatsApp-Image-2025-08-06-at-11.47.51-AM-1-300x169.jpeg 300w, https:\/\/deportesdigital.com.ve\/public\/wp-content\/uploads\/2025\/08\/WhatsApp-Image-2025-08-06-at-11.47.51-AM-1-1024x577.jpeg 1024w, https:\/\/deportesdigital.com.ve\/public\/wp-content\/uploads\/2025\/08\/WhatsApp-Image-2025-08-06-at-11.47.51-AM-1-768x433.jpeg 768w, https:\/\/deportesdigital.com.ve\/public\/wp-content\/uploads\/2025\/08\/WhatsApp-Image-2025-08-06-at-11.47.51-AM-1-730x411.jpeg 730w, https:\/\/deportesdigital.com.ve\/public\/wp-content\/uploads\/2025\/08\/WhatsApp-Image-2025-08-06-at-11.47.51-AM-1-435x245.jpeg 435w\" sizes=\"auto, (max-width: 887px) 100vw, 887px\" \/><\/a><\/p>\n<p><strong>Deportivo Popular se coron\u00f3 en la sub-18<\/strong><\/p>\n<p><a href=\"https:\/\/deportesdigital.com.ve\/public\/wp-content\/uploads\/2025\/08\/18-3.jpg\"><img loading=\"lazy\" decoding=\"async\" class=\" wp-image-107057 aligncenter\" src=\"https:\/\/deportesdigital.com.ve\/public\/wp-content\/uploads\/2025\/08\/18-3.jpg\" alt=\"\" width=\"634\" height=\"565\" srcset=\"https:\/\/deportesdigital.com.ve\/public\/wp-content\/uploads\/2025\/08\/18-3.jpg 800w, https:\/\/deportesdigital.com.ve\/public\/wp-content\/uploads\/2025\/08\/18-3-300x267.jpg 300w, https:\/\/deportesdigital.com.ve\/public\/wp-content\/uploads\/2025\/08\/18-3-768x684.jpg 768w, https:\/\/deportesdigital.com.ve\/public\/wp-content\/uploads\/2025\/08\/18-3-730x651.jpg 730w, https:\/\/deportesdigital.com.ve\/public\/wp-content\/uploads\/2025\/08\/18-3-435x388.jpg 435w\" sizes=\"auto, (max-width: 634px) 100vw, 634px\" \/><\/a><\/p>\n<p>En gran duelo de equipos de casa, Deportivo Popular A y Deportivo Popular B se enfrentaron por el cetro de la categor\u00eda Sub 18, llev\u00e1ndose el campeonato el equipo B por la v\u00eda de los penales.<\/p>\n<p>&nbsp;<\/p>\n<p>Encuentro que culmin\u00f3 empatado a dos goles por lado; por el equipo de Deportivo Popular A anotaron Bryan Roa y Santiago Herrera; por Deportivo Popular B, Esteban Lizardo y \u00c1ngel Fuenmayor.<\/p>\n<p><a href=\"https:\/\/deportesdigital.com.ve\/public\/wp-content\/uploads\/2025\/08\/21-2.jpg\"><img loading=\"lazy\" decoding=\"async\" class=\"alignnone wp-image-107060\" src=\"https:\/\/deportesdigital.com.ve\/public\/wp-content\/uploads\/2025\/08\/21-2.jpg\" alt=\"\" width=\"471\" height=\"423\" srcset=\"https:\/\/deportesdigital.com.ve\/public\/wp-content\/uploads\/2025\/08\/21-2.jpg 800w, https:\/\/deportesdigital.com.ve\/public\/wp-content\/uploads\/2025\/08\/21-2-300x270.jpg 300w, https:\/\/deportesdigital.com.ve\/public\/wp-content\/uploads\/2025\/08\/21-2-768x690.jpg 768w, https:\/\/deportesdigital.com.ve\/public\/wp-content\/uploads\/2025\/08\/21-2-730x656.jpg 730w, https:\/\/deportesdigital.com.ve\/public\/wp-content\/uploads\/2025\/08\/21-2-435x391.jpg 435w\" sizes=\"auto, (max-width: 471px) 100vw, 471px\" \/><\/a> <a href=\"https:\/\/deportesdigital.com.ve\/public\/wp-content\/uploads\/2025\/08\/20-2.jpg\"><img loading=\"lazy\" decoding=\"async\" class=\"alignnone wp-image-107059\" src=\"https:\/\/deportesdigital.com.ve\/public\/wp-content\/uploads\/2025\/08\/20-2.jpg\" alt=\"\" width=\"540\" height=\"382\" srcset=\"https:\/\/deportesdigital.com.ve\/public\/wp-content\/uploads\/2025\/08\/20-2.jpg 800w, https:\/\/deportesdigital.com.ve\/public\/wp-content\/uploads\/2025\/08\/20-2-300x212.jpg 300w, https:\/\/deportesdigital.com.ve\/public\/wp-content\/uploads\/2025\/08\/20-2-768x543.jpg 768w, https:\/\/deportesdigital.com.ve\/public\/wp-content\/uploads\/2025\/08\/20-2-730x516.jpg 730w, https:\/\/deportesdigital.com.ve\/public\/wp-content\/uploads\/2025\/08\/20-2-435x308.jpg 435w\" sizes=\"auto, (max-width: 540px) 100vw, 540px\" \/><\/a><\/p>\n<p>En la ronda de penales, el equipo de Popular B\u00a0se qued\u00f3 con el campeonato al ganar 4-3 a su similar Deportivo Popular A.<\/p>\n<p><a href=\"https:\/\/deportesdigital.com.ve\/public\/wp-content\/uploads\/2025\/08\/19-2.jpg\"><img loading=\"lazy\" decoding=\"async\" class=\"size-full wp-image-107058 aligncenter\" src=\"https:\/\/deportesdigital.com.ve\/public\/wp-content\/uploads\/2025\/08\/19-2.jpg\" alt=\"\" width=\"800\" height=\"439\" srcset=\"https:\/\/deportesdigital.com.ve\/public\/wp-content\/uploads\/2025\/08\/19-2.jpg 800w, https:\/\/deportesdigital.com.ve\/public\/wp-content\/uploads\/2025\/08\/19-2-300x165.jpg 300w, https:\/\/deportesdigital.com.ve\/public\/wp-content\/uploads\/2025\/08\/19-2-768x421.jpg 768w, https:\/\/deportesdigital.com.ve\/public\/wp-content\/uploads\/2025\/08\/19-2-730x401.jpg 730w, https:\/\/deportesdigital.com.ve\/public\/wp-content\/uploads\/2025\/08\/19-2-435x239.jpg 435w\" sizes=\"auto, (max-width: 800px) 100vw, 800px\" \/><\/a><\/p>\n<p>La premiaci\u00f3n de la categor\u00eda, el cuadro de honor, qued\u00f3 conformado por\u00a0el MVP del encuentro, \u00c1ngel Colman; el campe\u00f3n goleador, Jackson Araujo; y la valla menos vencida, Jes\u00fas Araujo, del equipo Deportivo Coromoto.<\/p>\n<p><a href=\"https:\/\/deportesdigital.com.ve\/public\/wp-content\/uploads\/2025\/08\/15-4.jpg\"><img loading=\"lazy\" decoding=\"async\" class=\"wp-image-107054 aligncenter\" src=\"https:\/\/deportesdigital.com.ve\/public\/wp-content\/uploads\/2025\/08\/15-4.jpg\" alt=\"\" width=\"572\" height=\"413\" srcset=\"https:\/\/deportesdigital.com.ve\/public\/wp-content\/uploads\/2025\/08\/15-4.jpg 800w, https:\/\/deportesdigital.com.ve\/public\/wp-content\/uploads\/2025\/08\/15-4-300x217.jpg 300w, https:\/\/deportesdigital.com.ve\/public\/wp-content\/uploads\/2025\/08\/15-4-768x555.jpg 768w, https:\/\/deportesdigital.com.ve\/public\/wp-content\/uploads\/2025\/08\/15-4-730x527.jpg 730w, https:\/\/deportesdigital.com.ve\/public\/wp-content\/uploads\/2025\/08\/15-4-435x314.jpg 435w\" sizes=\"auto, (max-width: 572px) 100vw, 572px\" \/><\/a> <a href=\"https:\/\/deportesdigital.com.ve\/public\/wp-content\/uploads\/2025\/08\/16-2.jpg\"><img loading=\"lazy\" decoding=\"async\" class=\"wp-image-107055 aligncenter\" src=\"https:\/\/deportesdigital.com.ve\/public\/wp-content\/uploads\/2025\/08\/16-2.jpg\" alt=\"\" width=\"591\" height=\"428\" srcset=\"https:\/\/deportesdigital.com.ve\/public\/wp-content\/uploads\/2025\/08\/16-2.jpg 800w, https:\/\/deportesdigital.com.ve\/public\/wp-content\/uploads\/2025\/08\/16-2-300x217.jpg 300w, https:\/\/deportesdigital.com.ve\/public\/wp-content\/uploads\/2025\/08\/16-2-768x556.jpg 768w, https:\/\/deportesdigital.com.ve\/public\/wp-content\/uploads\/2025\/08\/16-2-730x528.jpg 730w, https:\/\/deportesdigital.com.ve\/public\/wp-content\/uploads\/2025\/08\/16-2-435x315.jpg 435w\" sizes=\"auto, (max-width: 591px) 100vw, 591px\" \/><\/a> <a href=\"https:\/\/deportesdigital.com.ve\/public\/wp-content\/uploads\/2025\/08\/17-2.jpg\"><img loading=\"lazy\" decoding=\"async\" class=\"wp-image-107056 aligncenter\" src=\"https:\/\/deportesdigital.com.ve\/public\/wp-content\/uploads\/2025\/08\/17-2.jpg\" alt=\"\" width=\"606\" height=\"440\" srcset=\"https:\/\/deportesdigital.com.ve\/public\/wp-content\/uploads\/2025\/08\/17-2.jpg 800w, https:\/\/deportesdigital.com.ve\/public\/wp-content\/uploads\/2025\/08\/17-2-300x218.jpg 300w, https:\/\/deportesdigital.com.ve\/public\/wp-content\/uploads\/2025\/08\/17-2-768x558.jpg 768w, https:\/\/deportesdigital.com.ve\/public\/wp-content\/uploads\/2025\/08\/17-2-730x530.jpg 730w, https:\/\/deportesdigital.com.ve\/public\/wp-content\/uploads\/2025\/08\/17-2-435x316.jpg 435w\" sizes=\"auto, (max-width: 606px) 100vw, 606px\" \/><\/a><\/p>\n<p>El cuadro de honor lo completaron el equipo subcampe\u00f3n Deportivo Coromoto B y Deportivo Popular A, campe\u00f3n del Torneo Vacacional Deportivo Popular.<\/p>\n<p><a href=\"https:\/\/deportesdigital.com.ve\/public\/wp-content\/uploads\/2025\/08\/WhatsApp-Image-2025-08-06-at-12.26.53-PM.jpeg\"><img loading=\"lazy\" decoding=\"async\" class=\"wp-image-107063 aligncenter\" src=\"https:\/\/deportesdigital.com.ve\/public\/wp-content\/uploads\/2025\/08\/WhatsApp-Image-2025-08-06-at-12.26.53-PM.jpeg\" alt=\"\" width=\"879\" height=\"495\" srcset=\"https:\/\/deportesdigital.com.ve\/public\/wp-content\/uploads\/2025\/08\/WhatsApp-Image-2025-08-06-at-12.26.53-PM.jpeg 1280w, https:\/\/deportesdigital.com.ve\/public\/wp-content\/uploads\/2025\/08\/WhatsApp-Image-2025-08-06-at-12.26.53-PM-300x169.jpeg 300w, https:\/\/deportesdigital.com.ve\/public\/wp-content\/uploads\/2025\/08\/WhatsApp-Image-2025-08-06-at-12.26.53-PM-1024x577.jpeg 1024w, https:\/\/deportesdigital.com.ve\/public\/wp-content\/uploads\/2025\/08\/WhatsApp-Image-2025-08-06-at-12.26.53-PM-768x433.jpeg 768w, https:\/\/deportesdigital.com.ve\/public\/wp-content\/uploads\/2025\/08\/WhatsApp-Image-2025-08-06-at-12.26.53-PM-730x411.jpeg 730w, https:\/\/deportesdigital.com.ve\/public\/wp-content\/uploads\/2025\/08\/WhatsApp-Image-2025-08-06-at-12.26.53-PM-435x245.jpeg 435w\" sizes=\"auto, (max-width: 879px) 100vw, 879px\" \/><\/a> <a href=\"https:\/\/deportesdigital.com.ve\/public\/wp-content\/uploads\/2025\/08\/WhatsApp-Image-2025-08-06-at-12.26.54-PM.jpeg\"><img loading=\"lazy\" decoding=\"async\" class=\"wp-image-107062 aligncenter\" src=\"https:\/\/deportesdigital.com.ve\/public\/wp-content\/uploads\/2025\/08\/WhatsApp-Image-2025-08-06-at-12.26.54-PM.jpeg\" alt=\"\" width=\"884\" height=\"498\" srcset=\"https:\/\/deportesdigital.com.ve\/public\/wp-content\/uploads\/2025\/08\/WhatsApp-Image-2025-08-06-at-12.26.54-PM.jpeg 1280w, https:\/\/deportesdigital.com.ve\/public\/wp-content\/uploads\/2025\/08\/WhatsApp-Image-2025-08-06-at-12.26.54-PM-300x169.jpeg 300w, https:\/\/deportesdigital.com.ve\/public\/wp-content\/uploads\/2025\/08\/WhatsApp-Image-2025-08-06-at-12.26.54-PM-1024x577.jpeg 1024w, https:\/\/deportesdigital.com.ve\/public\/wp-content\/uploads\/2025\/08\/WhatsApp-Image-2025-08-06-at-12.26.54-PM-768x433.jpeg 768w, https:\/\/deportesdigital.com.ve\/public\/wp-content\/uploads\/2025\/08\/WhatsApp-Image-2025-08-06-at-12.26.54-PM-730x411.jpeg 730w, https:\/\/deportesdigital.com.ve\/public\/wp-content\/uploads\/2025\/08\/WhatsApp-Image-2025-08-06-at-12.26.54-PM-435x245.jpeg 435w\" sizes=\"auto, (max-width: 884px) 100vw, 884px\" \/><\/a><\/p>\n<p>Las categor\u00edas menores sorprendieron a representantes y asistentes a la fiesta de finales mostrando que en verdad les gusta el futbol.<\/p>\n<p><strong>Talentos del Sur, campe\u00f3n sub-12<\/strong><\/p>\n<p><a href=\"https:\/\/deportesdigital.com.ve\/public\/wp-content\/uploads\/2025\/08\/WhatsApp-Image-2025-08-06-at-12.43.58-PM.jpeg\"><img loading=\"lazy\" decoding=\"async\" class=\"wp-image-107064 aligncenter\" src=\"https:\/\/deportesdigital.com.ve\/public\/wp-content\/uploads\/2025\/08\/WhatsApp-Image-2025-08-06-at-12.43.58-PM.jpeg\" alt=\"\" width=\"783\" height=\"441\" srcset=\"https:\/\/deportesdigital.com.ve\/public\/wp-content\/uploads\/2025\/08\/WhatsApp-Image-2025-08-06-at-12.43.58-PM.jpeg 1280w, https:\/\/deportesdigital.com.ve\/public\/wp-content\/uploads\/2025\/08\/WhatsApp-Image-2025-08-06-at-12.43.58-PM-300x169.jpeg 300w, https:\/\/deportesdigital.com.ve\/public\/wp-content\/uploads\/2025\/08\/WhatsApp-Image-2025-08-06-at-12.43.58-PM-1024x577.jpeg 1024w, https:\/\/deportesdigital.com.ve\/public\/wp-content\/uploads\/2025\/08\/WhatsApp-Image-2025-08-06-at-12.43.58-PM-768x433.jpeg 768w, https:\/\/deportesdigital.com.ve\/public\/wp-content\/uploads\/2025\/08\/WhatsApp-Image-2025-08-06-at-12.43.58-PM-730x411.jpeg 730w, https:\/\/deportesdigital.com.ve\/public\/wp-content\/uploads\/2025\/08\/WhatsApp-Image-2025-08-06-at-12.43.58-PM-435x245.jpeg 435w\" sizes=\"auto, (max-width: 783px) 100vw, 783px\" \/><\/a><\/p>\n<p>En la gran final de la categor\u00eda sub-12, con dianas anotadas por Reinaldo Chirinos y Pedro G\u00f3mez, el equipo de Talentos del Sur se titul\u00f3 campe\u00f3n al ganar al equipo de Deportivo Popular 2-0.<\/p>\n<p><a href=\"https:\/\/deportesdigital.com.ve\/public\/wp-content\/uploads\/2025\/08\/25-1-scaled.jpg\"><img loading=\"lazy\" decoding=\"async\" class=\" wp-image-107068 aligncenter\" src=\"https:\/\/deportesdigital.com.ve\/public\/wp-content\/uploads\/2025\/08\/25-1-scaled.jpg\" alt=\"\" width=\"780\" height=\"702\" srcset=\"https:\/\/deportesdigital.com.ve\/public\/wp-content\/uploads\/2025\/08\/25-1-scaled.jpg 2560w, https:\/\/deportesdigital.com.ve\/public\/wp-content\/uploads\/2025\/08\/25-1-300x270.jpg 300w, https:\/\/deportesdigital.com.ve\/public\/wp-content\/uploads\/2025\/08\/25-1-1024x922.jpg 1024w, https:\/\/deportesdigital.com.ve\/public\/wp-content\/uploads\/2025\/08\/25-1-768x692.jpg 768w, https:\/\/deportesdigital.com.ve\/public\/wp-content\/uploads\/2025\/08\/25-1-1536x1384.jpg 1536w, https:\/\/deportesdigital.com.ve\/public\/wp-content\/uploads\/2025\/08\/25-1-2048x1845.jpg 2048w, https:\/\/deportesdigital.com.ve\/public\/wp-content\/uploads\/2025\/08\/25-1-730x658.jpg 730w, https:\/\/deportesdigital.com.ve\/public\/wp-content\/uploads\/2025\/08\/25-1-435x392.jpg 435w\" sizes=\"auto, (max-width: 780px) 100vw, 780px\" \/><\/a><\/p>\n<p>El cuadro de honor de la categor\u00eda: el jugador de Talentos del Sur, Reinaldo Chirino, se llev\u00f3 los honores como el\u00a0MVP de la final y campe\u00f3n goleador del torneo; la valla menos vencida, la del equipo Fundauam.<\/p>\n<p>&nbsp;<\/p>\n<p>&nbsp;<\/p>\n<p><a href=\"https:\/\/deportesdigital.com.ve\/public\/wp-content\/uploads\/2025\/08\/WhatsApp-Image-2025-08-06-at-7.37.02-PM.jpeg\"><img loading=\"lazy\" decoding=\"async\" class=\"wp-image-107069 aligncenter\" src=\"https:\/\/deportesdigital.com.ve\/public\/wp-content\/uploads\/2025\/08\/WhatsApp-Image-2025-08-06-at-7.37.02-PM.jpeg\" alt=\"\" width=\"800\" height=\"451\" srcset=\"https:\/\/deportesdigital.com.ve\/public\/wp-content\/uploads\/2025\/08\/WhatsApp-Image-2025-08-06-at-7.37.02-PM.jpeg 1280w, https:\/\/deportesdigital.com.ve\/public\/wp-content\/uploads\/2025\/08\/WhatsApp-Image-2025-08-06-at-7.37.02-PM-300x169.jpeg 300w, https:\/\/deportesdigital.com.ve\/public\/wp-content\/uploads\/2025\/08\/WhatsApp-Image-2025-08-06-at-7.37.02-PM-1024x577.jpeg 1024w, https:\/\/deportesdigital.com.ve\/public\/wp-content\/uploads\/2025\/08\/WhatsApp-Image-2025-08-06-at-7.37.02-PM-768x433.jpeg 768w, https:\/\/deportesdigital.com.ve\/public\/wp-content\/uploads\/2025\/08\/WhatsApp-Image-2025-08-06-at-7.37.02-PM-730x411.jpeg 730w, https:\/\/deportesdigital.com.ve\/public\/wp-content\/uploads\/2025\/08\/WhatsApp-Image-2025-08-06-at-7.37.02-PM-435x245.jpeg 435w\" sizes=\"auto, (max-width: 800px) 100vw, 800px\" \/><\/a><\/p>\n<p><a href=\"https:\/\/deportesdigital.com.ve\/public\/wp-content\/uploads\/2025\/08\/WhatsApp-Image-2025-08-06-at-12.44.00-PM.jpeg\"><img loading=\"lazy\" decoding=\"async\" class=\"wp-image-107065 aligncenter\" src=\"https:\/\/deportesdigital.com.ve\/public\/wp-content\/uploads\/2025\/08\/WhatsApp-Image-2025-08-06-at-12.44.00-PM.jpeg\" alt=\"\" width=\"808\" height=\"455\" srcset=\"https:\/\/deportesdigital.com.ve\/public\/wp-content\/uploads\/2025\/08\/WhatsApp-Image-2025-08-06-at-12.44.00-PM.jpeg 1280w, https:\/\/deportesdigital.com.ve\/public\/wp-content\/uploads\/2025\/08\/WhatsApp-Image-2025-08-06-at-12.44.00-PM-300x169.jpeg 300w, https:\/\/deportesdigital.com.ve\/public\/wp-content\/uploads\/2025\/08\/WhatsApp-Image-2025-08-06-at-12.44.00-PM-1024x577.jpeg 1024w, https:\/\/deportesdigital.com.ve\/public\/wp-content\/uploads\/2025\/08\/WhatsApp-Image-2025-08-06-at-12.44.00-PM-768x433.jpeg 768w, https:\/\/deportesdigital.com.ve\/public\/wp-content\/uploads\/2025\/08\/WhatsApp-Image-2025-08-06-at-12.44.00-PM-730x411.jpeg 730w, https:\/\/deportesdigital.com.ve\/public\/wp-content\/uploads\/2025\/08\/WhatsApp-Image-2025-08-06-at-12.44.00-PM-435x245.jpeg 435w\" sizes=\"auto, (max-width: 808px) 100vw, 808px\" \/><\/a><\/p>\n<p>&nbsp;<\/p>\n<p><strong>Guerreros de Cristo, campe\u00f3n de la Sub 10<\/strong><\/p>\n<p><a href=\"https:\/\/deportesdigital.com.ve\/public\/wp-content\/uploads\/2025\/08\/28-1.jpg\"><img loading=\"lazy\" decoding=\"async\" class=\"size-full wp-image-107074 aligncenter\" src=\"https:\/\/deportesdigital.com.ve\/public\/wp-content\/uploads\/2025\/08\/28-1.jpg\" alt=\"\" width=\"800\" height=\"374\" srcset=\"https:\/\/deportesdigital.com.ve\/public\/wp-content\/uploads\/2025\/08\/28-1.jpg 800w, https:\/\/deportesdigital.com.ve\/public\/wp-content\/uploads\/2025\/08\/28-1-300x140.jpg 300w, https:\/\/deportesdigital.com.ve\/public\/wp-content\/uploads\/2025\/08\/28-1-768x359.jpg 768w, https:\/\/deportesdigital.com.ve\/public\/wp-content\/uploads\/2025\/08\/28-1-730x341.jpg 730w, https:\/\/deportesdigital.com.ve\/public\/wp-content\/uploads\/2025\/08\/28-1-435x203.jpg 435w\" sizes=\"auto, (max-width: 800px) 100vw, 800px\" \/><\/a><\/p>\n<p>El equipo de Guerreros de Cristo alz\u00f3 la copa de campe\u00f3n de la categor\u00eda sub 10 al ganar 4-0 al equipo de Deportivo Popular con goles anotados por Jonas D\u00edaz con 2 goles, y Mathias Oquendo y Edmundo Torres con un gol cada uno.<\/p>\n<p><a href=\"https:\/\/deportesdigital.com.ve\/public\/wp-content\/uploads\/2025\/08\/27.jpg\"><img loading=\"lazy\" decoding=\"async\" class=\" wp-image-107073 aligncenter\" src=\"https:\/\/deportesdigital.com.ve\/public\/wp-content\/uploads\/2025\/08\/27.jpg\" alt=\"\" width=\"658\" height=\"485\" srcset=\"https:\/\/deportesdigital.com.ve\/public\/wp-content\/uploads\/2025\/08\/27.jpg 800w, https:\/\/deportesdigital.com.ve\/public\/wp-content\/uploads\/2025\/08\/27-300x221.jpg 300w, https:\/\/deportesdigital.com.ve\/public\/wp-content\/uploads\/2025\/08\/27-768x566.jpg 768w, https:\/\/deportesdigital.com.ve\/public\/wp-content\/uploads\/2025\/08\/27-730x538.jpg 730w, https:\/\/deportesdigital.com.ve\/public\/wp-content\/uploads\/2025\/08\/27-435x321.jpg 435w, https:\/\/deportesdigital.com.ve\/public\/wp-content\/uploads\/2025\/08\/27-80x60.jpg 80w\" sizes=\"auto, (max-width: 658px) 100vw, 658px\" \/><\/a><\/p>\n<p>La premiaci\u00f3n de la categor\u00eda se inici\u00f3 con la entrega al jugador MVP de la final, Jonas D\u00edaz, el campe\u00f3n goleador del torneo, Juan Laplaceliere y la valla menos vencida, la del equipo Totem.<\/p>\n<p><a href=\"https:\/\/deportesdigital.com.ve\/public\/wp-content\/uploads\/2025\/08\/WhatsApp-Image-2025-08-06-at-8.12.54-PM.jpeg\"><img loading=\"lazy\" decoding=\"async\" class=\"wp-image-107071 aligncenter\" src=\"https:\/\/deportesdigital.com.ve\/public\/wp-content\/uploads\/2025\/08\/WhatsApp-Image-2025-08-06-at-8.12.54-PM.jpeg\" alt=\"\" width=\"816\" height=\"460\" srcset=\"https:\/\/deportesdigital.com.ve\/public\/wp-content\/uploads\/2025\/08\/WhatsApp-Image-2025-08-06-at-8.12.54-PM.jpeg 1280w, https:\/\/deportesdigital.com.ve\/public\/wp-content\/uploads\/2025\/08\/WhatsApp-Image-2025-08-06-at-8.12.54-PM-300x169.jpeg 300w, https:\/\/deportesdigital.com.ve\/public\/wp-content\/uploads\/2025\/08\/WhatsApp-Image-2025-08-06-at-8.12.54-PM-1024x577.jpeg 1024w, https:\/\/deportesdigital.com.ve\/public\/wp-content\/uploads\/2025\/08\/WhatsApp-Image-2025-08-06-at-8.12.54-PM-768x433.jpeg 768w, https:\/\/deportesdigital.com.ve\/public\/wp-content\/uploads\/2025\/08\/WhatsApp-Image-2025-08-06-at-8.12.54-PM-730x411.jpeg 730w, https:\/\/deportesdigital.com.ve\/public\/wp-content\/uploads\/2025\/08\/WhatsApp-Image-2025-08-06-at-8.12.54-PM-435x245.jpeg 435w\" sizes=\"auto, (max-width: 816px) 100vw, 816px\" \/><\/a> <a href=\"https:\/\/deportesdigital.com.ve\/public\/wp-content\/uploads\/2025\/08\/WhatsApp-Image-2025-08-06-at-8.12.55-PM-1.jpeg\"><img loading=\"lazy\" decoding=\"async\" class=\"wp-image-107070 aligncenter\" src=\"https:\/\/deportesdigital.com.ve\/public\/wp-content\/uploads\/2025\/08\/WhatsApp-Image-2025-08-06-at-8.12.55-PM-1.jpeg\" alt=\"\" width=\"797\" height=\"449\" srcset=\"https:\/\/deportesdigital.com.ve\/public\/wp-content\/uploads\/2025\/08\/WhatsApp-Image-2025-08-06-at-8.12.55-PM-1.jpeg 1280w, https:\/\/deportesdigital.com.ve\/public\/wp-content\/uploads\/2025\/08\/WhatsApp-Image-2025-08-06-at-8.12.55-PM-1-300x169.jpeg 300w, https:\/\/deportesdigital.com.ve\/public\/wp-content\/uploads\/2025\/08\/WhatsApp-Image-2025-08-06-at-8.12.55-PM-1-1024x577.jpeg 1024w, https:\/\/deportesdigital.com.ve\/public\/wp-content\/uploads\/2025\/08\/WhatsApp-Image-2025-08-06-at-8.12.55-PM-1-768x433.jpeg 768w, https:\/\/deportesdigital.com.ve\/public\/wp-content\/uploads\/2025\/08\/WhatsApp-Image-2025-08-06-at-8.12.55-PM-1-730x411.jpeg 730w, https:\/\/deportesdigital.com.ve\/public\/wp-content\/uploads\/2025\/08\/WhatsApp-Image-2025-08-06-at-8.12.55-PM-1-435x245.jpeg 435w\" sizes=\"auto, (max-width: 797px) 100vw, 797px\" \/><\/a><\/p>\n<p><strong>Guerreros de Cristo alza la copa en la Sub 11<\/strong><\/p>\n<p><a href=\"https:\/\/deportesdigital.com.ve\/public\/wp-content\/uploads\/2025\/08\/31.jpg\"><img loading=\"lazy\" decoding=\"async\" class=\"size-full wp-image-107077 aligncenter\" src=\"https:\/\/deportesdigital.com.ve\/public\/wp-content\/uploads\/2025\/08\/31.jpg\" alt=\"\" width=\"800\" height=\"434\" srcset=\"https:\/\/deportesdigital.com.ve\/public\/wp-content\/uploads\/2025\/08\/31.jpg 800w, https:\/\/deportesdigital.com.ve\/public\/wp-content\/uploads\/2025\/08\/31-300x163.jpg 300w, https:\/\/deportesdigital.com.ve\/public\/wp-content\/uploads\/2025\/08\/31-768x417.jpg 768w, https:\/\/deportesdigital.com.ve\/public\/wp-content\/uploads\/2025\/08\/31-730x396.jpg 730w, https:\/\/deportesdigital.com.ve\/public\/wp-content\/uploads\/2025\/08\/31-435x236.jpg 435w\" sizes=\"auto, (max-width: 800px) 100vw, 800px\" \/><\/a><\/p>\n<p>El club Guerreros de Cristo conquist\u00f3 su segundo campeonato en el torneo vacacional alzando la copa de campe\u00f3n en la categor\u00eda sub-11 al ganar 4-1 al equipo Deportivo Popular.<\/p>\n<p><a href=\"https:\/\/deportesdigital.com.ve\/public\/wp-content\/uploads\/2025\/08\/30.jpg\"><img loading=\"lazy\" decoding=\"async\" class=\"size-full wp-image-107076 aligncenter\" src=\"https:\/\/deportesdigital.com.ve\/public\/wp-content\/uploads\/2025\/08\/30.jpg\" alt=\"\" width=\"800\" height=\"543\" srcset=\"https:\/\/deportesdigital.com.ve\/public\/wp-content\/uploads\/2025\/08\/30.jpg 800w, https:\/\/deportesdigital.com.ve\/public\/wp-content\/uploads\/2025\/08\/30-300x204.jpg 300w, https:\/\/deportesdigital.com.ve\/public\/wp-content\/uploads\/2025\/08\/30-768x521.jpg 768w, https:\/\/deportesdigital.com.ve\/public\/wp-content\/uploads\/2025\/08\/30-730x495.jpg 730w, https:\/\/deportesdigital.com.ve\/public\/wp-content\/uploads\/2025\/08\/30-435x295.jpg 435w\" sizes=\"auto, (max-width: 800px) 100vw, 800px\" \/><\/a><\/p>\n<p>Los goles del triunfo los anotaron por Guerreros de Cristo Mathias Chac\u00edn, con 2 goles, y dianas anotadas por Juan Garcia y Santiago Lizardo. Por el equipo Deportivo Popular descont\u00f3 James Castell.<\/p>\n<p><a href=\"https:\/\/deportesdigital.com.ve\/public\/wp-content\/uploads\/2025\/08\/32.jpg\"><img loading=\"lazy\" decoding=\"async\" class=\"size-full wp-image-107078 aligncenter\" src=\"https:\/\/deportesdigital.com.ve\/public\/wp-content\/uploads\/2025\/08\/32.jpg\" alt=\"\" width=\"800\" height=\"654\" srcset=\"https:\/\/deportesdigital.com.ve\/public\/wp-content\/uploads\/2025\/08\/32.jpg 800w, https:\/\/deportesdigital.com.ve\/public\/wp-content\/uploads\/2025\/08\/32-300x245.jpg 300w, https:\/\/deportesdigital.com.ve\/public\/wp-content\/uploads\/2025\/08\/32-768x628.jpg 768w, https:\/\/deportesdigital.com.ve\/public\/wp-content\/uploads\/2025\/08\/32-730x597.jpg 730w, https:\/\/deportesdigital.com.ve\/public\/wp-content\/uploads\/2025\/08\/32-435x356.jpg 435w\" sizes=\"auto, (max-width: 800px) 100vw, 800px\" \/><\/a><\/p>\n<p>El cuadro de campeones qued\u00f3 conformado por Mathias Chac\u00edn con el MVP de la final y campe\u00f3n goleador del torneo, la valla menos vencida para la de Guerreros de Cristo.<\/p>\n<p><a href=\"https:\/\/deportesdigital.com.ve\/public\/wp-content\/uploads\/2025\/08\/29-1.jpg\"><img loading=\"lazy\" decoding=\"async\" class=\" wp-image-107075 aligncenter\" src=\"https:\/\/deportesdigital.com.ve\/public\/wp-content\/uploads\/2025\/08\/29-1.jpg\" alt=\"\" width=\"683\" height=\"592\" srcset=\"https:\/\/deportesdigital.com.ve\/public\/wp-content\/uploads\/2025\/08\/29-1.jpg 800w, https:\/\/deportesdigital.com.ve\/public\/wp-content\/uploads\/2025\/08\/29-1-300x260.jpg 300w, https:\/\/deportesdigital.com.ve\/public\/wp-content\/uploads\/2025\/08\/29-1-768x665.jpg 768w, https:\/\/deportesdigital.com.ve\/public\/wp-content\/uploads\/2025\/08\/29-1-730x632.jpg 730w, https:\/\/deportesdigital.com.ve\/public\/wp-content\/uploads\/2025\/08\/29-1-435x377.jpg 435w\" sizes=\"auto, (max-width: 683px) 100vw, 683px\" \/><\/a><\/p>\n<p>El cuadro de honor se complet\u00f3 con la entrega de trofeo al equipo subcampe\u00f3n Deportivo Popular y campe\u00f3n a Guerreros de Cristo.<\/p>\n<p><a href=\"https:\/\/deportesdigital.com.ve\/public\/wp-content\/uploads\/2025\/08\/WhatsApp-Image-2025-08-06-at-9.11.13-PM.jpeg\"><img loading=\"lazy\" decoding=\"async\" class=\"wp-image-107080 aligncenter\" src=\"https:\/\/deportesdigital.com.ve\/public\/wp-content\/uploads\/2025\/08\/WhatsApp-Image-2025-08-06-at-9.11.13-PM.jpeg\" alt=\"\" width=\"767\" height=\"432\" srcset=\"https:\/\/deportesdigital.com.ve\/public\/wp-content\/uploads\/2025\/08\/WhatsApp-Image-2025-08-06-at-9.11.13-PM.jpeg 1280w, https:\/\/deportesdigital.com.ve\/public\/wp-content\/uploads\/2025\/08\/WhatsApp-Image-2025-08-06-at-9.11.13-PM-300x169.jpeg 300w, https:\/\/deportesdigital.com.ve\/public\/wp-content\/uploads\/2025\/08\/WhatsApp-Image-2025-08-06-at-9.11.13-PM-1024x577.jpeg 1024w, https:\/\/deportesdigital.com.ve\/public\/wp-content\/uploads\/2025\/08\/WhatsApp-Image-2025-08-06-at-9.11.13-PM-768x433.jpeg 768w, https:\/\/deportesdigital.com.ve\/public\/wp-content\/uploads\/2025\/08\/WhatsApp-Image-2025-08-06-at-9.11.13-PM-730x411.jpeg 730w, https:\/\/deportesdigital.com.ve\/public\/wp-content\/uploads\/2025\/08\/WhatsApp-Image-2025-08-06-at-9.11.13-PM-435x245.jpeg 435w\" sizes=\"auto, (max-width: 767px) 100vw, 767px\" \/><\/a> <a href=\"https:\/\/deportesdigital.com.ve\/public\/wp-content\/uploads\/2025\/08\/WhatsApp-Image-2025-08-06-at-9.11.13-PM-1.jpeg\"><img loading=\"lazy\" decoding=\"async\" class=\"wp-image-107079 aligncenter\" src=\"https:\/\/deportesdigital.com.ve\/public\/wp-content\/uploads\/2025\/08\/WhatsApp-Image-2025-08-06-at-9.11.13-PM-1.jpeg\" alt=\"\" width=\"759\" height=\"428\" srcset=\"https:\/\/deportesdigital.com.ve\/public\/wp-content\/uploads\/2025\/08\/WhatsApp-Image-2025-08-06-at-9.11.13-PM-1.jpeg 1280w, https:\/\/deportesdigital.com.ve\/public\/wp-content\/uploads\/2025\/08\/WhatsApp-Image-2025-08-06-at-9.11.13-PM-1-300x169.jpeg 300w, https:\/\/deportesdigital.com.ve\/public\/wp-content\/uploads\/2025\/08\/WhatsApp-Image-2025-08-06-at-9.11.13-PM-1-1024x577.jpeg 1024w, https:\/\/deportesdigital.com.ve\/public\/wp-content\/uploads\/2025\/08\/WhatsApp-Image-2025-08-06-at-9.11.13-PM-1-768x433.jpeg 768w, https:\/\/deportesdigital.com.ve\/public\/wp-content\/uploads\/2025\/08\/WhatsApp-Image-2025-08-06-at-9.11.13-PM-1-730x411.jpeg 730w, https:\/\/deportesdigital.com.ve\/public\/wp-content\/uploads\/2025\/08\/WhatsApp-Image-2025-08-06-at-9.11.13-PM-1-435x245.jpeg 435w\" sizes=\"auto, (max-width: 759px) 100vw, 759px\" \/><\/a><\/p>\n<p>La Champions, campe\u00f3n de la sub 8<\/p>\n<p><a href=\"https:\/\/deportesdigital.com.ve\/public\/wp-content\/uploads\/2025\/08\/37.jpg\"><img loading=\"lazy\" decoding=\"async\" class=\"wp-image-107085 aligncenter\" src=\"https:\/\/deportesdigital.com.ve\/public\/wp-content\/uploads\/2025\/08\/37.jpg\" alt=\"\" width=\"621\" height=\"641\" srcset=\"https:\/\/deportesdigital.com.ve\/public\/wp-content\/uploads\/2025\/08\/37.jpg 800w, https:\/\/deportesdigital.com.ve\/public\/wp-content\/uploads\/2025\/08\/37-291x300.jpg 291w, https:\/\/deportesdigital.com.ve\/public\/wp-content\/uploads\/2025\/08\/37-768x793.jpg 768w, https:\/\/deportesdigital.com.ve\/public\/wp-content\/uploads\/2025\/08\/37-730x754.jpg 730w, https:\/\/deportesdigital.com.ve\/public\/wp-content\/uploads\/2025\/08\/37-435x449.jpg 435w\" sizes=\"auto, (max-width: 621px) 100vw, 621px\" \/><\/a><\/p>\n<p>A finales, el broche de oro fue para la categor\u00eda consentida, la Sub 8, con dos encuentros que se iniciaron por el tercer y cuarto lugar, con triunfo para el equipo de Fundauam con marcador de 2-0 ante Deportivo Popular.<\/p>\n<p><a href=\"https:\/\/deportesdigital.com.ve\/public\/wp-content\/uploads\/2025\/08\/35.jpg\"><img loading=\"lazy\" decoding=\"async\" class=\"size-full wp-image-107083 aligncenter\" src=\"https:\/\/deportesdigital.com.ve\/public\/wp-content\/uploads\/2025\/08\/35.jpg\" alt=\"\" width=\"800\" height=\"620\" srcset=\"https:\/\/deportesdigital.com.ve\/public\/wp-content\/uploads\/2025\/08\/35.jpg 800w, https:\/\/deportesdigital.com.ve\/public\/wp-content\/uploads\/2025\/08\/35-300x233.jpg 300w, https:\/\/deportesdigital.com.ve\/public\/wp-content\/uploads\/2025\/08\/35-768x595.jpg 768w, https:\/\/deportesdigital.com.ve\/public\/wp-content\/uploads\/2025\/08\/35-730x566.jpg 730w, https:\/\/deportesdigital.com.ve\/public\/wp-content\/uploads\/2025\/08\/35-435x337.jpg 435w\" sizes=\"auto, (max-width: 800px) 100vw, 800px\" \/><\/a><\/p>\n<p>En la gran final, el equipo de La Champions se titul\u00f3 campe\u00f3n de la categor\u00eda al ganar 1-0 al equipo de Academia Rayo Zuliano, con gol anotado por Santiago Flores.<\/p>\n<p><a href=\"https:\/\/deportesdigital.com.ve\/public\/wp-content\/uploads\/2025\/08\/WhatsApp-Image-2025-08-06-at-9.29.36-PM-e1754530914121.jpeg\"><img loading=\"lazy\" decoding=\"async\" class=\"alignnone size-full wp-image-107091\" src=\"https:\/\/deportesdigital.com.ve\/public\/wp-content\/uploads\/2025\/08\/WhatsApp-Image-2025-08-06-at-9.29.36-PM-e1754530914121.jpeg\" alt=\"\" width=\"1056\" height=\"720\" srcset=\"https:\/\/deportesdigital.com.ve\/public\/wp-content\/uploads\/2025\/08\/WhatsApp-Image-2025-08-06-at-9.29.36-PM-e1754530914121.jpeg 1056w, https:\/\/deportesdigital.com.ve\/public\/wp-content\/uploads\/2025\/08\/WhatsApp-Image-2025-08-06-at-9.29.36-PM-e1754530914121-300x205.jpeg 300w, https:\/\/deportesdigital.com.ve\/public\/wp-content\/uploads\/2025\/08\/WhatsApp-Image-2025-08-06-at-9.29.36-PM-e1754530914121-1024x698.jpeg 1024w, https:\/\/deportesdigital.com.ve\/public\/wp-content\/uploads\/2025\/08\/WhatsApp-Image-2025-08-06-at-9.29.36-PM-e1754530914121-768x524.jpeg 768w, https:\/\/deportesdigital.com.ve\/public\/wp-content\/uploads\/2025\/08\/WhatsApp-Image-2025-08-06-at-9.29.36-PM-e1754530914121-730x498.jpeg 730w, https:\/\/deportesdigital.com.ve\/public\/wp-content\/uploads\/2025\/08\/WhatsApp-Image-2025-08-06-at-9.29.36-PM-e1754530914121-435x297.jpeg 435w\" sizes=\"auto, (max-width: 1056px) 100vw, 1056px\" \/><\/a><\/p>\n<p>El cuadro de honor de la categor\u00eda: el MVP\u00a0de la final, Santiago Flores; el campe\u00f3n goleador del torneo, Dominic Rojas; la valla menos vencida, la de La Champions.<\/p>\n<p><a href=\"https:\/\/deportesdigital.com.ve\/public\/wp-content\/uploads\/2025\/08\/34.jpg\"><img loading=\"lazy\" decoding=\"async\" class=\"wp-image-107082 aligncenter\" src=\"https:\/\/deportesdigital.com.ve\/public\/wp-content\/uploads\/2025\/08\/34.jpg\" alt=\"\" width=\"558\" height=\"526\" srcset=\"https:\/\/deportesdigital.com.ve\/public\/wp-content\/uploads\/2025\/08\/34.jpg 800w, https:\/\/deportesdigital.com.ve\/public\/wp-content\/uploads\/2025\/08\/34-300x283.jpg 300w, https:\/\/deportesdigital.com.ve\/public\/wp-content\/uploads\/2025\/08\/34-768x724.jpg 768w, https:\/\/deportesdigital.com.ve\/public\/wp-content\/uploads\/2025\/08\/34-730x688.jpg 730w, https:\/\/deportesdigital.com.ve\/public\/wp-content\/uploads\/2025\/08\/34-435x410.jpg 435w\" sizes=\"auto, (max-width: 558px) 100vw, 558px\" \/><\/a> <a href=\"https:\/\/deportesdigital.com.ve\/public\/wp-content\/uploads\/2025\/08\/33.jpg\"><img loading=\"lazy\" decoding=\"async\" class=\"alignnone  wp-image-107081\" src=\"https:\/\/deportesdigital.com.ve\/public\/wp-content\/uploads\/2025\/08\/33.jpg\" alt=\"\" width=\"504\" height=\"336\" srcset=\"https:\/\/deportesdigital.com.ve\/public\/wp-content\/uploads\/2025\/08\/33.jpg 800w, https:\/\/deportesdigital.com.ve\/public\/wp-content\/uploads\/2025\/08\/33-300x200.jpg 300w, https:\/\/deportesdigital.com.ve\/public\/wp-content\/uploads\/2025\/08\/33-768x512.jpg 768w, https:\/\/deportesdigital.com.ve\/public\/wp-content\/uploads\/2025\/08\/33-730x486.jpg 730w, https:\/\/deportesdigital.com.ve\/public\/wp-content\/uploads\/2025\/08\/33-435x290.jpg 435w\" sizes=\"auto, (max-width: 504px) 100vw, 504px\" \/><\/a> <a href=\"https:\/\/deportesdigital.com.ve\/public\/wp-content\/uploads\/2025\/08\/32.jpg\"><img loading=\"lazy\" decoding=\"async\" class=\"alignnone  wp-image-107078\" src=\"https:\/\/deportesdigital.com.ve\/public\/wp-content\/uploads\/2025\/08\/32.jpg\" alt=\"\" width=\"440\" height=\"360\" srcset=\"https:\/\/deportesdigital.com.ve\/public\/wp-content\/uploads\/2025\/08\/32.jpg 800w, https:\/\/deportesdigital.com.ve\/public\/wp-content\/uploads\/2025\/08\/32-300x245.jpg 300w, https:\/\/deportesdigital.com.ve\/public\/wp-content\/uploads\/2025\/08\/32-768x628.jpg 768w, https:\/\/deportesdigital.com.ve\/public\/wp-content\/uploads\/2025\/08\/32-730x597.jpg 730w, https:\/\/deportesdigital.com.ve\/public\/wp-content\/uploads\/2025\/08\/32-435x356.jpg 435w\" sizes=\"auto, (max-width: 440px) 100vw, 440px\" \/><\/a><\/p>\n<p>La premiaci\u00f3n\u00a0culmin\u00f3 con la entrega de trofeos: el cuarto lugar para el equipo Deportivo Popular, el tercer lugar para Fundauam, el segundo lugar para Academia Rayo y el trofeo de campe\u00f3n para el equipo de La Champions.<\/p>\n<p><a href=\"https:\/\/deportesdigital.com.ve\/public\/wp-content\/uploads\/2025\/08\/WhatsApp-Image-2025-08-06-at-9.29.36-PM-1.jpeg\"><img loading=\"lazy\" decoding=\"async\" class=\"aligncenter wp-image-107090\" src=\"https:\/\/deportesdigital.com.ve\/public\/wp-content\/uploads\/2025\/08\/WhatsApp-Image-2025-08-06-at-9.29.36-PM-1.jpeg\" alt=\"\" width=\"768\" height=\"433\" \/><\/a> <a href=\"https:\/\/deportesdigital.com.ve\/public\/wp-content\/uploads\/2025\/08\/WhatsApp-Image-2025-08-06-at-9.29.37-PM.jpeg\"><img loading=\"lazy\" decoding=\"async\" class=\"aligncenter wp-image-107089\" src=\"https:\/\/deportesdigital.com.ve\/public\/wp-content\/uploads\/2025\/08\/WhatsApp-Image-2025-08-06-at-9.29.37-PM.jpeg\" alt=\"\" width=\"742\" height=\"418\" srcset=\"https:\/\/deportesdigital.com.ve\/public\/wp-content\/uploads\/2025\/08\/WhatsApp-Image-2025-08-06-at-9.29.37-PM.jpeg 1280w, https:\/\/deportesdigital.com.ve\/public\/wp-content\/uploads\/2025\/08\/WhatsApp-Image-2025-08-06-at-9.29.37-PM-300x169.jpeg 300w, https:\/\/deportesdigital.com.ve\/public\/wp-content\/uploads\/2025\/08\/WhatsApp-Image-2025-08-06-at-9.29.37-PM-1024x577.jpeg 1024w, https:\/\/deportesdigital.com.ve\/public\/wp-content\/uploads\/2025\/08\/WhatsApp-Image-2025-08-06-at-9.29.37-PM-768x433.jpeg 768w, https:\/\/deportesdigital.com.ve\/public\/wp-content\/uploads\/2025\/08\/WhatsApp-Image-2025-08-06-at-9.29.37-PM-730x411.jpeg 730w, https:\/\/deportesdigital.com.ve\/public\/wp-content\/uploads\/2025\/08\/WhatsApp-Image-2025-08-06-at-9.29.37-PM-435x245.jpeg 435w\" sizes=\"auto, (max-width: 742px) 100vw, 742px\" \/><\/a> <a href=\"https:\/\/deportesdigital.com.ve\/public\/wp-content\/uploads\/2025\/08\/WhatsApp-Image-2025-08-06-at-9.29.37-PM-1.jpeg\"><img loading=\"lazy\" decoding=\"async\" class=\"wp-image-107088 aligncenter\" src=\"https:\/\/deportesdigital.com.ve\/public\/wp-content\/uploads\/2025\/08\/WhatsApp-Image-2025-08-06-at-9.29.37-PM-1.jpeg\" alt=\"\" width=\"763\" height=\"430\" srcset=\"https:\/\/deportesdigital.com.ve\/public\/wp-content\/uploads\/2025\/08\/WhatsApp-Image-2025-08-06-at-9.29.37-PM-1.jpeg 1280w, https:\/\/deportesdigital.com.ve\/public\/wp-content\/uploads\/2025\/08\/WhatsApp-Image-2025-08-06-at-9.29.37-PM-1-300x169.jpeg 300w, https:\/\/deportesdigital.com.ve\/public\/wp-content\/uploads\/2025\/08\/WhatsApp-Image-2025-08-06-at-9.29.37-PM-1-1024x577.jpeg 1024w, https:\/\/deportesdigital.com.ve\/public\/wp-content\/uploads\/2025\/08\/WhatsApp-Image-2025-08-06-at-9.29.37-PM-1-768x433.jpeg 768w, https:\/\/deportesdigital.com.ve\/public\/wp-content\/uploads\/2025\/08\/WhatsApp-Image-2025-08-06-at-9.29.37-PM-1-730x411.jpeg 730w, https:\/\/deportesdigital.com.ve\/public\/wp-content\/uploads\/2025\/08\/WhatsApp-Image-2025-08-06-at-9.29.37-PM-1-435x245.jpeg 435w\" sizes=\"auto, (max-width: 763px) 100vw, 763px\" \/><\/a> <a href=\"https:\/\/deportesdigital.com.ve\/public\/wp-content\/uploads\/2025\/08\/WhatsApp-Image-2025-08-06-at-9.29.38-PM.jpeg\"><img loading=\"lazy\" decoding=\"async\" class=\"wp-image-107087 aligncenter\" src=\"https:\/\/deportesdigital.com.ve\/public\/wp-content\/uploads\/2025\/08\/WhatsApp-Image-2025-08-06-at-9.29.38-PM.jpeg\" alt=\"\" width=\"786\" height=\"443\" srcset=\"https:\/\/deportesdigital.com.ve\/public\/wp-content\/uploads\/2025\/08\/WhatsApp-Image-2025-08-06-at-9.29.38-PM.jpeg 1280w, https:\/\/deportesdigital.com.ve\/public\/wp-content\/uploads\/2025\/08\/WhatsApp-Image-2025-08-06-at-9.29.38-PM-300x169.jpeg 300w, https:\/\/deportesdigital.com.ve\/public\/wp-content\/uploads\/2025\/08\/WhatsApp-Image-2025-08-06-at-9.29.38-PM-1024x577.jpeg 1024w, https:\/\/deportesdigital.com.ve\/public\/wp-content\/uploads\/2025\/08\/WhatsApp-Image-2025-08-06-at-9.29.38-PM-768x433.jpeg 768w, https:\/\/deportesdigital.com.ve\/public\/wp-content\/uploads\/2025\/08\/WhatsApp-Image-2025-08-06-at-9.29.38-PM-730x411.jpeg 730w, https:\/\/deportesdigital.com.ve\/public\/wp-content\/uploads\/2025\/08\/WhatsApp-Image-2025-08-06-at-9.29.38-PM-435x245.jpeg 435w\" sizes=\"auto, (max-width: 786px) 100vw, 786px\" \/><\/a><\/p>\n<p>La premiaci\u00f3n del torneo estuvo a cargo de figuras del futbol regional: Janni Venancio, Gerardo Moran, Oscar Garcia, Suying Olivares, presidenta de la Asociaci\u00f3n de Futbol del Zulia, y Janni Osorio, presidente del Club Deportivo Popular.<\/p>\n<p>Para finalizar, Janni Osorio, presidente del club Deportivo Popular, agradeci\u00f3 y felicit\u00f3 a todos los equipos ganadores, como a los que participaron en la cuarta edici\u00f3n de la Copa Vacacional, asegurando que quien gana es el futbol, los jugadores, ya que jugando es que se desarrolla la disciplina.<\/p>\n<p>Asegurando que ya se est\u00e1 trabajando para la Novena Edici\u00f3n de la Copa Lago, y continuar con el trabajo de desarrollo y masificaci\u00f3n del futbol en el municipio San Francisco.<\/p>\n<p>Por su parte, Suying Olivares, presidenta de la Asociaci\u00f3n de F\u00fatbol del Zulia, expuso que esta actividad es un gran paso para nuestros muchachos, ya que en el futuro los veremos en las selecciones del estado y nacional; es el sue\u00f1o de todos, felicitando a los padres por ese gran apoyo que les dan a sus hijos para que d\u00eda a d\u00eda sean no solo buenos jugadores, sino tambi\u00e9n excelentes ciudadanos.<\/p>\n<p><strong><em>Sigue esta y otras #Noticias ingresando a nuestras plataformas digitales Deportes Digital, en Instagram, Facebook, Twitter, y en nuestros grupos de Whatsapp y Telegram<\/em><\/strong><\/p>\n<p>&nbsp;<\/p>\n<p>&nbsp;<\/p>\n","protected":false},"excerpt":{"rendered":"<p>Los equipos de Totem, Centro Gallego, Deportivo Popular Talentos del Sur, Guerreros de Cristo, La Champions. Jos\u00e9 Gil Deportes Digital\/Maracaibo: La fiesta vacacional de futbol campo del Club Deportivo Popular [&hellip;]<\/p>\n","protected":false},"author":1,"featured_media":107092,"comment_status":"open","ping_status":"closed","sticky":false,"template":"","format":"standard","meta":{"footnotes":""},"categories":[3],"tags":[253,170,893,4111,4551,4550,4549],"class_list":["post-107030","post","type-post","status-publish","format-standard","has-post-thumbnail","hentry","category-futbol","tag-afez","tag-copa","tag-deportivo","tag-fianles","tag-nuev-campeones","tag-populara","tag-vacaional","clearfix"],"_links":{"self":[{"href":"https:\/\/deportesdigital.com.ve\/public\/wp-json\/wp\/v2\/posts\/107030","targetHints":{"allow":["GET"]}}],"collection":[{"href":"https:\/\/deportesdigital.com.ve\/public\/wp-json\/wp\/v2\/posts"}],"about":[{"href":"https:\/\/deportesdigital.com.ve\/public\/wp-json\/wp\/v2\/types\/post"}],"author":[{"embeddable":true,"href":"https:\/\/deportesdigital.com.ve\/public\/wp-json\/wp\/v2\/users\/1"}],"replies":[{"embeddable":true,"href":"https:\/\/deportesdigital.com.ve\/public\/wp-json\/wp\/v2\/comments?post=107030"}],"version-history":[{"count":1,"href":"https:\/\/deportesdigital.com.ve\/public\/wp-json\/wp\/v2\/posts\/107030\/revisions"}],"predecessor-version":[{"id":107093,"href":"https:\/\/deportesdigital.com.ve\/public\/wp-json\/wp\/v2\/posts\/107030\/revisions\/107093"}],"wp:featuredmedia":[{"embeddable":true,"href":"https:\/\/deportesdigital.com.ve\/public\/wp-json\/wp\/v2\/media\/107092"}],"wp:attachment":[{"href":"https:\/\/deportesdigital.com.ve\/public\/wp-json\/wp\/v2\/media?parent=107030"}],"wp:term":[{"taxonomy":"category","embeddable":true,"href":"https:\/\/deportesdigital.com.ve\/public\/wp-json\/wp\/v2\/categories?post=107030"},{"taxonomy":"post_tag","embeddable":true,"href":"https:\/\/deportesdigital.com.ve\/public\/wp-json\/wp\/v2\/tags?post=107030"}],"curies":[{"name":"wp","href":"https:\/\/api.w.org\/{rel}","templated":true}]}}