{"id":107024,"date":"2025-08-06T07:52:11","date_gmt":"2025-08-06T11:52:11","guid":{"rendered":"https:\/\/deportesdigital.com.ve\/public\/?p=107024"},"modified":"2025-08-06T07:52:11","modified_gmt":"2025-08-06T11:52:11","slug":"bandera-del-zulia-ondeo-en-la-inauguracion-de-los-juegos-nacionales-estudiantiles","status":"publish","type":"post","link":"https:\/\/deportesdigital.com.ve\/public\/bandera-del-zulia-ondeo-en-la-inauguracion-de-los-juegos-nacionales-estudiantiles\/","title":{"rendered":"Bandera del\u00a0 Zulia ondeo en la inauguraci\u00f3n de los Juegos Nacionales Estudiantiles"},"content":{"rendered":"<p><strong><em>Portando la bandera en manos de Layla Chirinos, paratleta de atletismo adaptado Zulia dijo presente en la fiesta deportiva estudiantil de Venezuela.<\/em><\/strong><\/p>\n<hr \/>\n<p><strong><em>\u00a0Agencias:<\/em><\/strong> La Delegaci\u00f3n del Zulia desfil\u00f3 con orgullo este martes los colores del estado en la inauguraci\u00f3n oficial de los \ud835\uddeb\ud835\udddc\ud835\uddeb \ud835\udddd\ud835\ude02\ud835\uddf2\ud835\uddf4\ud835\uddfc\ud835\ude00 \ud835\uddd7\ud835\uddf2\ud835\uddfd\ud835\uddfc\ud835\uddff\ud835\ude01\ud835\uddf6\ud835\ude03\ud835\uddfc\ud835\ude00 \ud835\udde1\ud835\uddee\ud835\uddf0\ud835\uddf6\ud835\uddfc\ud835\uddfb\ud835\uddee\ud835\uddf9\ud835\uddf2\ud835\ude00 \ud835\uddd8\ud835\ude00\ud835\ude01\ud835\ude02\ud835\uddf1\ud835\uddf6\ud835\uddee\ud835\uddfb\ud835\ude01\ud835\uddf6\ud835\uddf9\ud835\uddf2\ud835\ude00 \ud835\udfee\ud835\udfec\ud835\udfee\ud835\udff1 portando la bandera en manos de Layla Chirinos, paratleta de atletismo adaptado, en el Domo Bolivariano de Barquisimeto. La delegaci\u00f3n desfil\u00f3 con orgullo nuestros colores.<\/p>\n<p>En una emotiva ceremonia que cont\u00f3 con la presentaci\u00f3n de diferentes actos culturales aut\u00f3ctonos del estado Lara, este martes se realiz\u00f3 la\u00a0inauguraci\u00f3n oficial de la edici\u00f3n XIX de los Juegos Deportivos Nacionales Estudiantiles,\u00a0en la que las delegaciones de los 24 estados del pa\u00eds m\u00e1s el Distrito Capital desfilaron en el Domo Bolivariano de la ciudad de Barquisimeto.<\/p>\n<p><a href=\"https:\/\/deportesdigital.com.ve\/public\/wp-content\/uploads\/2025\/08\/Inauguracion-4.webp\"><img loading=\"lazy\" decoding=\"async\" class=\"size-full wp-image-107025 aligncenter\" src=\"https:\/\/deportesdigital.com.ve\/public\/wp-content\/uploads\/2025\/08\/Inauguracion-4.webp\" alt=\"\" width=\"640\" height=\"427\" srcset=\"https:\/\/deportesdigital.com.ve\/public\/wp-content\/uploads\/2025\/08\/Inauguracion-4.webp 640w, https:\/\/deportesdigital.com.ve\/public\/wp-content\/uploads\/2025\/08\/Inauguracion-4-300x200.webp 300w, https:\/\/deportesdigital.com.ve\/public\/wp-content\/uploads\/2025\/08\/Inauguracion-4-435x290.webp 435w\" sizes=\"auto, (max-width: 640px) 100vw, 640px\" \/><\/a><\/p>\n<p>El espect\u00e1culo estuvo encabezado por el ministro del\u00a0Poder Popular para el Deporte y presidente del Instituto Nacional de Deportes, Franklin Cardillo, el ministro del Poder Popular para la Educaci\u00f3n, H\u00e9ctor Rodr\u00edguez y el gobernador de la entidad larense, Luis Reyes Reyes, junto a diferentes gobernadores y presidentes de institutos regionales de deportes.<\/p>\n<p><a href=\"https:\/\/deportesdigital.com.ve\/public\/wp-content\/uploads\/2025\/08\/Inauguracion-10.webp\"><img loading=\"lazy\" decoding=\"async\" class=\"size-full wp-image-107027 aligncenter\" src=\"https:\/\/deportesdigital.com.ve\/public\/wp-content\/uploads\/2025\/08\/Inauguracion-10.webp\" alt=\"\" width=\"640\" height=\"427\" srcset=\"https:\/\/deportesdigital.com.ve\/public\/wp-content\/uploads\/2025\/08\/Inauguracion-10.webp 640w, https:\/\/deportesdigital.com.ve\/public\/wp-content\/uploads\/2025\/08\/Inauguracion-10-300x200.webp 300w, https:\/\/deportesdigital.com.ve\/public\/wp-content\/uploads\/2025\/08\/Inauguracion-10-435x290.webp 435w\" sizes=\"auto, (max-width: 640px) 100vw, 640px\" \/><\/a><\/p>\n<p>Las actividades culturales iniciaron con un\u00a0homenaje a la patrona del estado Lara, la Divina Pastora, acompa\u00f1ado por muestras que incluyeron a dos de los monumentos hist\u00f3ricos de la ciudad musical, como lo son la Flor de Venezuela y el Obelisco.<\/p>\n<p>De igual forma, los otros estados sedes, Yaracuy y Falc\u00f3n estuvieron representados por un\u00a0baile en honor a la protectora de la naturaleza yaracuyana, Mar\u00eda Lionza, as\u00ed como al \u00abCantor del Pueblo\u00bb, Al\u00ed Primera, con el recuerdo de varios de sus temas\u00a0m\u00e1s\u00a0populares.<\/p>\n<p><a href=\"https:\/\/deportesdigital.com.ve\/public\/wp-content\/uploads\/2025\/08\/Inauguracion-8.webp\"><img loading=\"lazy\" decoding=\"async\" class=\"size-full wp-image-107026 aligncenter\" src=\"https:\/\/deportesdigital.com.ve\/public\/wp-content\/uploads\/2025\/08\/Inauguracion-8.webp\" alt=\"\" width=\"640\" height=\"427\" srcset=\"https:\/\/deportesdigital.com.ve\/public\/wp-content\/uploads\/2025\/08\/Inauguracion-8.webp 640w, https:\/\/deportesdigital.com.ve\/public\/wp-content\/uploads\/2025\/08\/Inauguracion-8-300x200.webp 300w, https:\/\/deportesdigital.com.ve\/public\/wp-content\/uploads\/2025\/08\/Inauguracion-8-435x290.webp 435w\" sizes=\"auto, (max-width: 640px) 100vw, 640px\" \/><\/a><\/p>\n<p>\u00abEstos juegos estudiantiles vienen a cerrar lo que fue un excelente a\u00f1o escolar, en el que no se dej\u00f3 de\u00a0incrementar la cantidad de j\u00f3venes y ni\u00f1os al sistema escolar. Hoy tenemos la oportunidad de encontrarnos con m\u00e1s de 5 mil atletas que vienen de la fase intercursos, municipal y regional en la captaci\u00f3n de talentos que nos permitir\u00e1 desarrollar el talento deportivo y ver a nuestro tricolor nacional brillar por el mundo\u00bb, destac\u00f3 el ministro H\u00e9ctor Rodr\u00edguez en representaci\u00f3n del presidente de la rep\u00fablica, Nicol\u00e1s Maduro.<\/p>\n<p><strong><em>Sigue esta y otras #Noticias ingresando a nuestras plataformas digitales Deportes Digital, en Instagram, Facebook, Twitter, y en nuestros grupos de Whatsapp y Telegram<\/em><\/strong><\/p>\n<p>&nbsp;<\/p>\n","protected":false},"excerpt":{"rendered":"<p>Portando la bandera en manos de Layla Chirinos, paratleta de atletismo adaptado Zulia dijo presente en la fiesta deportiva estudiantil de Venezuela. \u00a0Agencias: La Delegaci\u00f3n del Zulia desfil\u00f3 con orgullo [&hellip;]<\/p>\n","protected":false},"author":1,"featured_media":107028,"comment_status":"open","ping_status":"closed","sticky":false,"template":"","format":"standard","meta":{"footnotes":""},"categories":[5],"tags":[1932,4548,709,423],"class_list":["post-107024","post","type-post","status-publish","format-standard","has-post-thumbnail","hentry","category-otrosdeportes","tag-estudiantiles","tag-inaugiracaion","tag-juegos","tag-nacionales","clearfix"],"_links":{"self":[{"href":"https:\/\/deportesdigital.com.ve\/public\/wp-json\/wp\/v2\/posts\/107024","targetHints":{"allow":["GET"]}}],"collection":[{"href":"https:\/\/deportesdigital.com.ve\/public\/wp-json\/wp\/v2\/posts"}],"about":[{"href":"https:\/\/deportesdigital.com.ve\/public\/wp-json\/wp\/v2\/types\/post"}],"author":[{"embeddable":true,"href":"https:\/\/deportesdigital.com.ve\/public\/wp-json\/wp\/v2\/users\/1"}],"replies":[{"embeddable":true,"href":"https:\/\/deportesdigital.com.ve\/public\/wp-json\/wp\/v2\/comments?post=107024"}],"version-history":[{"count":1,"href":"https:\/\/deportesdigital.com.ve\/public\/wp-json\/wp\/v2\/posts\/107024\/revisions"}],"predecessor-version":[{"id":107029,"href":"https:\/\/deportesdigital.com.ve\/public\/wp-json\/wp\/v2\/posts\/107024\/revisions\/107029"}],"wp:featuredmedia":[{"embeddable":true,"href":"https:\/\/deportesdigital.com.ve\/public\/wp-json\/wp\/v2\/media\/107028"}],"wp:attachment":[{"href":"https:\/\/deportesdigital.com.ve\/public\/wp-json\/wp\/v2\/media?parent=107024"}],"wp:term":[{"taxonomy":"category","embeddable":true,"href":"https:\/\/deportesdigital.com.ve\/public\/wp-json\/wp\/v2\/categories?post=107024"},{"taxonomy":"post_tag","embeddable":true,"href":"https:\/\/deportesdigital.com.ve\/public\/wp-json\/wp\/v2\/tags?post=107024"}],"curies":[{"name":"wp","href":"https:\/\/api.w.org\/{rel}","templated":true}]}}