{"id":107012,"date":"2025-08-05T08:48:06","date_gmt":"2025-08-05T12:48:06","guid":{"rendered":"https:\/\/deportesdigital.com.ve\/public\/?p=107012"},"modified":"2025-08-05T08:48:06","modified_gmt":"2025-08-05T12:48:06","slug":"analid-suarez-brilla-en-gimnasia-ritmica-y-conquista-oro-para-el-zulia","status":"publish","type":"post","link":"https:\/\/deportesdigital.com.ve\/public\/analid-suarez-brilla-en-gimnasia-ritmica-y-conquista-oro-para-el-zulia\/","title":{"rendered":"Analid Su\u00e1rez brilla en gimnasia r\u00edtmica y conquista oro para el Zulia"},"content":{"rendered":"<p><strong><em>Zulia se ubica provisionalmente en la d\u00e9cima casilla del cuadro general de medallas, con 2 de oro y 2 de bronce.<\/em><\/strong><\/p>\n<hr \/>\n<p><strong><em>Jos\u00e9 Gil Deportes Digital\/Maracaibo:<\/em><\/strong> \u00a0El Zulia celebra una nueva victoria en los XIX Juegos Deportivos Nacionales Estudiantiles 2025, gracias al excepcional desempe\u00f1o de <strong>Analid Su\u00e1rez<\/strong> en gimnasia r\u00edtmica. La talentosa atleta del municipio San Francisco se alz\u00f3 con la <strong>medalla de oro<\/strong> en la modalidad de manos libres, categor\u00eda 9-10 a\u00f1os.<\/p>\n<p><a href=\"https:\/\/deportesdigital.com.ve\/public\/wp-content\/uploads\/2025\/08\/WhatsApp-Image-2025-08-04-at-10.49.31-PM.jpeg\"><img loading=\"lazy\" decoding=\"async\" class=\"size-full wp-image-107018 aligncenter\" src=\"https:\/\/deportesdigital.com.ve\/public\/wp-content\/uploads\/2025\/08\/WhatsApp-Image-2025-08-04-at-10.49.31-PM.jpeg\" alt=\"\" width=\"720\" height=\"545\" srcset=\"https:\/\/deportesdigital.com.ve\/public\/wp-content\/uploads\/2025\/08\/WhatsApp-Image-2025-08-04-at-10.49.31-PM.jpeg 720w, https:\/\/deportesdigital.com.ve\/public\/wp-content\/uploads\/2025\/08\/WhatsApp-Image-2025-08-04-at-10.49.31-PM-300x227.jpeg 300w, https:\/\/deportesdigital.com.ve\/public\/wp-content\/uploads\/2025\/08\/WhatsApp-Image-2025-08-04-at-10.49.31-PM-435x329.jpeg 435w, https:\/\/deportesdigital.com.ve\/public\/wp-content\/uploads\/2025\/08\/WhatsApp-Image-2025-08-04-at-10.49.31-PM-80x60.jpeg 80w\" sizes=\"auto, (max-width: 720px) 100vw, 720px\" \/><\/a><\/p>\n<p>Desde el gimnasio Gabriel Guanipa Semeco de Coro, Su\u00e1rez cautiv\u00f3 a los jueces, logrando un impresionante puntaje de <strong>8.300<\/strong>. Con esta puntuaci\u00f3n, super\u00f3 a sus competidoras del estado T\u00e1chira, Miranda Acevedo (8.130) y Thailin Amaya (7.570), asegurando la primera posici\u00f3n.<\/p>\n<p><a href=\"https:\/\/deportesdigital.com.ve\/public\/wp-content\/uploads\/2025\/08\/WhatsApp-Image-2025-08-04-at-10.49.31-PM-1.jpeg\"><img loading=\"lazy\" decoding=\"async\" class=\"wp-image-107017 aligncenter\" src=\"https:\/\/deportesdigital.com.ve\/public\/wp-content\/uploads\/2025\/08\/WhatsApp-Image-2025-08-04-at-10.49.31-PM-1.jpeg\" alt=\"\" width=\"577\" height=\"716\" srcset=\"https:\/\/deportesdigital.com.ve\/public\/wp-content\/uploads\/2025\/08\/WhatsApp-Image-2025-08-04-at-10.49.31-PM-1.jpeg 919w, https:\/\/deportesdigital.com.ve\/public\/wp-content\/uploads\/2025\/08\/WhatsApp-Image-2025-08-04-at-10.49.31-PM-1-242x300.jpeg 242w, https:\/\/deportesdigital.com.ve\/public\/wp-content\/uploads\/2025\/08\/WhatsApp-Image-2025-08-04-at-10.49.31-PM-1-825x1024.jpeg 825w, https:\/\/deportesdigital.com.ve\/public\/wp-content\/uploads\/2025\/08\/WhatsApp-Image-2025-08-04-at-10.49.31-PM-1-768x954.jpeg 768w, https:\/\/deportesdigital.com.ve\/public\/wp-content\/uploads\/2025\/08\/WhatsApp-Image-2025-08-04-at-10.49.31-PM-1-730x906.jpeg 730w, https:\/\/deportesdigital.com.ve\/public\/wp-content\/uploads\/2025\/08\/WhatsApp-Image-2025-08-04-at-10.49.31-PM-1-435x540.jpeg 435w\" sizes=\"auto, (max-width: 577px) 100vw, 577px\" \/><\/a><\/p>\n<p>Este triunfo marca la <strong>segunda presea dorada<\/strong> para el Zulia en esta contienda estudiantil, que hasta ahora acumula tambi\u00e9n dos medallas de bronce.<\/p>\n<p><strong>Lo que Viene para el Zulia en los Juegos Estudiantiles<\/strong><\/p>\n<p><strong>Levantamiento de Pesas en b\u00fasqueda de Podio<\/strong><\/p>\n<p>El Zulia inicia su camino en el <strong>levantamiento de pesas<\/strong> con la participaci\u00f3n de ocho atletas. Las competencias se llevar\u00e1n a cabo desde el 5 hasta el 9 de agosto en el gimnasio Carlos S\u00e1nchez de Falc\u00f3n.<\/p>\n<p><a href=\"https:\/\/deportesdigital.com.ve\/public\/wp-content\/uploads\/2025\/08\/WhatsApp-Image-2025-08-04-at-9.43.22-AM.jpeg\"><img loading=\"lazy\" decoding=\"async\" class=\"wp-image-107014 size-full aligncenter\" src=\"https:\/\/deportesdigital.com.ve\/public\/wp-content\/uploads\/2025\/08\/WhatsApp-Image-2025-08-04-at-9.43.22-AM-e1754398020267.jpeg\" alt=\"\" width=\"762\" height=\"555\" srcset=\"https:\/\/deportesdigital.com.ve\/public\/wp-content\/uploads\/2025\/08\/WhatsApp-Image-2025-08-04-at-9.43.22-AM-e1754398020267.jpeg 762w, https:\/\/deportesdigital.com.ve\/public\/wp-content\/uploads\/2025\/08\/WhatsApp-Image-2025-08-04-at-9.43.22-AM-e1754398020267-300x219.jpeg 300w, https:\/\/deportesdigital.com.ve\/public\/wp-content\/uploads\/2025\/08\/WhatsApp-Image-2025-08-04-at-9.43.22-AM-e1754398020267-730x532.jpeg 730w, https:\/\/deportesdigital.com.ve\/public\/wp-content\/uploads\/2025\/08\/WhatsApp-Image-2025-08-04-at-9.43.22-AM-e1754398020267-435x317.jpeg 435w\" sizes=\"auto, (max-width: 762px) 100vw, 762px\" \/><\/a><\/p>\n<p>La delegaci\u00f3n zuliana est\u00e1 conformada por las atletas <strong>Greilys Vera<\/strong> (36 kgs), <strong>Marian Torres<\/strong> (44 kgs), <strong>Luisana Ant\u00fanez<\/strong> (48 kgs), <strong>Mariana C\u00e1rdenas<\/strong> (48 kgs), <strong>Georgina Rodr\u00edguez<\/strong> (48 kgs) y <strong>Johannys Mendoza<\/strong> (55 kgs). En la categor\u00eda masculina, competir\u00e1n <strong>Sebasti\u00e1n Flores<\/strong> (36 kgs), <strong>Jorge Rojas<\/strong> (40 kgs) y <strong>Eleazar Campos<\/strong> (44 kgs).<\/p>\n<p>El equipo estar\u00e1 bajo la direcci\u00f3n t\u00e9cnica de Carmen P\u00e9rez y Yocelin Matos (femenino), y Edgar Fuenmayor (masculino), con el acompa\u00f1amiento de Jos\u00e9 Mar\u00edn y el delegado Oscar Fereira.<\/p>\n<p><strong>Karate-Do listo para el combate<\/strong><\/p>\n<p>La disciplina de <strong>Karate-Do<\/strong> tambi\u00e9n entra en acci\u00f3n en busca de medallas. La selecci\u00f3n zuliana se enfrentar\u00e1 a representantes de 24 estados en el gimnasio Nicol\u00e1s Ojeda de Yaracuy. La competencia, que se extender\u00e1 del 3 al 8 de agosto, incluir\u00e1 las modalidades de Kumite (combate) y Kata (figuras).<\/p>\n<p><a href=\"https:\/\/deportesdigital.com.ve\/public\/wp-content\/uploads\/2025\/08\/WhatsApp-Image-2025-08-04-at-8.56.11-AM.jpeg\"><img loading=\"lazy\" decoding=\"async\" class=\"alignnone size-full wp-image-107013\" src=\"https:\/\/deportesdigital.com.ve\/public\/wp-content\/uploads\/2025\/08\/WhatsApp-Image-2025-08-04-at-8.56.11-AM.jpeg\" alt=\"\" width=\"1280\" height=\"720\" srcset=\"https:\/\/deportesdigital.com.ve\/public\/wp-content\/uploads\/2025\/08\/WhatsApp-Image-2025-08-04-at-8.56.11-AM.jpeg 1280w, https:\/\/deportesdigital.com.ve\/public\/wp-content\/uploads\/2025\/08\/WhatsApp-Image-2025-08-04-at-8.56.11-AM-300x169.jpeg 300w, https:\/\/deportesdigital.com.ve\/public\/wp-content\/uploads\/2025\/08\/WhatsApp-Image-2025-08-04-at-8.56.11-AM-1024x576.jpeg 1024w, https:\/\/deportesdigital.com.ve\/public\/wp-content\/uploads\/2025\/08\/WhatsApp-Image-2025-08-04-at-8.56.11-AM-768x432.jpeg 768w, https:\/\/deportesdigital.com.ve\/public\/wp-content\/uploads\/2025\/08\/WhatsApp-Image-2025-08-04-at-8.56.11-AM-730x411.jpeg 730w, https:\/\/deportesdigital.com.ve\/public\/wp-content\/uploads\/2025\/08\/WhatsApp-Image-2025-08-04-at-8.56.11-AM-435x245.jpeg 435w\" sizes=\"auto, (max-width: 1280px) 100vw, 1280px\" \/><\/a><\/p>\n<p>El equipo zuliano est\u00e1 compuesto por <strong>Silvia Villero, Estefan\u00eda Pirela, Hellen Castillo, Amanda Hu\u00e9rfano, Luigi Ter\u00e1n, William Renter\u00eda, N\u00e9stor Ben\u00edtez y Fabi\u00e1n Nava<\/strong>. Los atletas, que se han preparado intensamente en el gimnasio de combates de Cuatricentenario, estar\u00e1n dirigidos por los entrenadores Shihan Ana Dugarte, Shihan Al\u00ed Garc\u00eda y Jackeline Guerra.<\/p>\n<p><strong>Resumen de la actuaci\u00f3n en Tae Kwon Do<\/strong><\/p>\n<p>La selecci\u00f3n de <strong>Tae Kwon Do<\/strong> culmin\u00f3 su participaci\u00f3n en el s\u00e9ptimo lugar de la tabla general. El equipo aport\u00f3 una medalla de <strong>oro<\/strong> con <strong>\u00c1ngel Carri\u00f3n<\/strong> y una de <strong>bronce<\/strong> con <strong>Javier N\u00fa\u00f1ez<\/strong>.<\/p>\n<p>Con estos resultados, el Zulia se ubica provisionalmente en la <strong>d\u00e9cima casilla<\/strong> del cuadro general de medallas, con 2 de oro y 2 de bronce.<\/p>\n<p><strong><em>Sigue esta y otras #Noticias ingresando a nuestras plataformas digitales Deportes Digital, en Instagram, Facebook, Twitter, y en nuestros grupos de Whatsapp y Telegram<\/em><\/strong><\/p>\n<p>&nbsp;<\/p>\n","protected":false},"excerpt":{"rendered":"<p>Zulia se ubica provisionalmente en la d\u00e9cima casilla del cuadro general de medallas, con 2 de oro y 2 de bronce. Jos\u00e9 Gil Deportes Digital\/Maracaibo: \u00a0El Zulia celebra una nueva [&hellip;]<\/p>\n","protected":false},"author":1,"featured_media":107015,"comment_status":"open","ping_status":"closed","sticky":false,"template":"","format":"standard","meta":{"footnotes":""},"categories":[5],"tags":[410,4546,4545,263,38],"class_list":["post-107012","post","type-post","status-publish","format-standard","has-post-thumbnail","hentry","category-otrosdeportes","tag-gimnasia","tag-indiovidual","tag-juegos-estudinatiles","tag-oro","tag-zulia","clearfix"],"_links":{"self":[{"href":"https:\/\/deportesdigital.com.ve\/public\/wp-json\/wp\/v2\/posts\/107012","targetHints":{"allow":["GET"]}}],"collection":[{"href":"https:\/\/deportesdigital.com.ve\/public\/wp-json\/wp\/v2\/posts"}],"about":[{"href":"https:\/\/deportesdigital.com.ve\/public\/wp-json\/wp\/v2\/types\/post"}],"author":[{"embeddable":true,"href":"https:\/\/deportesdigital.com.ve\/public\/wp-json\/wp\/v2\/users\/1"}],"replies":[{"embeddable":true,"href":"https:\/\/deportesdigital.com.ve\/public\/wp-json\/wp\/v2\/comments?post=107012"}],"version-history":[{"count":1,"href":"https:\/\/deportesdigital.com.ve\/public\/wp-json\/wp\/v2\/posts\/107012\/revisions"}],"predecessor-version":[{"id":107019,"href":"https:\/\/deportesdigital.com.ve\/public\/wp-json\/wp\/v2\/posts\/107012\/revisions\/107019"}],"wp:featuredmedia":[{"embeddable":true,"href":"https:\/\/deportesdigital.com.ve\/public\/wp-json\/wp\/v2\/media\/107015"}],"wp:attachment":[{"href":"https:\/\/deportesdigital.com.ve\/public\/wp-json\/wp\/v2\/media?parent=107012"}],"wp:term":[{"taxonomy":"category","embeddable":true,"href":"https:\/\/deportesdigital.com.ve\/public\/wp-json\/wp\/v2\/categories?post=107012"},{"taxonomy":"post_tag","embeddable":true,"href":"https:\/\/deportesdigital.com.ve\/public\/wp-json\/wp\/v2\/tags?post=107012"}],"curies":[{"name":"wp","href":"https:\/\/api.w.org\/{rel}","templated":true}]}}