{"id":106882,"date":"2025-07-31T21:20:11","date_gmt":"2025-08-01T01:20:11","guid":{"rendered":"https:\/\/deportesdigital.com.ve\/public\/?p=106882"},"modified":"2025-07-31T21:20:11","modified_gmt":"2025-08-01T01:20:11","slug":"cardenales-de-lara-viaja-a-williamsport","status":"publish","type":"post","link":"https:\/\/deportesdigital.com.ve\/public\/cardenales-de-lara-viaja-a-williamsport\/","title":{"rendered":"Cardenales de Lara viaja a Williamsport"},"content":{"rendered":"<p><strong><em>El equipo est\u00e1 listo para su debut, que ser\u00e1 el pr\u00f3ximo 13 de agosto contra Puerto Rico.<\/em><\/strong><\/p>\n<hr \/>\n<p><strong><em>Jos\u00e9 Gil Deportes Digital\/Maracaibo:<\/em><\/strong> La peque\u00f1a liga Cardenales de Lara recibi\u00f3 hoy su visa de entrada a Estados Unidos, asegurando as\u00ed su participaci\u00f3n en la Serie Mundial de Peque\u00f1as Ligas, que se celebrar\u00e1 en Williamsport, Pensilvania, del 13 al 24 de agosto. La noticia fue confirmada por el Directorio Nacional de Peque\u00f1as Ligas de B\u00e9isbol de Venezuela.<\/p>\n<p>La novena larense, que se coron\u00f3 campeona del torneo Latinoamericano en Ecuador, culmin\u00f3 con \u00e9xito el proceso de solicitud de visado. Tras introducir la documentaci\u00f3n la semana pasada y asistir a la entrevista en la embajada de Estados Unidos en Bogot\u00e1, Colombia, los j\u00f3venes peloteros recibieron sus documentos este jueves por la tarde.<\/p>\n<p>Los Cardenales de Lara representar\u00e1n a Venezuela y a toda la regi\u00f3n de Latinoam\u00e9rica por segundo a\u00f1o consecutivo. El equipo est\u00e1 listo para su debut, que ser\u00e1 el pr\u00f3ximo 13 de agosto a la 1:00 p.m. contra Puerto Rico.<\/p>\n<p>Esta es una gran noticia para el b\u00e9isbol venezolano, ya que demuestra una vez m\u00e1s el talento y la dedicaci\u00f3n de nuestros j\u00f3venes atletas. El equipo viajar\u00e1 a Estados Unidos con un visado de una sola entrada, cumpliendo con los nuevos lineamientos migratorios para ciudadanos venezolanos.<\/p>\n<p>La afici\u00f3n venezolana espera con ansias ver a estos j\u00f3venes talentos en el escenario mundial, llevando el nombre de su pa\u00eds y su estado en alto.<\/p>\n<p><strong><em>Sigue esta y otras #Noticias ingresando a nuestras plataformas digitales Deportes Digital, en Instagram, Facebook, Twitter, y en nuestros grupos de Whatsapp y Telegram<\/em><\/strong><\/p>\n","protected":false},"excerpt":{"rendered":"<p>El equipo est\u00e1 listo para su debut, que ser\u00e1 el pr\u00f3ximo 13 de agosto contra Puerto Rico. Jos\u00e9 Gil Deportes Digital\/Maracaibo: La peque\u00f1a liga Cardenales de Lara recibi\u00f3 hoy su [&hellip;]<\/p>\n","protected":false},"author":1,"featured_media":106883,"comment_status":"open","ping_status":"closed","sticky":false,"template":"","format":"standard","meta":{"footnotes":""},"categories":[2],"tags":[398,342,4534,130,46,2246],"class_list":["post-106882","post","type-post","status-publish","format-standard","has-post-thumbnail","hentry","category-beisbol","tag-cardenales","tag-lara","tag-mundial-pequenasligas","tag-serie","tag-venezuela","tag-visa","clearfix"],"_links":{"self":[{"href":"https:\/\/deportesdigital.com.ve\/public\/wp-json\/wp\/v2\/posts\/106882","targetHints":{"allow":["GET"]}}],"collection":[{"href":"https:\/\/deportesdigital.com.ve\/public\/wp-json\/wp\/v2\/posts"}],"about":[{"href":"https:\/\/deportesdigital.com.ve\/public\/wp-json\/wp\/v2\/types\/post"}],"author":[{"embeddable":true,"href":"https:\/\/deportesdigital.com.ve\/public\/wp-json\/wp\/v2\/users\/1"}],"replies":[{"embeddable":true,"href":"https:\/\/deportesdigital.com.ve\/public\/wp-json\/wp\/v2\/comments?post=106882"}],"version-history":[{"count":1,"href":"https:\/\/deportesdigital.com.ve\/public\/wp-json\/wp\/v2\/posts\/106882\/revisions"}],"predecessor-version":[{"id":106884,"href":"https:\/\/deportesdigital.com.ve\/public\/wp-json\/wp\/v2\/posts\/106882\/revisions\/106884"}],"wp:featuredmedia":[{"embeddable":true,"href":"https:\/\/deportesdigital.com.ve\/public\/wp-json\/wp\/v2\/media\/106883"}],"wp:attachment":[{"href":"https:\/\/deportesdigital.com.ve\/public\/wp-json\/wp\/v2\/media?parent=106882"}],"wp:term":[{"taxonomy":"category","embeddable":true,"href":"https:\/\/deportesdigital.com.ve\/public\/wp-json\/wp\/v2\/categories?post=106882"},{"taxonomy":"post_tag","embeddable":true,"href":"https:\/\/deportesdigital.com.ve\/public\/wp-json\/wp\/v2\/tags?post=106882"}],"curies":[{"name":"wp","href":"https:\/\/api.w.org\/{rel}","templated":true}]}}