{"id":106864,"date":"2025-07-31T06:40:19","date_gmt":"2025-07-31T10:40:19","guid":{"rendered":"https:\/\/deportesdigital.com.ve\/public\/?p=106864"},"modified":"2025-07-31T06:40:19","modified_gmt":"2025-07-31T10:40:19","slug":"intensa-jornada-en-la-copa-vacacional-deportivo-popular","status":"publish","type":"post","link":"https:\/\/deportesdigital.com.ve\/public\/intensa-jornada-en-la-copa-vacacional-deportivo-popular\/","title":{"rendered":"Intensa Jornada en la Copa Vacacional Deportivo Popular"},"content":{"rendered":"<p><strong>La acci\u00f3n contin\u00faa este jueves con la cuarta jornada de la fase eliminatoria de la Copa Vacacional Deportivo Popular.<\/strong><\/p>\n<hr \/>\n<p><strong>\u00a0Jos\u00e9 Gil Deportes Digital\/Maracaibo:<\/strong> La Ciudad Deportiva La Popular vibr\u00f3 con la tercera jornada de la Copa Vacacional Deportivo Popular, un evento de f\u00fatbol menor que re\u00fane a j\u00f3venes talentos de la regi\u00f3n. Se disputaron 17 emocionantes encuentros de la ronda eliminatoria en categor\u00edas desde la Sub-8 hasta la Sub-18, donde los equipos luchan por asegurar un puesto en las semifinales.<\/p>\n<p><a href=\"https:\/\/deportesdigital.com.ve\/public\/wp-content\/uploads\/2025\/07\/1-11.jpg\"><img loading=\"lazy\" decoding=\"async\" class=\"size-full wp-image-106768 aligncenter\" src=\"https:\/\/deportesdigital.com.ve\/public\/wp-content\/uploads\/2025\/07\/1-11.jpg\" alt=\"\" width=\"800\" height=\"477\" srcset=\"https:\/\/deportesdigital.com.ve\/public\/wp-content\/uploads\/2025\/07\/1-11.jpg 800w, https:\/\/deportesdigital.com.ve\/public\/wp-content\/uploads\/2025\/07\/1-11-300x179.jpg 300w, https:\/\/deportesdigital.com.ve\/public\/wp-content\/uploads\/2025\/07\/1-11-768x458.jpg 768w, https:\/\/deportesdigital.com.ve\/public\/wp-content\/uploads\/2025\/07\/1-11-730x435.jpg 730w, https:\/\/deportesdigital.com.ve\/public\/wp-content\/uploads\/2025\/07\/1-11-435x259.jpg 435w\" sizes=\"auto, (max-width: 800px) 100vw, 800px\" \/><\/a><\/p>\n<h3>Resultados Destacados por Categor\u00eda:<\/h3>\n<p><strong>Categor\u00eda Sub-8 (Grupo \u00danico &#8211; Cancha Sint\u00e9tica)<\/strong><\/p>\n<ul>\n<li>Deportivo Popular y Fundauam empataron a cero goles.<\/li>\n<li>La Champions sum\u00f3 una contundente victoria de 4-1 frente a Academia Rayo.<\/li>\n<li>Academia Rayo y Fundauam igualaron a un gol.<\/li>\n<li>La jornada culmin\u00f3 con el triunfo de La Champions por 5-2 ante Deportivo Popular.<\/li>\n<\/ul>\n<p><strong>Categor\u00eda Sub-10 (Grupo \u00danico)<\/strong><\/p>\n<ul>\n<li>Guerreros de Cristo se impuso 2-1 a Academia Rayo.<\/li>\n<li>Deportivo Popular gan\u00f3 2-0 a Centro Gallego.<\/li>\n<\/ul>\n<p><strong>Categor\u00eda Sub-11 (Grupo \u00danico)<\/strong><\/p>\n<ul>\n<li>Guerreros de Cristo venci\u00f3 3-0 a Casa D&#8217;Italia.<\/li>\n<li>Fundauam le gan\u00f3 2-1 a Deportivo Popular.<\/li>\n<\/ul>\n<p><strong>Categor\u00eda Sub-12<\/strong><\/p>\n<ul>\n<li><strong>Grupo B:<\/strong> Guerreros de Cristo sum\u00f3 tres puntos al ganar 2-0 a Centro Gallego.<\/li>\n<li><strong>Grupo A:<\/strong> Fundauam gan\u00f3 4-1 a Escuela Vinotinto.<\/li>\n<\/ul>\n<p><a href=\"https:\/\/deportesdigital.com.ve\/public\/wp-content\/uploads\/2025\/07\/9-9.jpg\"><img loading=\"lazy\" decoding=\"async\" class=\"size-full wp-image-106776 aligncenter\" src=\"https:\/\/deportesdigital.com.ve\/public\/wp-content\/uploads\/2025\/07\/9-9.jpg\" alt=\"\" width=\"800\" height=\"713\" srcset=\"https:\/\/deportesdigital.com.ve\/public\/wp-content\/uploads\/2025\/07\/9-9.jpg 800w, https:\/\/deportesdigital.com.ve\/public\/wp-content\/uploads\/2025\/07\/9-9-300x267.jpg 300w, https:\/\/deportesdigital.com.ve\/public\/wp-content\/uploads\/2025\/07\/9-9-768x684.jpg 768w, https:\/\/deportesdigital.com.ve\/public\/wp-content\/uploads\/2025\/07\/9-9-730x651.jpg 730w, https:\/\/deportesdigital.com.ve\/public\/wp-content\/uploads\/2025\/07\/9-9-435x388.jpg 435w\" sizes=\"auto, (max-width: 800px) 100vw, 800px\" \/><\/a><\/p>\n<p><strong>Categor\u00eda Sub-13 (Grupo \u00danico)<\/strong><\/p>\n<ul>\n<li>Deportivo Popular se llev\u00f3 la victoria 2-1 ante Fundauam B.<\/li>\n<li>Fundauam A gan\u00f3 2-0 a Centro Gallego.<\/li>\n<\/ul>\n<p><strong>Categor\u00eda Sub-14 (Grupo \u00danico)<\/strong><\/p>\n<ul>\n<li>Deportivo Popular le gan\u00f3 2-0 a Fundauam.<\/li>\n<\/ul>\n<p><strong>Categor\u00eda Sub-16<\/strong><\/p>\n<ul>\n<li><strong>Grupo B:<\/strong> Deportivo Popular A se qued\u00f3 con los tres puntos al ganar 2-0 a Fundauam A.<\/li>\n<li>Totem B gole\u00f3 5-0 a Fundauam B.<\/li>\n<\/ul>\n<p><a href=\"https:\/\/deportesdigital.com.ve\/public\/wp-content\/uploads\/2025\/07\/p12-1.jpg\"><img loading=\"lazy\" decoding=\"async\" class=\"size-full wp-image-106842 aligncenter\" src=\"https:\/\/deportesdigital.com.ve\/public\/wp-content\/uploads\/2025\/07\/p12-1.jpg\" alt=\"\" width=\"800\" height=\"735\" srcset=\"https:\/\/deportesdigital.com.ve\/public\/wp-content\/uploads\/2025\/07\/p12-1.jpg 800w, https:\/\/deportesdigital.com.ve\/public\/wp-content\/uploads\/2025\/07\/p12-1-300x276.jpg 300w, https:\/\/deportesdigital.com.ve\/public\/wp-content\/uploads\/2025\/07\/p12-1-768x706.jpg 768w, https:\/\/deportesdigital.com.ve\/public\/wp-content\/uploads\/2025\/07\/p12-1-730x671.jpg 730w, https:\/\/deportesdigital.com.ve\/public\/wp-content\/uploads\/2025\/07\/p12-1-435x400.jpg 435w\" sizes=\"auto, (max-width: 800px) 100vw, 800px\" \/><\/a><\/p>\n<p><strong>Categor\u00eda Sub-18<\/strong><\/p>\n<ul>\n<li><strong>Grupo A:<\/strong> Fundauam A gan\u00f3 2-1 a Deportivo Popular A.<\/li>\n<li><strong>Grupo A:<\/strong> Centro Gallego gan\u00f3 4-0 a Funda Barrio.<\/li>\n<li><strong>Grupo B:<\/strong> Deportivo Popular B gan\u00f3 2-0 a Fundauam B.<\/li>\n<\/ul>\n<p>La acci\u00f3n de la Copa Vacacional Deportivo Popular contin\u00faa este jueves con la cuarta jornada de la fase eliminatoria, prometiendo m\u00e1s emociones y buen f\u00fatbol.<\/p>\n<p><strong><em>Sigue esta y otras #Noticias ingresando a nuestras plataformas digitales Deportes Digital, en Instagram, Facebook, Twitter, y en nuestros grupos de Whatsapp y Telegram.<\/em><\/strong><\/p>\n<p>&nbsp;<\/p>\n","protected":false},"excerpt":{"rendered":"<p>La acci\u00f3n contin\u00faa este jueves con la cuarta jornada de la fase eliminatoria de la Copa Vacacional Deportivo Popular. \u00a0Jos\u00e9 Gil Deportes Digital\/Maracaibo: La Ciudad Deportiva La Popular vibr\u00f3 con [&hellip;]<\/p>\n","protected":false},"author":1,"featured_media":106781,"comment_status":"open","ping_status":"closed","sticky":false,"template":"","format":"standard","meta":{"footnotes":""},"categories":[3],"tags":[4532,4533,49,54],"class_list":["post-106864","post","type-post","status-publish","format-standard","has-post-thumbnail","hentry","category-futbol","tag-copavacacional","tag-depoprtivopopular","tag-futbol","tag-sanfrancisco","clearfix"],"_links":{"self":[{"href":"https:\/\/deportesdigital.com.ve\/public\/wp-json\/wp\/v2\/posts\/106864","targetHints":{"allow":["GET"]}}],"collection":[{"href":"https:\/\/deportesdigital.com.ve\/public\/wp-json\/wp\/v2\/posts"}],"about":[{"href":"https:\/\/deportesdigital.com.ve\/public\/wp-json\/wp\/v2\/types\/post"}],"author":[{"embeddable":true,"href":"https:\/\/deportesdigital.com.ve\/public\/wp-json\/wp\/v2\/users\/1"}],"replies":[{"embeddable":true,"href":"https:\/\/deportesdigital.com.ve\/public\/wp-json\/wp\/v2\/comments?post=106864"}],"version-history":[{"count":1,"href":"https:\/\/deportesdigital.com.ve\/public\/wp-json\/wp\/v2\/posts\/106864\/revisions"}],"predecessor-version":[{"id":106865,"href":"https:\/\/deportesdigital.com.ve\/public\/wp-json\/wp\/v2\/posts\/106864\/revisions\/106865"}],"wp:featuredmedia":[{"embeddable":true,"href":"https:\/\/deportesdigital.com.ve\/public\/wp-json\/wp\/v2\/media\/106781"}],"wp:attachment":[{"href":"https:\/\/deportesdigital.com.ve\/public\/wp-json\/wp\/v2\/media?parent=106864"}],"wp:term":[{"taxonomy":"category","embeddable":true,"href":"https:\/\/deportesdigital.com.ve\/public\/wp-json\/wp\/v2\/categories?post=106864"},{"taxonomy":"post_tag","embeddable":true,"href":"https:\/\/deportesdigital.com.ve\/public\/wp-json\/wp\/v2\/tags?post=106864"}],"curies":[{"name":"wp","href":"https:\/\/api.w.org\/{rel}","templated":true}]}}