{"id":106830,"date":"2025-07-30T07:39:47","date_gmt":"2025-07-30T11:39:47","guid":{"rendered":"https:\/\/deportesdigital.com.ve\/public\/?p=106830"},"modified":"2025-07-30T07:39:47","modified_gmt":"2025-07-30T11:39:47","slug":"la-copa-vacacional-deportivo-popular-brilla-en-su-segunda-jornada","status":"publish","type":"post","link":"https:\/\/deportesdigital.com.ve\/public\/la-copa-vacacional-deportivo-popular-brilla-en-su-segunda-jornada\/","title":{"rendered":"La Copa Vacacional Deportivo Popular Brilla en su segunda jornada"},"content":{"rendered":"<p><strong><em>La acci\u00f3n de la Copa Vacacional Deportivo Popular continuar\u00e1 este mi\u00e9rcoles 30 de julio a partir de las 8:00 AM en la Ciudad Deportiva La Popular.<\/em><\/strong><\/p>\n<hr \/>\n<p><strong><em>Jos\u00e9 Gil Deportes Digital\/Maracaibo:<\/em><\/strong> La emoci\u00f3n del f\u00fatbol menor se vivi\u00f3 intensamente este martes 29 de julio con la segunda jornada de la Copa Vacacional Deportivo Popular, que deleit\u00f3 a los aficionados con nueve vibrantes encuentros disputados en la cancha de la Ciudad Deportiva La Popular.<\/p>\n<p>La jornada inici\u00f3 con la categor\u00eda Sub-13, donde Fundauam se impuso 3-0 a Deportivo Popular. Santiago Bravo fue la figura del encuentro con un doblete que le vali\u00f3 el premio al jugador m\u00e1s valioso, mientras que Juan Pineda sell\u00f3 la victoria con el tercer tanto.<\/p>\n<p><a href=\"https:\/\/deportesdigital.com.ve\/public\/wp-content\/uploads\/2025\/07\/p4-4.jpg\"><img loading=\"lazy\" decoding=\"async\" class=\"size-full wp-image-106834 aligncenter\" src=\"https:\/\/deportesdigital.com.ve\/public\/wp-content\/uploads\/2025\/07\/p4-4.jpg\" alt=\"\" width=\"800\" height=\"486\" srcset=\"https:\/\/deportesdigital.com.ve\/public\/wp-content\/uploads\/2025\/07\/p4-4.jpg 800w, https:\/\/deportesdigital.com.ve\/public\/wp-content\/uploads\/2025\/07\/p4-4-300x182.jpg 300w, https:\/\/deportesdigital.com.ve\/public\/wp-content\/uploads\/2025\/07\/p4-4-768x467.jpg 768w, https:\/\/deportesdigital.com.ve\/public\/wp-content\/uploads\/2025\/07\/p4-4-730x443.jpg 730w, https:\/\/deportesdigital.com.ve\/public\/wp-content\/uploads\/2025\/07\/p4-4-435x264.jpg 435w\" sizes=\"auto, (max-width: 800px) 100vw, 800px\" \/><\/a><\/p>\n<p>En un emocionante partido de la categor\u00eda Sub-14, el equipo debutante T\u00f3tem logr\u00f3 una ajustada victoria de 1-0 sobre Fundauam. El gol decisivo fue obra de Aldri R\u00edo, quien se llev\u00f3 el reconocimiento como el jugador m\u00e1s valioso del encuentro.<\/p>\n<p>Victorias Clave en Sub-16 y Sub-18<\/p>\n<p>En la categor\u00eda Sub-16, Grupo A, Deportivo Coromoto sum\u00f3 tres valiosos puntos al vencer 2-1 a H\u00e9roes de Maracaibo. Las anotaciones de Irvin Pirela y Juan Zabala aseguraron el triunfo para los \u00abnaranjas\u00bb, y \u00c1ngel Zambrano fue distinguido como el jugador m\u00e1s valioso.<\/p>\n<p><a href=\"https:\/\/deportesdigital.com.ve\/public\/wp-content\/uploads\/2025\/07\/p6-1.jpg\"><img loading=\"lazy\" decoding=\"async\" class=\"size-full wp-image-106836 aligncenter\" src=\"https:\/\/deportesdigital.com.ve\/public\/wp-content\/uploads\/2025\/07\/p6-1.jpg\" alt=\"\" width=\"800\" height=\"552\" srcset=\"https:\/\/deportesdigital.com.ve\/public\/wp-content\/uploads\/2025\/07\/p6-1.jpg 800w, https:\/\/deportesdigital.com.ve\/public\/wp-content\/uploads\/2025\/07\/p6-1-300x207.jpg 300w, https:\/\/deportesdigital.com.ve\/public\/wp-content\/uploads\/2025\/07\/p6-1-768x530.jpg 768w, https:\/\/deportesdigital.com.ve\/public\/wp-content\/uploads\/2025\/07\/p6-1-730x504.jpg 730w, https:\/\/deportesdigital.com.ve\/public\/wp-content\/uploads\/2025\/07\/p6-1-435x300.jpg 435w\" sizes=\"auto, (max-width: 800px) 100vw, 800px\" \/><\/a><\/p>\n<p>En el segundo encuentro del mismo grupo, Fundauam tambi\u00e9n cosech\u00f3 una victoria de 2-0 frente a T\u00f3tem, con goles de Keifer P\u00e9rez y una destacada actuaci\u00f3n de Alejandro Rivero, elegido el m\u00e1s valioso.<\/p>\n<p><a href=\"https:\/\/deportesdigital.com.ve\/public\/wp-content\/uploads\/2025\/07\/p11-2.jpg\"><img loading=\"lazy\" decoding=\"async\" class=\"size-full wp-image-106841 aligncenter\" src=\"https:\/\/deportesdigital.com.ve\/public\/wp-content\/uploads\/2025\/07\/p11-2.jpg\" alt=\"\" width=\"800\" height=\"596\" srcset=\"https:\/\/deportesdigital.com.ve\/public\/wp-content\/uploads\/2025\/07\/p11-2.jpg 800w, https:\/\/deportesdigital.com.ve\/public\/wp-content\/uploads\/2025\/07\/p11-2-300x224.jpg 300w, https:\/\/deportesdigital.com.ve\/public\/wp-content\/uploads\/2025\/07\/p11-2-768x572.jpg 768w, https:\/\/deportesdigital.com.ve\/public\/wp-content\/uploads\/2025\/07\/p11-2-730x544.jpg 730w, https:\/\/deportesdigital.com.ve\/public\/wp-content\/uploads\/2025\/07\/p11-2-435x324.jpg 435w, https:\/\/deportesdigital.com.ve\/public\/wp-content\/uploads\/2025\/07\/p11-2-80x60.jpg 80w\" sizes=\"auto, (max-width: 800px) 100vw, 800px\" \/><\/a><\/p>\n<p>El Grupo B de la categor\u00eda Sub-16 presenci\u00f3 un empate 1-1 entre T\u00f3tem y Deportivo Popular. Samuel Mel\u00e9ndez anot\u00f3 por Deportivo Popular, mientras que Daniel Reyes fue el autor del gol de T\u00f3tem y se llev\u00f3 el premio al m\u00e1s valioso.<\/p>\n<p><a href=\"https:\/\/deportesdigital.com.ve\/public\/wp-content\/uploads\/2025\/07\/p8-3.jpg\"><img loading=\"lazy\" decoding=\"async\" class=\"size-full wp-image-106838 aligncenter\" src=\"https:\/\/deportesdigital.com.ve\/public\/wp-content\/uploads\/2025\/07\/p8-3.jpg\" alt=\"\" width=\"800\" height=\"638\" srcset=\"https:\/\/deportesdigital.com.ve\/public\/wp-content\/uploads\/2025\/07\/p8-3.jpg 800w, https:\/\/deportesdigital.com.ve\/public\/wp-content\/uploads\/2025\/07\/p8-3-300x239.jpg 300w, https:\/\/deportesdigital.com.ve\/public\/wp-content\/uploads\/2025\/07\/p8-3-768x612.jpg 768w, https:\/\/deportesdigital.com.ve\/public\/wp-content\/uploads\/2025\/07\/p8-3-730x582.jpg 730w, https:\/\/deportesdigital.com.ve\/public\/wp-content\/uploads\/2025\/07\/p8-3-435x347.jpg 435w\" sizes=\"auto, (max-width: 800px) 100vw, 800px\" \/><\/a><\/p>\n<p>En la categor\u00eda Sub-18, Grupo B, Sabana Grande se llev\u00f3 una emocionante victoria de 3-2 ante Fundauam B. Santiago Urdaneta fue la estrella de Sabana Grande con un doblete, logrando el premio al jugador del encuentro, y Jordan Vel\u00e1squez contribuy\u00f3 con otro gol. Por Fundauam B, Sebasti\u00e1n Rinc\u00f3n y Santiago \u00c1lvarez descontaron.<\/p>\n<p><strong>Goleadas y Cierres Espectaculares<\/strong><\/p>\n<p>La jornada tambi\u00e9n fue escenario de encuentros con amplio margen de goles. En la categor\u00eda Sub-16, Grupo B, Centro Gallego gole\u00f3 4-1 a Fundauam. Por su parte, en la categor\u00eda Sub-18, Fundauam venci\u00f3 4-3 a Centro Gallego en un partido lleno de acci\u00f3n.<\/p>\n<p><a href=\"https:\/\/deportesdigital.com.ve\/public\/wp-content\/uploads\/2025\/07\/p12-1.jpg\"><img loading=\"lazy\" decoding=\"async\" class=\"size-full wp-image-106842 aligncenter\" src=\"https:\/\/deportesdigital.com.ve\/public\/wp-content\/uploads\/2025\/07\/p12-1.jpg\" alt=\"\" width=\"800\" height=\"735\" srcset=\"https:\/\/deportesdigital.com.ve\/public\/wp-content\/uploads\/2025\/07\/p12-1.jpg 800w, https:\/\/deportesdigital.com.ve\/public\/wp-content\/uploads\/2025\/07\/p12-1-300x276.jpg 300w, https:\/\/deportesdigital.com.ve\/public\/wp-content\/uploads\/2025\/07\/p12-1-768x706.jpg 768w, https:\/\/deportesdigital.com.ve\/public\/wp-content\/uploads\/2025\/07\/p12-1-730x671.jpg 730w, https:\/\/deportesdigital.com.ve\/public\/wp-content\/uploads\/2025\/07\/p12-1-435x400.jpg 435w\" sizes=\"auto, (max-width: 800px) 100vw, 800px\" \/><\/a><\/p>\n<p>El cierre de la jornada estuvo a cargo de la categor\u00eda Sub-13, donde Centro Gallego se impuso con contundencia 5-1 a Casa D&#8217;Italia. Rival Bunduk fue la figura indiscutible con un triplete que le vali\u00f3 el premio al jugador m\u00e1s valioso, complementado por los goles de Juan Garc\u00eda y Mateo Rojas. Por Casa D&#8217;Italia, Cristofer Ordinola anot\u00f3 el gol del honor.<\/p>\n<p><a href=\"https:\/\/deportesdigital.com.ve\/public\/wp-content\/uploads\/2025\/07\/p2-2.jpg\"><img loading=\"lazy\" decoding=\"async\" class=\"size-full wp-image-106832 aligncenter\" src=\"https:\/\/deportesdigital.com.ve\/public\/wp-content\/uploads\/2025\/07\/p2-2.jpg\" alt=\"\" width=\"800\" height=\"547\" srcset=\"https:\/\/deportesdigital.com.ve\/public\/wp-content\/uploads\/2025\/07\/p2-2.jpg 800w, https:\/\/deportesdigital.com.ve\/public\/wp-content\/uploads\/2025\/07\/p2-2-300x205.jpg 300w, https:\/\/deportesdigital.com.ve\/public\/wp-content\/uploads\/2025\/07\/p2-2-768x525.jpg 768w, https:\/\/deportesdigital.com.ve\/public\/wp-content\/uploads\/2025\/07\/p2-2-730x499.jpg 730w, https:\/\/deportesdigital.com.ve\/public\/wp-content\/uploads\/2025\/07\/p2-2-435x297.jpg 435w\" sizes=\"auto, (max-width: 800px) 100vw, 800px\" \/><\/a><\/p>\n<p>La acci\u00f3n de la Copa Vacacional Deportivo Popular continuar\u00e1 este mi\u00e9rcoles 30 de julio a partir de las 8:00 AM en la Ciudad Deportiva La Popular, con la promesa de otra jornada llena de emoci\u00f3n y talento futbol\u00edstico.<\/p>\n<p><a href=\"https:\/\/deportesdigital.com.ve\/public\/wp-content\/uploads\/2025\/07\/p3-3.jpg\"><img loading=\"lazy\" decoding=\"async\" class=\"size-full wp-image-106833 aligncenter\" src=\"https:\/\/deportesdigital.com.ve\/public\/wp-content\/uploads\/2025\/07\/p3-3.jpg\" alt=\"\" width=\"800\" height=\"508\" srcset=\"https:\/\/deportesdigital.com.ve\/public\/wp-content\/uploads\/2025\/07\/p3-3.jpg 800w, https:\/\/deportesdigital.com.ve\/public\/wp-content\/uploads\/2025\/07\/p3-3-300x191.jpg 300w, https:\/\/deportesdigital.com.ve\/public\/wp-content\/uploads\/2025\/07\/p3-3-768x488.jpg 768w, https:\/\/deportesdigital.com.ve\/public\/wp-content\/uploads\/2025\/07\/p3-3-730x464.jpg 730w, https:\/\/deportesdigital.com.ve\/public\/wp-content\/uploads\/2025\/07\/p3-3-410x260.jpg 410w, https:\/\/deportesdigital.com.ve\/public\/wp-content\/uploads\/2025\/07\/p3-3-435x276.jpg 435w\" sizes=\"auto, (max-width: 800px) 100vw, 800px\" \/><\/a><\/p>\n<p>&nbsp;<\/p>\n<p><strong><em>Sigue esta y otras #Noticias ingresando a nuestras plataformas digitales Deportes Digital, en Instagram, Facebook, Twitter, y en nuestros grupos de Whatsapp y Telegram.<\/em><\/strong><\/p>\n<p><a href=\"https:\/\/deportesdigital.com.ve\/public\/wp-content\/uploads\/2025\/07\/p5-3.jpg\"><img loading=\"lazy\" decoding=\"async\" class=\"alignnone size-full wp-image-106835\" src=\"https:\/\/deportesdigital.com.ve\/public\/wp-content\/uploads\/2025\/07\/p5-3.jpg\" alt=\"\" width=\"800\" height=\"784\" srcset=\"https:\/\/deportesdigital.com.ve\/public\/wp-content\/uploads\/2025\/07\/p5-3.jpg 800w, https:\/\/deportesdigital.com.ve\/public\/wp-content\/uploads\/2025\/07\/p5-3-300x294.jpg 300w, https:\/\/deportesdigital.com.ve\/public\/wp-content\/uploads\/2025\/07\/p5-3-768x753.jpg 768w, https:\/\/deportesdigital.com.ve\/public\/wp-content\/uploads\/2025\/07\/p5-3-730x715.jpg 730w, https:\/\/deportesdigital.com.ve\/public\/wp-content\/uploads\/2025\/07\/p5-3-435x426.jpg 435w\" sizes=\"auto, (max-width: 800px) 100vw, 800px\" \/><\/a> <a href=\"https:\/\/deportesdigital.com.ve\/public\/wp-content\/uploads\/2025\/07\/p1-4-scaled.jpg\"><img loading=\"lazy\" decoding=\"async\" class=\"alignnone size-full wp-image-106831\" src=\"https:\/\/deportesdigital.com.ve\/public\/wp-content\/uploads\/2025\/07\/p1-4-scaled.jpg\" alt=\"\" width=\"2560\" height=\"2322\" srcset=\"https:\/\/deportesdigital.com.ve\/public\/wp-content\/uploads\/2025\/07\/p1-4-scaled.jpg 2560w, https:\/\/deportesdigital.com.ve\/public\/wp-content\/uploads\/2025\/07\/p1-4-300x272.jpg 300w, https:\/\/deportesdigital.com.ve\/public\/wp-content\/uploads\/2025\/07\/p1-4-1024x929.jpg 1024w, https:\/\/deportesdigital.com.ve\/public\/wp-content\/uploads\/2025\/07\/p1-4-768x697.jpg 768w, https:\/\/deportesdigital.com.ve\/public\/wp-content\/uploads\/2025\/07\/p1-4-1536x1393.jpg 1536w, https:\/\/deportesdigital.com.ve\/public\/wp-content\/uploads\/2025\/07\/p1-4-2048x1857.jpg 2048w, https:\/\/deportesdigital.com.ve\/public\/wp-content\/uploads\/2025\/07\/p1-4-730x662.jpg 730w, https:\/\/deportesdigital.com.ve\/public\/wp-content\/uploads\/2025\/07\/p1-4-435x395.jpg 435w\" sizes=\"auto, (max-width: 2560px) 100vw, 2560px\" \/><\/a> <a href=\"https:\/\/deportesdigital.com.ve\/public\/wp-content\/uploads\/2025\/07\/p13-1.jpg\"><img loading=\"lazy\" decoding=\"async\" class=\"alignnone size-full wp-image-106843\" src=\"https:\/\/deportesdigital.com.ve\/public\/wp-content\/uploads\/2025\/07\/p13-1.jpg\" alt=\"\" width=\"800\" height=\"656\" srcset=\"https:\/\/deportesdigital.com.ve\/public\/wp-content\/uploads\/2025\/07\/p13-1.jpg 800w, https:\/\/deportesdigital.com.ve\/public\/wp-content\/uploads\/2025\/07\/p13-1-300x246.jpg 300w, https:\/\/deportesdigital.com.ve\/public\/wp-content\/uploads\/2025\/07\/p13-1-768x630.jpg 768w, https:\/\/deportesdigital.com.ve\/public\/wp-content\/uploads\/2025\/07\/p13-1-730x599.jpg 730w, https:\/\/deportesdigital.com.ve\/public\/wp-content\/uploads\/2025\/07\/p13-1-435x357.jpg 435w\" sizes=\"auto, (max-width: 800px) 100vw, 800px\" \/><\/a><\/p>\n","protected":false},"excerpt":{"rendered":"<p>La acci\u00f3n de la Copa Vacacional Deportivo Popular continuar\u00e1 este mi\u00e9rcoles 30 de julio a partir de las 8:00 AM en la Ciudad Deportiva La Popular. Jos\u00e9 Gil Deportes Digital\/Maracaibo: [&hellip;]<\/p>\n","protected":false},"author":1,"featured_media":106839,"comment_status":"open","ping_status":"closed","sticky":false,"template":"","format":"standard","meta":{"footnotes":""},"categories":[1],"tags":[560,893,49,4523,2649,2712],"class_list":["post-106830","post","type-post","status-publish","format-standard","has-post-thumbnail","hentry","category-sin-categoria","tag-copalago","tag-deportivo","tag-futbol","tag-la-popular","tag-popular","tag-segundajoranda","clearfix"],"_links":{"self":[{"href":"https:\/\/deportesdigital.com.ve\/public\/wp-json\/wp\/v2\/posts\/106830","targetHints":{"allow":["GET"]}}],"collection":[{"href":"https:\/\/deportesdigital.com.ve\/public\/wp-json\/wp\/v2\/posts"}],"about":[{"href":"https:\/\/deportesdigital.com.ve\/public\/wp-json\/wp\/v2\/types\/post"}],"author":[{"embeddable":true,"href":"https:\/\/deportesdigital.com.ve\/public\/wp-json\/wp\/v2\/users\/1"}],"replies":[{"embeddable":true,"href":"https:\/\/deportesdigital.com.ve\/public\/wp-json\/wp\/v2\/comments?post=106830"}],"version-history":[{"count":2,"href":"https:\/\/deportesdigital.com.ve\/public\/wp-json\/wp\/v2\/posts\/106830\/revisions"}],"predecessor-version":[{"id":106845,"href":"https:\/\/deportesdigital.com.ve\/public\/wp-json\/wp\/v2\/posts\/106830\/revisions\/106845"}],"wp:featuredmedia":[{"embeddable":true,"href":"https:\/\/deportesdigital.com.ve\/public\/wp-json\/wp\/v2\/media\/106839"}],"wp:attachment":[{"href":"https:\/\/deportesdigital.com.ve\/public\/wp-json\/wp\/v2\/media?parent=106830"}],"wp:term":[{"taxonomy":"category","embeddable":true,"href":"https:\/\/deportesdigital.com.ve\/public\/wp-json\/wp\/v2\/categories?post=106830"},{"taxonomy":"post_tag","embeddable":true,"href":"https:\/\/deportesdigital.com.ve\/public\/wp-json\/wp\/v2\/tags?post=106830"}],"curies":[{"name":"wp","href":"https:\/\/api.w.org\/{rel}","templated":true}]}}