{"id":106795,"date":"2025-07-29T23:18:12","date_gmt":"2025-07-30T03:18:12","guid":{"rendered":"https:\/\/deportesdigital.com.ve\/public\/?p=106795"},"modified":"2025-07-29T23:18:12","modified_gmt":"2025-07-30T03:18:12","slug":"gimnasia-artistica-del-zulia-lista-para-los-juegos-deportivos-nacionales-estudiantiles","status":"publish","type":"post","link":"https:\/\/deportesdigital.com.ve\/public\/gimnasia-artistica-del-zulia-lista-para-los-juegos-deportivos-nacionales-estudiantiles\/","title":{"rendered":"Gimnasia Art\u00edstica del Zulia Lista para los Juegos Deportivos Nacionales Estudiantiles"},"content":{"rendered":"<p><strong><em>La gimnasia del Zulia estar\u00e1 representada por ocho atletas <\/em><\/strong><strong><em>en las categor\u00edas Sub 10 y Sub 12.<\/em><\/strong><\/p>\n<hr \/>\n<p><strong><em>Jos\u00e9 Gil Deportes Digital\/Maracaibo:<\/em><\/strong> La delegaci\u00f3n de Gimnasia Art\u00edstica del Zulia se prepara para partir este jueves hacia los XIX Juegos Deportivos Nacionales Estudiantiles, que se llevar\u00e1n a cabo en el Gimnasio Gabriel Guanipa Semeco de Falc\u00f3n. El equipo zuliano estar\u00e1 conformado por ocho gimnastas de los clubes de Cabimas y La Ca\u00f1ada de Urdaneta, listos para demostrar su talento y buscar los primeros lugares en la competencia.<\/p>\n<p><strong>Preparaci\u00f3n y Expectativas<\/strong><\/p>\n<p>Jos\u00e9 Infante, entrenador de la selecci\u00f3n del Zulia, expres\u00f3 su confianza en el equipo, destacando que \u00abla gimnasia del Zulia est\u00e1 lista para conquistar los primeros lugares en la competencia estudiantil\u00bb. Los ocho atletas competir\u00e1n en las categor\u00edas Sub 10 y Sub 12, tras una intensa fase de preparaci\u00f3n que sigui\u00f3 a la eliminatoria zonal.<\/p>\n<p><a href=\"https:\/\/deportesdigital.com.ve\/public\/wp-content\/uploads\/2025\/07\/WhatsApp-Image-2025-07-29-at-10.36.24-PM.jpeg\"><img loading=\"lazy\" decoding=\"async\" class=\" wp-image-106797 aligncenter\" src=\"https:\/\/deportesdigital.com.ve\/public\/wp-content\/uploads\/2025\/07\/WhatsApp-Image-2025-07-29-at-10.36.24-PM.jpeg\" alt=\"\" width=\"617\" height=\"728\" srcset=\"https:\/\/deportesdigital.com.ve\/public\/wp-content\/uploads\/2025\/07\/WhatsApp-Image-2025-07-29-at-10.36.24-PM.jpeg 793w, https:\/\/deportesdigital.com.ve\/public\/wp-content\/uploads\/2025\/07\/WhatsApp-Image-2025-07-29-at-10.36.24-PM-254x300.jpeg 254w, https:\/\/deportesdigital.com.ve\/public\/wp-content\/uploads\/2025\/07\/WhatsApp-Image-2025-07-29-at-10.36.24-PM-768x906.jpeg 768w, https:\/\/deportesdigital.com.ve\/public\/wp-content\/uploads\/2025\/07\/WhatsApp-Image-2025-07-29-at-10.36.24-PM-730x862.jpeg 730w, https:\/\/deportesdigital.com.ve\/public\/wp-content\/uploads\/2025\/07\/WhatsApp-Image-2025-07-29-at-10.36.24-PM-435x513.jpeg 435w\" sizes=\"auto, (max-width: 617px) 100vw, 617px\" \/><\/a><\/p>\n<p>La selecci\u00f3n zuliana est\u00e1 integrada por, Manuela Peralta, Camila G\u00f3mez, Valentina Fl\u00f3rez, Tanja Querales, Yeliana Casta\u00f1eda, Rosmary Parra, Sara Atencio, Nahomy Labarca<\/p>\n<p>La gimnasia art\u00edstica tendr\u00e1 acci\u00f3n del 31 de julio al 4 de agosto, con la participaci\u00f3n de aproximadamente 300 atletas de 13 estados del pa\u00eds. Las modalidades en disputa ser\u00e1n Gimnasia Art\u00edstica Femenina, Gimnasia Art\u00edstica Masculina y Gimnasia R\u00edtmica.<\/p>\n<p><strong><em>Sigue esta y otras #Noticias ingresando a nuestras plataformas digitales Deportes Digital, en Instagram, Facebook, Twitter, y en nuestros grupos de Whatsapp y Telegram<\/em><\/strong><\/p>\n<p>&nbsp;<\/p>\n<p>&nbsp;<\/p>\n","protected":false},"excerpt":{"rendered":"<p>La gimnasia del Zulia estar\u00e1 representada por ocho atletas en las categor\u00edas Sub 10 y Sub 12. Jos\u00e9 Gil Deportes Digital\/Maracaibo: La delegaci\u00f3n de Gimnasia Art\u00edstica del Zulia se prepara [&hellip;]<\/p>\n","protected":false},"author":1,"featured_media":106796,"comment_status":"open","ping_status":"closed","sticky":false,"template":"","format":"standard","meta":{"footnotes":""},"categories":[5],"tags":[4518,185,683,410,4520,4519,423,38],"class_list":["post-106795","post","type-post","status-publish","format-standard","has-post-thumbnail","hentry","category-otrosdeportes","tag-artitisca","tag-cabimas","tag-falcon","tag-gimnasia","tag-juegos-estudiantiles","tag-la-canada","tag-nacionales","tag-zulia","clearfix"],"_links":{"self":[{"href":"https:\/\/deportesdigital.com.ve\/public\/wp-json\/wp\/v2\/posts\/106795","targetHints":{"allow":["GET"]}}],"collection":[{"href":"https:\/\/deportesdigital.com.ve\/public\/wp-json\/wp\/v2\/posts"}],"about":[{"href":"https:\/\/deportesdigital.com.ve\/public\/wp-json\/wp\/v2\/types\/post"}],"author":[{"embeddable":true,"href":"https:\/\/deportesdigital.com.ve\/public\/wp-json\/wp\/v2\/users\/1"}],"replies":[{"embeddable":true,"href":"https:\/\/deportesdigital.com.ve\/public\/wp-json\/wp\/v2\/comments?post=106795"}],"version-history":[{"count":1,"href":"https:\/\/deportesdigital.com.ve\/public\/wp-json\/wp\/v2\/posts\/106795\/revisions"}],"predecessor-version":[{"id":106798,"href":"https:\/\/deportesdigital.com.ve\/public\/wp-json\/wp\/v2\/posts\/106795\/revisions\/106798"}],"wp:featuredmedia":[{"embeddable":true,"href":"https:\/\/deportesdigital.com.ve\/public\/wp-json\/wp\/v2\/media\/106796"}],"wp:attachment":[{"href":"https:\/\/deportesdigital.com.ve\/public\/wp-json\/wp\/v2\/media?parent=106795"}],"wp:term":[{"taxonomy":"category","embeddable":true,"href":"https:\/\/deportesdigital.com.ve\/public\/wp-json\/wp\/v2\/categories?post=106795"},{"taxonomy":"post_tag","embeddable":true,"href":"https:\/\/deportesdigital.com.ve\/public\/wp-json\/wp\/v2\/tags?post=106795"}],"curies":[{"name":"wp","href":"https:\/\/api.w.org\/{rel}","templated":true}]}}