{"id":106749,"date":"2025-07-28T13:25:28","date_gmt":"2025-07-28T17:25:28","guid":{"rendered":"https:\/\/deportesdigital.com.ve\/public\/?p=106749"},"modified":"2025-07-28T13:25:28","modified_gmt":"2025-07-28T17:25:28","slug":"zulia-listo-para-los-xix-juegos-nacionales-estudiantiles-con-karate-do-tae-kwon-do-y-natacion","status":"publish","type":"post","link":"https:\/\/deportesdigital.com.ve\/public\/zulia-listo-para-los-xix-juegos-nacionales-estudiantiles-con-karate-do-tae-kwon-do-y-natacion\/","title":{"rendered":"Zulia listo para los XIX Juegos Nacionales Estudiantiles con Karate-Do, Tae Kwon Do y Nataci\u00f3n"},"content":{"rendered":"<p><em><strong>Estas tres disciplinas estaran en acci\u00f3n por el Zulia en la competencia nacional que se realizaran del 1 la 17 de agosto.<\/strong><\/em><\/p>\n<hr \/>\n<p>El estado Zulia se prepara para una destacada participaci\u00f3n en los <strong>XIX Juegos Nacionales Deportivos Estudiantiles<\/strong>, que se llevar\u00e1n a cabo del <strong>1 al 17 de agosto<\/strong> en los estados Lara, Yaracuy y Falc\u00f3n. Las disciplinas de <strong>Karate-Do, Tae Kwon Do y Nataci\u00f3n<\/strong> ya est\u00e1n listas para representar al estado en esta importante justa deportiva escolar.<\/p>\n<p>La fiesta deportiva comenzar\u00e1 oficialmente con el recorrido del Fuego Patrio, que ser\u00e1 recibido el 1 de agosto durante la gran inauguraci\u00f3n en el Domo Bolivariano de Barquisimeto. La delegaci\u00f3n zuliana contar\u00e1 con 226 atletas convencionales y de educaci\u00f3n especial, compitiendo en un total de 12 disciplinas.<\/p>\n<h3>Karate-Do con Altas Expectativas<\/h3>\n<p><a href=\"https:\/\/deportesdigital.com.ve\/public\/wp-content\/uploads\/2025\/07\/WhatsApp-Image-2025-07-27-at-3.39.31-PM-3.jpeg\"><img loading=\"lazy\" decoding=\"async\" class=\"alignnone wp-image-106750 size-full\" src=\"https:\/\/deportesdigital.com.ve\/public\/wp-content\/uploads\/2025\/07\/WhatsApp-Image-2025-07-27-at-3.39.31-PM-3-e1753723114251.jpeg\" alt=\"\" width=\"1280\" height=\"614\" srcset=\"https:\/\/deportesdigital.com.ve\/public\/wp-content\/uploads\/2025\/07\/WhatsApp-Image-2025-07-27-at-3.39.31-PM-3-e1753723114251.jpeg 1280w, https:\/\/deportesdigital.com.ve\/public\/wp-content\/uploads\/2025\/07\/WhatsApp-Image-2025-07-27-at-3.39.31-PM-3-e1753723114251-300x144.jpeg 300w, https:\/\/deportesdigital.com.ve\/public\/wp-content\/uploads\/2025\/07\/WhatsApp-Image-2025-07-27-at-3.39.31-PM-3-e1753723114251-1024x491.jpeg 1024w, https:\/\/deportesdigital.com.ve\/public\/wp-content\/uploads\/2025\/07\/WhatsApp-Image-2025-07-27-at-3.39.31-PM-3-e1753723114251-768x368.jpeg 768w, https:\/\/deportesdigital.com.ve\/public\/wp-content\/uploads\/2025\/07\/WhatsApp-Image-2025-07-27-at-3.39.31-PM-3-e1753723114251-730x350.jpeg 730w, https:\/\/deportesdigital.com.ve\/public\/wp-content\/uploads\/2025\/07\/WhatsApp-Image-2025-07-27-at-3.39.31-PM-3-e1753723114251-435x209.jpeg 435w\" sizes=\"auto, (max-width: 1280px) 100vw, 1280px\" \/><\/a><\/p>\n<p>La selecci\u00f3n de <strong>Karate-Do del Zulia<\/strong> est\u00e1 lista para entrar en acci\u00f3n en el Gimnasio Nicol\u00e1s Ojeda de Yaracuy, del 3 al 8 de agosto. Los atletas <strong>Silvia Villero, Estefan\u00eda Pirela, Hellen Castillo, Amanda Hu\u00e9rfano, Luigi Ter\u00e1n, William Renter\u00eda, N\u00e9stor Ben\u00edtez y Fabi\u00e1n Nava<\/strong> competir\u00e1n en las modalidades de Kata (figuras) y Kumite (combate).<\/p>\n<p><a href=\"https:\/\/deportesdigital.com.ve\/public\/wp-content\/uploads\/2025\/07\/WhatsApp-Image-2025-07-27-at-3.39.31-PM.jpeg\"><img loading=\"lazy\" decoding=\"async\" class=\"wp-image-106752  aligncenter\" src=\"https:\/\/deportesdigital.com.ve\/public\/wp-content\/uploads\/2025\/07\/WhatsApp-Image-2025-07-27-at-3.39.31-PM-e1753723218382.jpeg\" alt=\"\" width=\"637\" height=\"511\" srcset=\"https:\/\/deportesdigital.com.ve\/public\/wp-content\/uploads\/2025\/07\/WhatsApp-Image-2025-07-27-at-3.39.31-PM-e1753723218382.jpeg 960w, https:\/\/deportesdigital.com.ve\/public\/wp-content\/uploads\/2025\/07\/WhatsApp-Image-2025-07-27-at-3.39.31-PM-e1753723218382-300x241.jpeg 300w, https:\/\/deportesdigital.com.ve\/public\/wp-content\/uploads\/2025\/07\/WhatsApp-Image-2025-07-27-at-3.39.31-PM-e1753723218382-768x616.jpeg 768w, https:\/\/deportesdigital.com.ve\/public\/wp-content\/uploads\/2025\/07\/WhatsApp-Image-2025-07-27-at-3.39.31-PM-e1753723218382-730x586.jpeg 730w, https:\/\/deportesdigital.com.ve\/public\/wp-content\/uploads\/2025\/07\/WhatsApp-Image-2025-07-27-at-3.39.31-PM-e1753723218382-435x349.jpeg 435w\" sizes=\"auto, (max-width: 637px) 100vw, 637px\" \/><\/a><\/p>\n<p>Bajo la direcci\u00f3n t\u00e9cnica de los entrenadores <strong>Shihan Ana Dugarte, Shihan Al\u00ed Garc\u00eda y Jackeline Guerra<\/strong>, la selecci\u00f3n, que ha estado prepar\u00e1ndose intensamente en el gimnasio de combates de Cuatricentenario, buscar\u00e1 posicionarse en el podio nacional.<\/p>\n<h3>Tae Kwon Do en Busca de los Primeros Lugares<\/h3>\n<p>La disciplina de <strong>Tae Kwon Do<\/strong> ver\u00e1 acci\u00f3n tambi\u00e9n en el Gimnasio Nicol\u00e1s Ojeda de Yaracuy, del 2 al 4 de agosto. La selecci\u00f3n del Zulia, que competir\u00e1 en las modalidades de Kyrougui (combate) y Poomsae (figuras), estar\u00e1 representada por <strong>Javier N\u00fa\u00f1ez, Eliezer Fern\u00e1ndez, Jerem\u00edas Padr\u00f3n, \u00c1ngel Carri\u00f3n, Keider Paz, Sucej Reyes, Ivanna Mart\u00ednez, Deyvelin S\u00e1nchez, Dianabel Urdaneta, Samuel Gonz\u00e1lez y Nayira Bastidas<\/strong>.<\/p>\n<p><a href=\"https:\/\/deportesdigital.com.ve\/public\/wp-content\/uploads\/2025\/07\/WhatsApp-Image-2025-07-28-at-10.52.34-AM.jpeg\"><img loading=\"lazy\" decoding=\"async\" class=\"wp-image-106753  aligncenter\" src=\"https:\/\/deportesdigital.com.ve\/public\/wp-content\/uploads\/2025\/07\/WhatsApp-Image-2025-07-28-at-10.52.34-AM-e1753723323287.jpeg\" alt=\"\" width=\"947\" height=\"721\" srcset=\"https:\/\/deportesdigital.com.ve\/public\/wp-content\/uploads\/2025\/07\/WhatsApp-Image-2025-07-28-at-10.52.34-AM-e1753723323287.jpeg 1480w, https:\/\/deportesdigital.com.ve\/public\/wp-content\/uploads\/2025\/07\/WhatsApp-Image-2025-07-28-at-10.52.34-AM-e1753723323287-300x228.jpeg 300w, https:\/\/deportesdigital.com.ve\/public\/wp-content\/uploads\/2025\/07\/WhatsApp-Image-2025-07-28-at-10.52.34-AM-e1753723323287-1024x779.jpeg 1024w, https:\/\/deportesdigital.com.ve\/public\/wp-content\/uploads\/2025\/07\/WhatsApp-Image-2025-07-28-at-10.52.34-AM-e1753723323287-768x584.jpeg 768w, https:\/\/deportesdigital.com.ve\/public\/wp-content\/uploads\/2025\/07\/WhatsApp-Image-2025-07-28-at-10.52.34-AM-e1753723323287-730x555.jpeg 730w, https:\/\/deportesdigital.com.ve\/public\/wp-content\/uploads\/2025\/07\/WhatsApp-Image-2025-07-28-at-10.52.34-AM-e1753723323287-435x331.jpeg 435w, https:\/\/deportesdigital.com.ve\/public\/wp-content\/uploads\/2025\/07\/WhatsApp-Image-2025-07-28-at-10.52.34-AM-e1753723323287-80x60.jpeg 80w\" sizes=\"auto, (max-width: 947px) 100vw, 947px\" \/><\/a><\/p>\n<p>El equipo estar\u00e1 bajo la direcci\u00f3n de los entrenadores <strong>Alexander Gonz\u00e1lez y Darwin Gonz\u00e1lez<\/strong>, con Luis Mata como delegado y Cinthia Acosta como acompa\u00f1ante.<\/p>\n<h3>Tritones Zulianos Listos para Zambo al Agua<\/h3>\n<p>La <strong>Nataci\u00f3n<\/strong> zuliana entrar\u00e1 en acci\u00f3n con 12 atletas en diversas pruebas. El equipo, que ha tenido como centro de entrenamiento la piscina del Complejo Polideportivo Luis Aparicio (Cotorrera), estar\u00e1 bajo la direcci\u00f3n t\u00e9cnica del entrenador <strong>Amancio Guti\u00e9rrez<\/strong>. La sede de la nataci\u00f3n ser\u00e1 el Complejo de Piscinas Rafael \u00abCoquito\u00bb Leal de Yaracuy.<\/p>\n<p><a href=\"https:\/\/deportesdigital.com.ve\/public\/wp-content\/uploads\/2025\/07\/WhatsApp-Image-2025-07-28-at-10.05.50-AM.jpeg\"><img loading=\"lazy\" decoding=\"async\" class=\"alignnone wp-image-106751 size-full\" src=\"https:\/\/deportesdigital.com.ve\/public\/wp-content\/uploads\/2025\/07\/WhatsApp-Image-2025-07-28-at-10.05.50-AM-e1753723367672.jpeg\" alt=\"\" width=\"1920\" height=\"1472\" srcset=\"https:\/\/deportesdigital.com.ve\/public\/wp-content\/uploads\/2025\/07\/WhatsApp-Image-2025-07-28-at-10.05.50-AM-e1753723367672.jpeg 1920w, https:\/\/deportesdigital.com.ve\/public\/wp-content\/uploads\/2025\/07\/WhatsApp-Image-2025-07-28-at-10.05.50-AM-e1753723367672-300x230.jpeg 300w, https:\/\/deportesdigital.com.ve\/public\/wp-content\/uploads\/2025\/07\/WhatsApp-Image-2025-07-28-at-10.05.50-AM-e1753723367672-1024x785.jpeg 1024w, https:\/\/deportesdigital.com.ve\/public\/wp-content\/uploads\/2025\/07\/WhatsApp-Image-2025-07-28-at-10.05.50-AM-e1753723367672-768x589.jpeg 768w, https:\/\/deportesdigital.com.ve\/public\/wp-content\/uploads\/2025\/07\/WhatsApp-Image-2025-07-28-at-10.05.50-AM-e1753723367672-1536x1178.jpeg 1536w, https:\/\/deportesdigital.com.ve\/public\/wp-content\/uploads\/2025\/07\/WhatsApp-Image-2025-07-28-at-10.05.50-AM-e1753723367672-730x560.jpeg 730w, https:\/\/deportesdigital.com.ve\/public\/wp-content\/uploads\/2025\/07\/WhatsApp-Image-2025-07-28-at-10.05.50-AM-e1753723367672-435x334.jpeg 435w, https:\/\/deportesdigital.com.ve\/public\/wp-content\/uploads\/2025\/07\/WhatsApp-Image-2025-07-28-at-10.05.50-AM-e1753723367672-80x60.jpeg 80w\" sizes=\"auto, (max-width: 1920px) 100vw, 1920px\" \/><\/a><\/p>\n<p>La selecci\u00f3n zuliana masculina est\u00e1 conformada por <strong>Santiago Leal, Adri\u00e1n Carroz, Juan Galu\u00e9, Jos\u00e9 Quiroz, Ignacio Fabelo, Sebasti\u00e1n Ortega y Gabriel Bosc\u00e1n<\/strong>. En la rama femenina, las atletas ser\u00e1n <strong>Amanda Quintero, Aranza Inciarte, Gabriela Quintero, Krisbely Duarte y Siriana Silva<\/strong>. Competir\u00e1n en las pruebas de 50, 100, 400 libres, 50 y 100 espalda, 50 y 100 mariposa, 50 y 100 pecho, 200 metros combinado, y relevos 4&#215;50 libre y estilos.<\/p>\n<p>Los XIX Juegos Nacionales Deportivos Estudiantiles reunir\u00e1n a un total de 5.851 estudiantes atletas de los 24 estados del pa\u00eds y el Distrito Capital. La competencia nacional contar\u00e1 con 20 disciplinas, incluyendo 12 ol\u00edmpicas (voleibol, baloncesto 3&#215;3, baloncesto 5&#215;5, atletismo, balonmano, tenis de mesa, gimnasia -art\u00edstica y r\u00edtmica-, lucha -libre y greco-, judo, taekwondo, levantamiento de pesas y nataci\u00f3n), cinco no ol\u00edmpicas (kickinball, ajedrez, b\u00e9isbol 5, f\u00fatbol sala y karate-do), dos sordol\u00edmpicas (atletismo -discapacidad visual- y baloncesto 3&#215;3) y una paral\u00edmpica (paratletismo -discapacidad visual\/intelectual-).<\/p>\n<p><strong><em>Sigue esta y otras #Noticias ingresando a nuestras plataformas digitales Deportes Digital, en Instagram, Facebook, Twitter, y en nuestros grupos de Whatsapp y Telegram<\/em><\/strong><\/p>\n","protected":false},"excerpt":{"rendered":"<p>Estas tres disciplinas estaran en acci\u00f3n por el Zulia en la competencia nacional que se realizaran del 1 la 17 de agosto. El estado Zulia se prepara para una destacada [&hellip;]<\/p>\n","protected":false},"author":1,"featured_media":106754,"comment_status":"open","ping_status":"closed","sticky":false,"template":"","format":"standard","meta":{"footnotes":""},"categories":[5],"tags":[4473,709,476,423,325,99,38],"class_list":["post-106749","post","type-post","status-publish","format-standard","has-post-thumbnail","hentry","category-otrosdeportes","tag-estudinatiles","tag-juegos","tag-karatedo","tag-nacionales","tag-natacaion","tag-taekwondo","tag-zulia","clearfix"],"_links":{"self":[{"href":"https:\/\/deportesdigital.com.ve\/public\/wp-json\/wp\/v2\/posts\/106749","targetHints":{"allow":["GET"]}}],"collection":[{"href":"https:\/\/deportesdigital.com.ve\/public\/wp-json\/wp\/v2\/posts"}],"about":[{"href":"https:\/\/deportesdigital.com.ve\/public\/wp-json\/wp\/v2\/types\/post"}],"author":[{"embeddable":true,"href":"https:\/\/deportesdigital.com.ve\/public\/wp-json\/wp\/v2\/users\/1"}],"replies":[{"embeddable":true,"href":"https:\/\/deportesdigital.com.ve\/public\/wp-json\/wp\/v2\/comments?post=106749"}],"version-history":[{"count":1,"href":"https:\/\/deportesdigital.com.ve\/public\/wp-json\/wp\/v2\/posts\/106749\/revisions"}],"predecessor-version":[{"id":106755,"href":"https:\/\/deportesdigital.com.ve\/public\/wp-json\/wp\/v2\/posts\/106749\/revisions\/106755"}],"wp:featuredmedia":[{"embeddable":true,"href":"https:\/\/deportesdigital.com.ve\/public\/wp-json\/wp\/v2\/media\/106754"}],"wp:attachment":[{"href":"https:\/\/deportesdigital.com.ve\/public\/wp-json\/wp\/v2\/media?parent=106749"}],"wp:term":[{"taxonomy":"category","embeddable":true,"href":"https:\/\/deportesdigital.com.ve\/public\/wp-json\/wp\/v2\/categories?post=106749"},{"taxonomy":"post_tag","embeddable":true,"href":"https:\/\/deportesdigital.com.ve\/public\/wp-json\/wp\/v2\/tags?post=106749"}],"curies":[{"name":"wp","href":"https:\/\/api.w.org\/{rel}","templated":true}]}}