{"id":106745,"date":"2025-07-28T09:21:25","date_gmt":"2025-07-28T13:21:25","guid":{"rendered":"https:\/\/deportesdigital.com.ve\/public\/?p=106745"},"modified":"2025-07-28T09:21:25","modified_gmt":"2025-07-28T13:21:25","slug":"comision-electoral-activa-en-el-proceso-eleccionario-de-azutae","status":"publish","type":"post","link":"https:\/\/deportesdigital.com.ve\/public\/comision-electoral-activa-en-el-proceso-eleccionario-de-azutae\/","title":{"rendered":"Comisi\u00f3n Electoral activa en el proceso eleccionario de AZUTAE"},"content":{"rendered":"<p><strong><em>La comision electoral convoco a elecciones para el proximo 10 de agosto.<\/em><\/strong><\/p>\n<hr \/>\n<p><strong><em>Jos\u00e9 Gil Deportes Digital\/Maracaibo:<\/em><\/strong> La Comisi\u00f3n Electoral que\u00a0 rige el proceso eleccionario de la Asociaci\u00f3n Zuliana de Tae Kwon Do (AZUTAE) para el periodo 2024-2029, se encuentra activamente trabajando en la organizaci\u00f3n de las pr\u00f3ximas elecciones, pautadas para el 10 de agosto.<\/p>\n<p>Este proceso busca renovar la Junta Directiva, el Consejo de Honor y el Consejo Contralor de la asociaci\u00f3n, marcando un hito importante para el taekwondo zuliano, que lleva m\u00e1s de una d\u00e9cada sin una asociaci\u00f3n consolidada.<\/p>\n<p>La comisi\u00f3n, integrada por Reinaldo Vera, Sara Mor\u00e1n, Eucaris de Mata y Rub\u00e9n Duno, inici\u00f3 sus labores el pasado 13 de julio. Actualmente, est\u00e1n enfocados en la elaboraci\u00f3n y revisi\u00f3n del reglamento que regir\u00e1 todo el proceso electoral.<\/p>\n<p>Los miembros de la comisi\u00f3n han estado laborando los d\u00edas lunes y mi\u00e9rcoles, de 4:30 p.m. a 6:00 p.m., en las instalaciones del Palacio de Combate de San Francisco. Durante este per\u00edodo, han recibido toda la documentaci\u00f3n necesaria para la inscripci\u00f3n de los candidatos que participar\u00e1n en las elecciones que culminara el pr\u00f3ximo 02 de agosto.<\/p>\n<p>El profesor Reinaldo Vera, miembro principal de la Comisi\u00f3n Electoral, hace un llamado a la participaci\u00f3n de todos los interesados y a aquellos que cumplen con los requisitos para votar. \u00abEs fundamental que todos se involucren en este gran proceso que marcar\u00e1 la historia del taekwondo zuliano\u00bb, afirm\u00f3 Vera.<\/p>\n<p>Las elecciones se llevar\u00e1n a cabo el 10 de agosto en la Vereda del Lago, donde los clubes registrados tendr\u00e1n la oportunidad de elegir a sus representantes. Se espera que este proceso culmine con la consolidaci\u00f3n de la asociaci\u00f3n, un paso que la disciplina ha anhelado durante m\u00e1s de diez a\u00f1os.<\/p>\n<p><strong><em>Sigue esta y otras #Noticias ingresando a nuestras plataformas digitales Deportes Digital, en Instagram, Facebook, Twitter, y en nuestros grupos de Whatsapp y Telegram<\/em><\/strong><\/p>\n","protected":false},"excerpt":{"rendered":"<p>La comision electoral convoco a elecciones para el proximo 10 de agosto. Jos\u00e9 Gil Deportes Digital\/Maracaibo: La Comisi\u00f3n Electoral que\u00a0 rige el proceso eleccionario de la Asociaci\u00f3n Zuliana de Tae [&hellip;]<\/p>\n","protected":false},"author":1,"featured_media":106746,"comment_status":"open","ping_status":"closed","sticky":false,"template":"","format":"standard","meta":{"footnotes":""},"categories":[5],"tags":[4509,2809,2060,99,38],"class_list":["post-106745","post","type-post","status-publish","format-standard","has-post-thumbnail","hentry","category-otrosdeportes","tag-comisiopn","tag-elecciones","tag-proceso","tag-taekwondo","tag-zulia","clearfix"],"_links":{"self":[{"href":"https:\/\/deportesdigital.com.ve\/public\/wp-json\/wp\/v2\/posts\/106745","targetHints":{"allow":["GET"]}}],"collection":[{"href":"https:\/\/deportesdigital.com.ve\/public\/wp-json\/wp\/v2\/posts"}],"about":[{"href":"https:\/\/deportesdigital.com.ve\/public\/wp-json\/wp\/v2\/types\/post"}],"author":[{"embeddable":true,"href":"https:\/\/deportesdigital.com.ve\/public\/wp-json\/wp\/v2\/users\/1"}],"replies":[{"embeddable":true,"href":"https:\/\/deportesdigital.com.ve\/public\/wp-json\/wp\/v2\/comments?post=106745"}],"version-history":[{"count":1,"href":"https:\/\/deportesdigital.com.ve\/public\/wp-json\/wp\/v2\/posts\/106745\/revisions"}],"predecessor-version":[{"id":106747,"href":"https:\/\/deportesdigital.com.ve\/public\/wp-json\/wp\/v2\/posts\/106745\/revisions\/106747"}],"wp:featuredmedia":[{"embeddable":true,"href":"https:\/\/deportesdigital.com.ve\/public\/wp-json\/wp\/v2\/media\/106746"}],"wp:attachment":[{"href":"https:\/\/deportesdigital.com.ve\/public\/wp-json\/wp\/v2\/media?parent=106745"}],"wp:term":[{"taxonomy":"category","embeddable":true,"href":"https:\/\/deportesdigital.com.ve\/public\/wp-json\/wp\/v2\/categories?post=106745"},{"taxonomy":"post_tag","embeddable":true,"href":"https:\/\/deportesdigital.com.ve\/public\/wp-json\/wp\/v2\/tags?post=106745"}],"curies":[{"name":"wp","href":"https:\/\/api.w.org\/{rel}","templated":true}]}}