{"id":104811,"date":"2025-05-22T05:45:07","date_gmt":"2025-05-22T09:45:07","guid":{"rendered":"https:\/\/deportesdigital.com.ve\/public\/?p=104811"},"modified":"2025-05-22T05:45:07","modified_gmt":"2025-05-22T09:45:07","slug":"atletismo-y-paratletismo-rompe-record-en-el-premio-luis-lucho-moreno","status":"publish","type":"post","link":"https:\/\/deportesdigital.com.ve\/public\/atletismo-y-paratletismo-rompe-record-en-el-premio-luis-lucho-moreno\/","title":{"rendered":"Atletismo y Paratletismo rompe record en el Premio Luis \u201cLucho\u201d Moreno"},"content":{"rendered":"<p><em><strong>\u00a0Axel G\u00f3mez, Lisbeli Vera, Alejandra P\u00e9rez, Enma L\u00f3pez Isidoro Bartelemy, Macoly Macgregor y Asoateltismo ganaron el Premio al M\u00e9rito Deportivo Luis \u00abLucho\u00bb Moreno 2024.<\/strong><\/em><\/p>\n<hr \/>\n<p><em><strong>Jos\u00e9 Gil Deportes Digital\/Maracaibo:<\/strong> <\/em>El atletismo convencional y adaptado figur\u00f3 en todos los renglones: Atleta, Paratleta, Entrenador,\u00a0 Dirigente y Asociaci\u00f3n en la sumatoria de votos del Premio Luis \u201cLucho\u201d Moreno, realizada este miercoles en el sal\u00f3n Rafael Romero de Villa Deportiva Arquuimedes Herrera de Mracaibo<\/p>\n<p>El jurado conformado por la autoridades del Instituto Regional de Deportes encabezados por le director e deportes Arturo Moreno y periodistas deportivos de la regi\u00f3n, eligieron a los merecedores del m\u00e1ximo galard\u00f3n que otorga la Gobernaci\u00f3n del Zulia, desde hace 27 a\u00f1os.<\/p>\n<p>\u00abBajo los lineamientos del Gobernador Manuel Rosales Guerrero seguimos avanzando en materia deportiva y estamos comprometidos en seguir mejorando y atendiendo las necesidades que surjan en beneficio de los atletas y paratletas\u00bb. Expres\u00f3 Arturo Moreno, Secretario Regional de Deportes.<\/p>\n<p>Una vez iniciado el conteo de la votaci\u00f3n realizada por 17 miembros del jurado, el resultado arroj\u00f3 a Axel G\u00f3mez de Atletismo como atleta del A\u00f1o con 127 puntos y menci\u00f3n para Santiago Quintero de la misma disciplina con 111 d\u00edgitos.<\/p>\n<p><a href=\"https:\/\/deportesdigital.com.ve\/public\/wp-content\/uploads\/2025\/05\/WhatsApp-Image-2025-05-21-at-8.32.25-PM.jpeg\"><img loading=\"lazy\" decoding=\"async\" class=\"wp-image-104815 aligncenter\" src=\"https:\/\/deportesdigital.com.ve\/public\/wp-content\/uploads\/2025\/05\/WhatsApp-Image-2025-05-21-at-8.32.25-PM.jpeg\" alt=\"\" width=\"747\" height=\"560\" srcset=\"https:\/\/deportesdigital.com.ve\/public\/wp-content\/uploads\/2025\/05\/WhatsApp-Image-2025-05-21-at-8.32.25-PM.jpeg 1080w, https:\/\/deportesdigital.com.ve\/public\/wp-content\/uploads\/2025\/05\/WhatsApp-Image-2025-05-21-at-8.32.25-PM-300x225.jpeg 300w, https:\/\/deportesdigital.com.ve\/public\/wp-content\/uploads\/2025\/05\/WhatsApp-Image-2025-05-21-at-8.32.25-PM-1024x768.jpeg 1024w, https:\/\/deportesdigital.com.ve\/public\/wp-content\/uploads\/2025\/05\/WhatsApp-Image-2025-05-21-at-8.32.25-PM-768x576.jpeg 768w, https:\/\/deportesdigital.com.ve\/public\/wp-content\/uploads\/2025\/05\/WhatsApp-Image-2025-05-21-at-8.32.25-PM-730x548.jpeg 730w, https:\/\/deportesdigital.com.ve\/public\/wp-content\/uploads\/2025\/05\/WhatsApp-Image-2025-05-21-at-8.32.25-PM-435x326.jpeg 435w, https:\/\/deportesdigital.com.ve\/public\/wp-content\/uploads\/2025\/05\/WhatsApp-Image-2025-05-21-at-8.32.25-PM-80x60.jpeg 80w\" sizes=\"auto, (max-width: 747px) 100vw, 747px\" \/><\/a><\/p>\n<p>El atleta Talento Deportivo fue para Enma L\u00f3pez de Gimnasia R\u00edtmica (130 pts) y menci\u00f3n para Julio Parra de Atletismo (123 pts).<\/p>\n<p><a href=\"https:\/\/deportesdigital.com.ve\/public\/wp-content\/uploads\/2025\/05\/WhatsApp-Image-2025-05-21-at-8.32.25-PM-1.jpeg\"><img loading=\"lazy\" decoding=\"async\" class=\"wp-image-104814 aligncenter\" src=\"https:\/\/deportesdigital.com.ve\/public\/wp-content\/uploads\/2025\/05\/WhatsApp-Image-2025-05-21-at-8.32.25-PM-1.jpeg\" alt=\"\" width=\"679\" height=\"849\" srcset=\"https:\/\/deportesdigital.com.ve\/public\/wp-content\/uploads\/2025\/05\/WhatsApp-Image-2025-05-21-at-8.32.25-PM-1.jpeg 1080w, https:\/\/deportesdigital.com.ve\/public\/wp-content\/uploads\/2025\/05\/WhatsApp-Image-2025-05-21-at-8.32.25-PM-1-240x300.jpeg 240w, https:\/\/deportesdigital.com.ve\/public\/wp-content\/uploads\/2025\/05\/WhatsApp-Image-2025-05-21-at-8.32.25-PM-1-819x1024.jpeg 819w, https:\/\/deportesdigital.com.ve\/public\/wp-content\/uploads\/2025\/05\/WhatsApp-Image-2025-05-21-at-8.32.25-PM-1-768x960.jpeg 768w, https:\/\/deportesdigital.com.ve\/public\/wp-content\/uploads\/2025\/05\/WhatsApp-Image-2025-05-21-at-8.32.25-PM-1-730x913.jpeg 730w, https:\/\/deportesdigital.com.ve\/public\/wp-content\/uploads\/2025\/05\/WhatsApp-Image-2025-05-21-at-8.32.25-PM-1-435x544.jpeg 435w\" sizes=\"auto, (max-width: 679px) 100vw, 679px\" \/><\/a><\/p>\n<p>En el rengl\u00f3n de paratleta de a\u00f1o result\u00f3 empatado con 106 puntos para Lisbeli Vera y Alejandra P\u00e9rez, ambas del paratletismo, declarando el jurado a ambas ganadoras.<\/p>\n<p><a href=\"https:\/\/deportesdigital.com.ve\/public\/wp-content\/uploads\/2025\/05\/WhatsApp-Image-2025-05-21-at-8.32.26-PM.jpeg\"><img loading=\"lazy\" decoding=\"async\" class=\"alignnone  wp-image-104813\" src=\"https:\/\/deportesdigital.com.ve\/public\/wp-content\/uploads\/2025\/05\/WhatsApp-Image-2025-05-21-at-8.32.26-PM.jpeg\" alt=\"\" width=\"536\" height=\"536\" srcset=\"https:\/\/deportesdigital.com.ve\/public\/wp-content\/uploads\/2025\/05\/WhatsApp-Image-2025-05-21-at-8.32.26-PM.jpeg 853w, https:\/\/deportesdigital.com.ve\/public\/wp-content\/uploads\/2025\/05\/WhatsApp-Image-2025-05-21-at-8.32.26-PM-300x300.jpeg 300w, https:\/\/deportesdigital.com.ve\/public\/wp-content\/uploads\/2025\/05\/WhatsApp-Image-2025-05-21-at-8.32.26-PM-150x150.jpeg 150w, https:\/\/deportesdigital.com.ve\/public\/wp-content\/uploads\/2025\/05\/WhatsApp-Image-2025-05-21-at-8.32.26-PM-768x768.jpeg 768w, https:\/\/deportesdigital.com.ve\/public\/wp-content\/uploads\/2025\/05\/WhatsApp-Image-2025-05-21-at-8.32.26-PM-730x730.jpeg 730w, https:\/\/deportesdigital.com.ve\/public\/wp-content\/uploads\/2025\/05\/WhatsApp-Image-2025-05-21-at-8.32.26-PM-435x435.jpeg 435w\" sizes=\"auto, (max-width: 536px) 100vw, 536px\" \/><\/a> <a href=\"https:\/\/deportesdigital.com.ve\/public\/wp-content\/uploads\/2025\/05\/WhatsApp-Image-2025-05-21-at-8.32.26-PM-1.jpeg\"><img loading=\"lazy\" decoding=\"async\" class=\"alignnone wp-image-104812 \" src=\"https:\/\/deportesdigital.com.ve\/public\/wp-content\/uploads\/2025\/05\/WhatsApp-Image-2025-05-21-at-8.32.26-PM-1-e1747907021109-280x300.jpeg\" alt=\"\" width=\"498\" height=\"533\" srcset=\"https:\/\/deportesdigital.com.ve\/public\/wp-content\/uploads\/2025\/05\/WhatsApp-Image-2025-05-21-at-8.32.26-PM-1-e1747907021109-280x300.jpeg 280w, https:\/\/deportesdigital.com.ve\/public\/wp-content\/uploads\/2025\/05\/WhatsApp-Image-2025-05-21-at-8.32.26-PM-1-e1747907021109-435x467.jpeg 435w, https:\/\/deportesdigital.com.ve\/public\/wp-content\/uploads\/2025\/05\/WhatsApp-Image-2025-05-21-at-8.32.26-PM-1-e1747907021109.jpeg 670w\" sizes=\"auto, (max-width: 498px) 100vw, 498px\" \/><\/a><\/p>\n<p>Isidoro Barthelemy de Paratletismo fue el entrenador del a\u00f1o (119 pts), con menci\u00f3n para Neila Ramos de Gimnasia R\u00edtmica (91 pts).<\/p>\n<p>El Premio al dirigente del a\u00f1o recay\u00f3 sobre Macoly Mcgregor de Atletismo (114 pts) y la menci\u00f3n para Luis Villalobos de Polideportiva de Deporte Intelectual (92 pts). Mientras que el Atletismo se llev\u00f3 la Asociaci\u00f3n del A\u00f1o (146 pts).<\/p>\n<p>Macoly Macgregor, presiudente d ela asocion de atletismo del zulia, espreso klas felicitacaiones a todos los ganadores y participantes a este importante galardon que premia el trabajo de un grupo de entrenadores,clubes, atletas y dirgerencia que hace posible el \u00e9xito d ela disciplima como lo es el atletismo.<\/p>\n<p>Aseguro, \u201chago el llamdo al todas las asociones depoprtivas aseguir trabajndo por el deporte zuliano a no desmayar para poner el deporte de nuestro estado en lo m\u00e1s alto del pais.<\/p>\n<p>El premio \u00a0Luis\u00a0 \u201cLucho\u201d Morenopo, fue creado en el a\u00f1o 1998, desde hace premio que se vienes entregando a todos los mejores atletas, entrenadores y dirigentes el cual estuvo paralizado por espacio de cinco a\u00f1o, volviendo\u00a0 en el a\u00f1o 2022 a su entrega bajo la direccion de Alwxander Delgado.<\/p>\n<p><strong><em>Sigue esta y otras\u00a0<\/em><\/strong><a href=\"https:\/\/z-p15.www.instagram.com\/explore\/tags\/noticias\/\"><strong><em>#Noticias<\/em><\/strong><\/a><strong><em>\u00a0ingresando a nuestras plataformas digitales Deportes Digital, en Instagram, Facebook, Twitter, y en nuestros grupos de Whatsapp y Telegram.<\/em><\/strong><\/p>\n","protected":false},"excerpt":{"rendered":"<p>\u00a0Axel G\u00f3mez, Lisbeli Vera, Alejandra P\u00e9rez, Enma L\u00f3pez Isidoro Bartelemy, Macoly Macgregor y Asoateltismo ganaron el Premio al M\u00e9rito Deportivo Luis \u00abLucho\u00bb Moreno 2024. Jos\u00e9 Gil Deportes Digital\/Maracaibo: El atletismo [&hellip;]<\/p>\n","protected":false},"author":1,"featured_media":104816,"comment_status":"open","ping_status":"closed","sticky":false,"template":"","format":"standard","meta":{"footnotes":""},"categories":[5],"tags":[287,3498,150,110,2058,2072,279,4122],"class_list":["post-104811","post","type-post","status-publish","format-standard","has-post-thumbnail","hentry","category-otrosdeportes","tag-atletas","tag-dirigentes","tag-entrenadores","tag-irdez","tag-lucho","tag-moreno","tag-premio","tag-zulia-deportes","clearfix"],"_links":{"self":[{"href":"https:\/\/deportesdigital.com.ve\/public\/wp-json\/wp\/v2\/posts\/104811","targetHints":{"allow":["GET"]}}],"collection":[{"href":"https:\/\/deportesdigital.com.ve\/public\/wp-json\/wp\/v2\/posts"}],"about":[{"href":"https:\/\/deportesdigital.com.ve\/public\/wp-json\/wp\/v2\/types\/post"}],"author":[{"embeddable":true,"href":"https:\/\/deportesdigital.com.ve\/public\/wp-json\/wp\/v2\/users\/1"}],"replies":[{"embeddable":true,"href":"https:\/\/deportesdigital.com.ve\/public\/wp-json\/wp\/v2\/comments?post=104811"}],"version-history":[{"count":1,"href":"https:\/\/deportesdigital.com.ve\/public\/wp-json\/wp\/v2\/posts\/104811\/revisions"}],"predecessor-version":[{"id":104817,"href":"https:\/\/deportesdigital.com.ve\/public\/wp-json\/wp\/v2\/posts\/104811\/revisions\/104817"}],"wp:featuredmedia":[{"embeddable":true,"href":"https:\/\/deportesdigital.com.ve\/public\/wp-json\/wp\/v2\/media\/104816"}],"wp:attachment":[{"href":"https:\/\/deportesdigital.com.ve\/public\/wp-json\/wp\/v2\/media?parent=104811"}],"wp:term":[{"taxonomy":"category","embeddable":true,"href":"https:\/\/deportesdigital.com.ve\/public\/wp-json\/wp\/v2\/categories?post=104811"},{"taxonomy":"post_tag","embeddable":true,"href":"https:\/\/deportesdigital.com.ve\/public\/wp-json\/wp\/v2\/tags?post=104811"}],"curies":[{"name":"wp","href":"https:\/\/api.w.org\/{rel}","templated":true}]}}