{"id":104764,"date":"2025-05-20T00:12:51","date_gmt":"2025-05-20T04:12:51","guid":{"rendered":"https:\/\/deportesdigital.com.ve\/public\/?p=104764"},"modified":"2025-05-20T00:12:51","modified_gmt":"2025-05-20T04:12:51","slug":"tenis-levanta-trofeo-suramericano-y-clasifica-la-mundial","status":"publish","type":"post","link":"https:\/\/deportesdigital.com.ve\/public\/tenis-levanta-trofeo-suramericano-y-clasifica-la-mundial\/","title":{"rendered":"Tenis levanta trofeo suramericano y clasifica la Mundial"},"content":{"rendered":"<p><strong><em>Ambos equipos ver\u00e1n acci\u00f3n en el Mundial\u00a0a desarrollarse en Prostejov, Chequia.<\/em><\/strong><\/p>\n<hr \/>\n<p><strong><em>Mindeportes:<\/em><\/strong> Los tenistas venezolanos culminaron su participaci\u00f3n en el Campeonato Suramericano de Tenis en la categor\u00eda 14 a\u00f1os con las\u00a0medallas de oro y bronce, adem\u00e1s de la clasificaci\u00f3n de ambos equipos al mundial\u00a0de la disciplina a desarrollarse en Prostejov, Chequia.<\/p>\n<p>Los criollos\u00a0Ignacio Mej\u00edas, Andr\u00e9s S\u00e1nchez y Antonie Yam\u00edn dirigidos por Rom\u00e1n Recarte\u00a0se coronaron campeones del continente al ganar la final contra Per\u00fa con 2-0.<\/p>\n<p>\u201cMuy feliz, muy feliz, una semana hist\u00f3rica, una semana inolvidable, ahora pienso en el mundial\u201d,\u00a0se\u00f1al\u00f3 Recarte, exraqueta nacional en la Copa Davis.<\/p>\n<p>Mientras que las femeninas\u00a0Stephanie Pumar, Renatta Morillo y Clara M\u00e1rquez, lideradas por N\u00e9stor Molina, ganaron por 2-0 a Per\u00fa en un partido por el tercer lugar de la categor\u00eda, donde tambi\u00e9n obtuvieron el \u00faltimo cupo mundialista.<\/p>\n<p>\u201cDemasiado contento de haber logrado el objetivo, las ni\u00f1as al mundial, los varones al mundial, y cerramos con broche de oro el campeonato para los varones\u201d,\u00a0agreg\u00f3 Molina, capit\u00e1n del equipo femenino.<\/p>\n<p>La justa deportiva mundialista en la que se enfrentar\u00e1n los 16 mejores equipos del planeta tendr\u00e1 lugar del\u00a04 al 9 de agosto\u00a0del presente a\u00f1o en el pa\u00eds centroeuropeo.<\/p>\n<p>Por\u00a0d\u00e9cima ocasi\u00f3n\u00a0un equipo venezolano masculino competir\u00e1 en el Mundial de la Federaci\u00f3n Internacional de Tenis. Su \u00faltima participaci\u00f3n databa de 2015 diez a\u00f1os, mientras que las raquetas femeninas contabilizaban seis a\u00f1os de ausencia en la m\u00e1xima cita del tenis junior.<\/p>\n<p><strong><em>Sigue esta y otras\u00a0<\/em><\/strong><a href=\"https:\/\/z-p15.www.instagram.com\/explore\/tags\/noticias\/\"><strong><em>#Noticias<\/em><\/strong><\/a><strong><em>\u00a0ingresando a nuestras plataformas digitales Deportes Digital, en Instagram, Facebook, Twitter, y en nuestros grupos de Whatsapp y Telegram.<\/em><\/strong><\/p>\n","protected":false},"excerpt":{"rendered":"<p>Ambos equipos ver\u00e1n acci\u00f3n en el Mundial\u00a0a desarrollarse en Prostejov, Chequia. Mindeportes: Los tenistas venezolanos culminaron su participaci\u00f3n en el Campeonato Suramericano de Tenis en la categor\u00eda 14 a\u00f1os con [&hellip;]<\/p>\n","protected":false},"author":1,"featured_media":104765,"comment_status":"open","ping_status":"closed","sticky":false,"template":"","format":"standard","meta":{"footnotes":""},"categories":[5],"tags":[1179,160,1544,4114],"class_list":["post-104764","post","type-post","status-publish","format-standard","has-post-thumbnail","hentry","category-otrosdeportes","tag-clasifica","tag-mundial","tag-tenis","tag-venazual","clearfix"],"_links":{"self":[{"href":"https:\/\/deportesdigital.com.ve\/public\/wp-json\/wp\/v2\/posts\/104764","targetHints":{"allow":["GET"]}}],"collection":[{"href":"https:\/\/deportesdigital.com.ve\/public\/wp-json\/wp\/v2\/posts"}],"about":[{"href":"https:\/\/deportesdigital.com.ve\/public\/wp-json\/wp\/v2\/types\/post"}],"author":[{"embeddable":true,"href":"https:\/\/deportesdigital.com.ve\/public\/wp-json\/wp\/v2\/users\/1"}],"replies":[{"embeddable":true,"href":"https:\/\/deportesdigital.com.ve\/public\/wp-json\/wp\/v2\/comments?post=104764"}],"version-history":[{"count":1,"href":"https:\/\/deportesdigital.com.ve\/public\/wp-json\/wp\/v2\/posts\/104764\/revisions"}],"predecessor-version":[{"id":104766,"href":"https:\/\/deportesdigital.com.ve\/public\/wp-json\/wp\/v2\/posts\/104764\/revisions\/104766"}],"wp:featuredmedia":[{"embeddable":true,"href":"https:\/\/deportesdigital.com.ve\/public\/wp-json\/wp\/v2\/media\/104765"}],"wp:attachment":[{"href":"https:\/\/deportesdigital.com.ve\/public\/wp-json\/wp\/v2\/media?parent=104764"}],"wp:term":[{"taxonomy":"category","embeddable":true,"href":"https:\/\/deportesdigital.com.ve\/public\/wp-json\/wp\/v2\/categories?post=104764"},{"taxonomy":"post_tag","embeddable":true,"href":"https:\/\/deportesdigital.com.ve\/public\/wp-json\/wp\/v2\/tags?post=104764"}],"curies":[{"name":"wp","href":"https:\/\/api.w.org\/{rel}","templated":true}]}}