{"id":104751,"date":"2025-05-19T21:08:28","date_gmt":"2025-05-20T01:08:28","guid":{"rendered":"https:\/\/deportesdigital.com.ve\/public\/?p=104751"},"modified":"2025-05-19T22:25:58","modified_gmt":"2025-05-20T02:25:58","slug":"dupla-zuliana-asume-el-banquillo-de-brillantes-por-el-resto-de-temporada","status":"publish","type":"post","link":"https:\/\/deportesdigital.com.ve\/public\/dupla-zuliana-asume-el-banquillo-de-brillantes-por-el-resto-de-temporada\/","title":{"rendered":"Dupla zuliana asume el banquillo de Brillantes por el resto de temporada"},"content":{"rendered":"<p><strong><em>El tecnico Alexis Cedres, no continuar\u00e1 al frente del equipo, ya que asumir\u00e1 de forma exclusiva el cargo de seleccionador nacional U-16 de Venezuela.<\/em><\/strong><\/p>\n<hr \/>\n<p><strong><em>Jose Gil Deportes Digital\/Maracaibo:<\/em><\/strong> La directiva del equipo Brillantes del Zulia informa oficialmente medianate un comunidado, el cambio en el banquillo direccional del equipo Purpura de cara a la continuaci\u00f3n al temporada 2025, el tecnico Alexis Cedres no continuar\u00e1 al frente del equipo, para asumir de forma exclusiva la direccion tecnica del seleccionado nacional U-16 de Venezuela.<\/p>\n<p>La directiva anuncio en su lugar a la dupla zuliana, el experimentado Gustavo Garc\u00eda, quien tomara las riendas del equipo, junto \u00a0a Jorge \u201cKabubi\u201d Arrieta, quien se incorpora al cuerpo t\u00e9cnico como asistente.<\/p>\n<p><a href=\"https:\/\/deportesdigital.com.ve\/public\/wp-content\/uploads\/2025\/05\/WhatsApp-Image-2025-05-19-at-2.02.32-PM.jpeg\"><img loading=\"lazy\" decoding=\"async\" class=\"wp-image-104755 aligncenter\" src=\"https:\/\/deportesdigital.com.ve\/public\/wp-content\/uploads\/2025\/05\/WhatsApp-Image-2025-05-19-at-2.02.32-PM.jpeg\" alt=\"\" width=\"458\" height=\"814\" srcset=\"https:\/\/deportesdigital.com.ve\/public\/wp-content\/uploads\/2025\/05\/WhatsApp-Image-2025-05-19-at-2.02.32-PM.jpeg 720w, https:\/\/deportesdigital.com.ve\/public\/wp-content\/uploads\/2025\/05\/WhatsApp-Image-2025-05-19-at-2.02.32-PM-169x300.jpeg 169w, https:\/\/deportesdigital.com.ve\/public\/wp-content\/uploads\/2025\/05\/WhatsApp-Image-2025-05-19-at-2.02.32-PM-576x1024.jpeg 576w, https:\/\/deportesdigital.com.ve\/public\/wp-content\/uploads\/2025\/05\/WhatsApp-Image-2025-05-19-at-2.02.32-PM-435x773.jpeg 435w\" sizes=\"auto, (max-width: 458px) 100vw, 458px\" \/><\/a><\/p>\n<p>El tecnico\u00a0 zuliano, que ha llevado al equipo Brillantes a dos clasificaciones a playoffs en los \u00faltimos tres a\u00f1os, regresa al equipo como estratega principal.<\/p>\n<p>La organizaci\u00f3n Brillantes del Zulia expresa su profundo agradecimiento a Alexis Cedres por su dedicaci\u00f3n, profesionalismo y compromiso durante su gesti\u00f3n, y le desea el mayor de los \u00e9xitos en su nuevo desaf\u00edo al frente de la selecci\u00f3n nacional U-16, rumbo al Campeonato FIBA AmeriCup.<\/p>\n<p>Brillantes del Zulia buscar\u00e1 su primera victoria ante el \u201cAcorazado Oriental\u201d, en el tercer desaf\u00edo de la serie que ser\u00e1 este martes en el Pedro El\u00edas Belisario Aponte.<\/p>\n<p><strong><em>Sigue esta y otras\u00a0<\/em><\/strong><a href=\"https:\/\/z-p15.www.instagram.com\/explore\/tags\/noticias\/\"><strong><em>#Noticias<\/em><\/strong><\/a><strong><em>\u00a0ingresando a nuestras plataformas digitales Deportes Digital, en Instagram, Facebook, Twitter, y en nuestros grupos de Whatsapp y Telegram.<\/em><\/strong><\/p>\n<p>&nbsp;<\/p>\n<p>&nbsp;<\/p>\n","protected":false},"excerpt":{"rendered":"<p>El tecnico Alexis Cedres, no continuar\u00e1 al frente del equipo, ya que asumir\u00e1 de forma exclusiva el cargo de seleccionador nacional U-16 de Venezuela. Jose Gil Deportes Digital\/Maracaibo: La directiva [&hellip;]<\/p>\n","protected":false},"author":1,"featured_media":104752,"comment_status":"open","ping_status":"closed","sticky":false,"template":"","format":"standard","meta":{"footnotes":""},"categories":[4],"tags":[1348,4110,92],"class_list":["post-104751","post","type-post","status-publish","format-standard","has-post-thumbnail","hentry","category-baloncesto","tag-brillantes","tag-nuevos-tecnico","tag-spb","clearfix"],"_links":{"self":[{"href":"https:\/\/deportesdigital.com.ve\/public\/wp-json\/wp\/v2\/posts\/104751","targetHints":{"allow":["GET"]}}],"collection":[{"href":"https:\/\/deportesdigital.com.ve\/public\/wp-json\/wp\/v2\/posts"}],"about":[{"href":"https:\/\/deportesdigital.com.ve\/public\/wp-json\/wp\/v2\/types\/post"}],"author":[{"embeddable":true,"href":"https:\/\/deportesdigital.com.ve\/public\/wp-json\/wp\/v2\/users\/1"}],"replies":[{"embeddable":true,"href":"https:\/\/deportesdigital.com.ve\/public\/wp-json\/wp\/v2\/comments?post=104751"}],"version-history":[{"count":3,"href":"https:\/\/deportesdigital.com.ve\/public\/wp-json\/wp\/v2\/posts\/104751\/revisions"}],"predecessor-version":[{"id":104756,"href":"https:\/\/deportesdigital.com.ve\/public\/wp-json\/wp\/v2\/posts\/104751\/revisions\/104756"}],"wp:featuredmedia":[{"embeddable":true,"href":"https:\/\/deportesdigital.com.ve\/public\/wp-json\/wp\/v2\/media\/104752"}],"wp:attachment":[{"href":"https:\/\/deportesdigital.com.ve\/public\/wp-json\/wp\/v2\/media?parent=104751"}],"wp:term":[{"taxonomy":"category","embeddable":true,"href":"https:\/\/deportesdigital.com.ve\/public\/wp-json\/wp\/v2\/categories?post=104751"},{"taxonomy":"post_tag","embeddable":true,"href":"https:\/\/deportesdigital.com.ve\/public\/wp-json\/wp\/v2\/tags?post=104751"}],"curies":[{"name":"wp","href":"https:\/\/api.w.org\/{rel}","templated":true}]}}