{"id":104697,"date":"2025-05-18T11:53:44","date_gmt":"2025-05-18T15:53:44","guid":{"rendered":"https:\/\/deportesdigital.com.ve\/public\/?p=104697"},"modified":"2025-05-18T11:53:44","modified_gmt":"2025-05-18T15:53:44","slug":"sintesis-deportiva-por-avelino-avancin-bajo-de-nivel-los-conjuntos-tachira-y-carabobo-en-la-copa-libertadores","status":"publish","type":"post","link":"https:\/\/deportesdigital.com.ve\/public\/sintesis-deportiva-por-avelino-avancin-bajo-de-nivel-los-conjuntos-tachira-y-carabobo-en-la-copa-libertadores\/","title":{"rendered":"SINTESIS DEPORTIVA POR AVELINO AVANCIN Bajo de Nivel los conjuntos T\u00e1chira y Carabobo en la Copa Libertadores"},"content":{"rendered":"<p><em><strong>Avelino Avancin:<\/strong><\/em> Bajo de Nivel de los conjuntos venezolanos en la Copa Libertadores. T\u00e1chira y Carabobo mostraron un accionar objeto de fuertes cr\u00edticas. Han dejado una pobre imagen de lo que acontece en el campeonato local. Desde hace rato los clubes criollos no avanzan en este tipo de competici\u00f3n internacional.<\/p>\n<p><a href=\"https:\/\/deportesdigital.com.ve\/public\/wp-content\/uploads\/2025\/05\/IMG_5990-e1732377142829-1024x577-1.webp\"><img loading=\"lazy\" decoding=\"async\" class=\"wp-image-104702 aligncenter\" src=\"https:\/\/deportesdigital.com.ve\/public\/wp-content\/uploads\/2025\/05\/IMG_5990-e1732377142829-1024x577-1.webp\" alt=\"\" width=\"786\" height=\"443\" srcset=\"https:\/\/deportesdigital.com.ve\/public\/wp-content\/uploads\/2025\/05\/IMG_5990-e1732377142829-1024x577-1.webp 1024w, https:\/\/deportesdigital.com.ve\/public\/wp-content\/uploads\/2025\/05\/IMG_5990-e1732377142829-1024x577-1-300x169.webp 300w, https:\/\/deportesdigital.com.ve\/public\/wp-content\/uploads\/2025\/05\/IMG_5990-e1732377142829-1024x577-1-768x433.webp 768w, https:\/\/deportesdigital.com.ve\/public\/wp-content\/uploads\/2025\/05\/IMG_5990-e1732377142829-1024x577-1-730x411.webp 730w, https:\/\/deportesdigital.com.ve\/public\/wp-content\/uploads\/2025\/05\/IMG_5990-e1732377142829-1024x577-1-435x245.webp 435w\" sizes=\"auto, (max-width: 786px) 100vw, 786px\" \/><\/a><\/p>\n<p>Qu\u00e9 gran momento del goleador Jos\u00e9 Al\u00ed Meza. El nativo de Ciudad Bol\u00edvar ha respondido en grande con la tropa de La Guaira. \u201cDisfruto mucho cuando anoto, esa es la labor de los delanteros\u201d, cuenta el l\u00edder de la ofensiva naranja, quien cumpliera 34 a\u00f1os el pasado 17 de abril y se siente s\u00faper c\u00f3modo en este club.<\/p>\n<p><a href=\"https:\/\/deportesdigital.com.ve\/public\/wp-content\/uploads\/2025\/05\/images.jpeg\"><img loading=\"lazy\" decoding=\"async\" class=\" wp-image-104701 aligncenter\" src=\"https:\/\/deportesdigital.com.ve\/public\/wp-content\/uploads\/2025\/05\/images.jpeg\" alt=\"\" width=\"552\" height=\"367\" \/><\/a><\/p>\n<p>&nbsp;<\/p>\n<p>La pr\u00f3xima meta del pupilo de Diego Fontes es ser campe\u00f3n y continuar rindiendo en la escuadra que dirige Juan Tolisano, un ascendente estratega.<\/p>\n<p><a href=\"https:\/\/deportesdigital.com.ve\/public\/wp-content\/uploads\/2025\/05\/col4.jpg\"><img loading=\"lazy\" decoding=\"async\" class=\"size-full wp-image-104698 aligncenter\" src=\"https:\/\/deportesdigital.com.ve\/public\/wp-content\/uploads\/2025\/05\/col4.jpg\" alt=\"\" width=\"637\" height=\"393\" srcset=\"https:\/\/deportesdigital.com.ve\/public\/wp-content\/uploads\/2025\/05\/col4.jpg 637w, https:\/\/deportesdigital.com.ve\/public\/wp-content\/uploads\/2025\/05\/col4-300x185.jpg 300w, https:\/\/deportesdigital.com.ve\/public\/wp-content\/uploads\/2025\/05\/col4-435x268.jpg 435w\" sizes=\"auto, (max-width: 637px) 100vw, 637px\" \/><\/a><\/p>\n<p>&nbsp;<\/p>\n<p>Ronaldo Chac\u00f3n y Aitor L\u00f3pez con cinco dianas cada uno, han comandado el ataque del sorprendente Portuguesa FC, un plantel que se arm\u00f3 a \u00faltima hora y ha llegado lejos.<\/p>\n<p><a href=\"https:\/\/deportesdigital.com.ve\/public\/wp-content\/uploads\/2025\/05\/col5.jpeg\"><img loading=\"lazy\" decoding=\"async\" class=\"wp-image-104699 aligncenter\" src=\"https:\/\/deportesdigital.com.ve\/public\/wp-content\/uploads\/2025\/05\/col5.jpeg\" alt=\"\" width=\"555\" height=\"458\" \/><\/a><\/p>\n<p>Por cierto le mando un gran saludo a varias de \u00a0las glorias deportivas de Tur\u00e9n que brillaron con clase y categor\u00eda como William y Juan Carlos Pacheco, Jos\u00e9 Camejo, Jos\u00e9 \u201cCheo\u201d Dudamel, Walter Donello, Giuseppe Lupo, V\u00edctor Valera Orozco, Amletto Bonacorso, Germ\u00e1n Ceballos y Pedro Felipe Camacho, a quienes siempre recuerdo con gran cari\u00f1o. Que Dios les siga dando mucha salud.<\/p>\n<p>Rafael Dudamel ha transformado al Deportivo Pereira en un conjunto ganador y con mucho oficio, sobre todo en defensa. Como se nota la positiva labor del yaracuyano y en esto de parar bien a los equipos sabe mucho su asistente Marcos Mathias. Con resultados positivos lograron salir de los \u00faltimos lugares.<\/p>\n<p>CARL HERRERA anduvo de visita por Guanare, tierra que le trae grandes recuerdos y donde vivi\u00f3 sus primeros grandes momentos como basquetero. Una ciudad \u00a0donde sembr\u00f3 muchas amistades. El imponente y moderno coliseo actualmente abandonado lleva su nombre. \u201cTen\u00eda tres a\u00f1os tratando de venir, pero todo se complicaba y al fin pudo compartir con mucha gente buena\u201d, apunt\u00f3 la \u201cPerla Negra\u201d, quien fue monarca con los Cardenales en 1.990, cuando sometieron a Marinos en Puerto La Cruz.<\/p>\n<p>En la casa de la familia Gonz\u00e1lez ubicada al frente de la iglesia del barrio Pe\u00f1ita la paso de maravillas. \u00a0Con el transcurrir del tiempo pas\u00f3 al Real Madrid y luego se convirti\u00f3 en el primer criollo en debutar en la NBA defendiendo la camiseta de los Rockets de Houston, donde actualmente se encuentra radicado. Permaneci\u00f3 en suelo llanero el fin de semana.<\/p>\n<p>Me cuenta Greg Gonz\u00e1lez que esta leyenda se mostr\u00f3 s\u00faper feliz, recordando las antiguas partidas de voleibol, baloncesto y las escapadas para los r\u00edo.<\/p>\n<p>EUGENIO SUAREZ sigue repartiendo jonrones con Arizona. El tercera base guayan\u00e9s tambi\u00e9n ha brillado con su gran defensiva en tercera base. Ahora ocupa el cuarto lugar entre los criollos con m\u00e1s cuadrangulares y promete seguir en ascenso. Pronto lo veremos en el tercer pelda\u00f1o ya que est\u00e1 cerca de superar los 294 que tiene el falconiano Magglio Ordo\u00f1ez\u2026Se termin\u00f3 el espacio\u2026Mis respetos para todo el pa\u00eds.<\/p>\n<p><strong><em>Sigue esta y otras\u00a0<\/em><\/strong><a href=\"https:\/\/z-p15.www.instagram.com\/explore\/tags\/noticias\/\"><strong><em>#Noticias<\/em><\/strong><\/a><strong><em>\u00a0ingresando a nuestras plataformas digitales Deportes Digital, en Instagram, Facebook, Twitter, y en nuestros grupos de Whatsapp y Telegram.<\/em><\/strong><\/p>\n<p>&nbsp;<\/p>\n","protected":false},"excerpt":{"rendered":"<p>Avelino Avancin: Bajo de Nivel de los conjuntos venezolanos en la Copa Libertadores. T\u00e1chira y Carabobo mostraron un accionar objeto de fuertes cr\u00edticas. Han dejado una pobre imagen de lo [&hellip;]<\/p>\n","protected":false},"author":1,"featured_media":104700,"comment_status":"open","ping_status":"closed","sticky":false,"template":"","format":"standard","meta":{"footnotes":""},"categories":[5],"tags":[1239,2854],"class_list":["post-104697","post","type-post","status-publish","format-standard","has-post-thumbnail","hentry","category-otrosdeportes","tag-avelinoavancin","tag-sintesis-deportiva","clearfix"],"_links":{"self":[{"href":"https:\/\/deportesdigital.com.ve\/public\/wp-json\/wp\/v2\/posts\/104697","targetHints":{"allow":["GET"]}}],"collection":[{"href":"https:\/\/deportesdigital.com.ve\/public\/wp-json\/wp\/v2\/posts"}],"about":[{"href":"https:\/\/deportesdigital.com.ve\/public\/wp-json\/wp\/v2\/types\/post"}],"author":[{"embeddable":true,"href":"https:\/\/deportesdigital.com.ve\/public\/wp-json\/wp\/v2\/users\/1"}],"replies":[{"embeddable":true,"href":"https:\/\/deportesdigital.com.ve\/public\/wp-json\/wp\/v2\/comments?post=104697"}],"version-history":[{"count":1,"href":"https:\/\/deportesdigital.com.ve\/public\/wp-json\/wp\/v2\/posts\/104697\/revisions"}],"predecessor-version":[{"id":104703,"href":"https:\/\/deportesdigital.com.ve\/public\/wp-json\/wp\/v2\/posts\/104697\/revisions\/104703"}],"wp:featuredmedia":[{"embeddable":true,"href":"https:\/\/deportesdigital.com.ve\/public\/wp-json\/wp\/v2\/media\/104700"}],"wp:attachment":[{"href":"https:\/\/deportesdigital.com.ve\/public\/wp-json\/wp\/v2\/media?parent=104697"}],"wp:term":[{"taxonomy":"category","embeddable":true,"href":"https:\/\/deportesdigital.com.ve\/public\/wp-json\/wp\/v2\/categories?post=104697"},{"taxonomy":"post_tag","embeddable":true,"href":"https:\/\/deportesdigital.com.ve\/public\/wp-json\/wp\/v2\/tags?post=104697"}],"curies":[{"name":"wp","href":"https:\/\/api.w.org\/{rel}","templated":true}]}}