{"id":103303,"date":"2025-04-21T22:51:38","date_gmt":"2025-04-22T02:51:38","guid":{"rendered":"https:\/\/deportesdigital.com.ve\/public\/?p=103303"},"modified":"2025-04-21T22:51:38","modified_gmt":"2025-04-22T02:51:38","slug":"zulianas-con-buena-actuacion-en-el-torneo-apertura-gimnasia-artistica","status":"publish","type":"post","link":"https:\/\/deportesdigital.com.ve\/public\/zulianas-con-buena-actuacion-en-el-torneo-apertura-gimnasia-artistica\/","title":{"rendered":"Zulianas con buena actuaci\u00f3n en el Torneo Apertura Gimnasia Art\u00edstica"},"content":{"rendered":"<p><strong><em>La delegaci\u00f3n zuliana estuvo representada por los clubes Lucerito, D&#8217; Valery y Estrella Zuliana.<\/em><\/strong><\/p>\n<hr \/>\n<p><strong><em>Jos\u00e9 Gil Deportes Digital\/Maracaibo:<\/em><\/strong> La Gimnasia R\u00edtmica Zuliana, realizo un excelente actuaci\u00f3n en el Torneo Apertura Gimnasia, desarrollado en Caracas el18 al 19, selectivo al Campeonato Panamericano Adulto 2025 en Panam\u00e1, y primera evaluaci\u00f3n t\u00e9cnica para la preselecci\u00f3n nacional junior que asistir\u00e1 a los Juegos Panamericanos Junior 2025.<\/p>\n<p>El evento nacional organizado por la Federaci\u00f3n Venezolana de Gimnasia, con la participaci\u00f3n de 40 atletas de cinco estados en los Niveles 1-2-3. Junior y Senior.<\/p>\n<p><a href=\"https:\/\/deportesdigital.com.ve\/public\/wp-content\/uploads\/2025\/04\/WhatsApp-Image-2025-04-21-at-1.14.57-PM.jpeg\"><img loading=\"lazy\" decoding=\"async\" class=\"wp-image-103306  aligncenter\" src=\"https:\/\/deportesdigital.com.ve\/public\/wp-content\/uploads\/2025\/04\/WhatsApp-Image-2025-04-21-at-1.14.57-PM-e1745288070477.jpeg\" alt=\"\" width=\"731\" height=\"560\" srcset=\"https:\/\/deportesdigital.com.ve\/public\/wp-content\/uploads\/2025\/04\/WhatsApp-Image-2025-04-21-at-1.14.57-PM-e1745288070477.jpeg 1035w, https:\/\/deportesdigital.com.ve\/public\/wp-content\/uploads\/2025\/04\/WhatsApp-Image-2025-04-21-at-1.14.57-PM-e1745288070477-300x230.jpeg 300w, https:\/\/deportesdigital.com.ve\/public\/wp-content\/uploads\/2025\/04\/WhatsApp-Image-2025-04-21-at-1.14.57-PM-e1745288070477-1024x785.jpeg 1024w, https:\/\/deportesdigital.com.ve\/public\/wp-content\/uploads\/2025\/04\/WhatsApp-Image-2025-04-21-at-1.14.57-PM-e1745288070477-768x588.jpeg 768w, https:\/\/deportesdigital.com.ve\/public\/wp-content\/uploads\/2025\/04\/WhatsApp-Image-2025-04-21-at-1.14.57-PM-e1745288070477-730x559.jpeg 730w, https:\/\/deportesdigital.com.ve\/public\/wp-content\/uploads\/2025\/04\/WhatsApp-Image-2025-04-21-at-1.14.57-PM-e1745288070477-435x333.jpeg 435w, https:\/\/deportesdigital.com.ve\/public\/wp-content\/uploads\/2025\/04\/WhatsApp-Image-2025-04-21-at-1.14.57-PM-e1745288070477-80x60.jpeg 80w\" sizes=\"auto, (max-width: 731px) 100vw, 731px\" \/><\/a><\/p>\n<p>El equipo de Estrellas del Zulia, destaco con las atletas Paula Ayala, Subcampeona All Round en el Nivel 3 UPAG, Deilis Perche 3er lugar en Viga de Equilibrio y con un trabajo para Eliangeles Molero y Deilis Perche Nivel 1 UPAG.<\/p>\n<p><a href=\"https:\/\/deportesdigital.com.ve\/public\/wp-content\/uploads\/2025\/04\/WhatsApp-Image-2025-04-21-at-1.14.58-PM.jpeg\"><img loading=\"lazy\" decoding=\"async\" class=\"wp-image-103304  aligncenter\" src=\"https:\/\/deportesdigital.com.ve\/public\/wp-content\/uploads\/2025\/04\/WhatsApp-Image-2025-04-21-at-1.14.58-PM-e1745288117159.jpeg\" alt=\"\" width=\"815\" height=\"450\" srcset=\"https:\/\/deportesdigital.com.ve\/public\/wp-content\/uploads\/2025\/04\/WhatsApp-Image-2025-04-21-at-1.14.58-PM-e1745288117159.jpeg 960w, https:\/\/deportesdigital.com.ve\/public\/wp-content\/uploads\/2025\/04\/WhatsApp-Image-2025-04-21-at-1.14.58-PM-e1745288117159-300x166.jpeg 300w, https:\/\/deportesdigital.com.ve\/public\/wp-content\/uploads\/2025\/04\/WhatsApp-Image-2025-04-21-at-1.14.58-PM-e1745288117159-768x424.jpeg 768w, https:\/\/deportesdigital.com.ve\/public\/wp-content\/uploads\/2025\/04\/WhatsApp-Image-2025-04-21-at-1.14.58-PM-e1745288117159-730x403.jpeg 730w, https:\/\/deportesdigital.com.ve\/public\/wp-content\/uploads\/2025\/04\/WhatsApp-Image-2025-04-21-at-1.14.58-PM-e1745288117159-435x240.jpeg 435w\" sizes=\"auto, (max-width: 815px) 100vw, 815px\" \/><\/a> <a href=\"https:\/\/deportesdigital.com.ve\/public\/wp-content\/uploads\/2025\/04\/WhatsApp-Image-2025-04-21-at-1.14.57-PM-1.jpeg\"><img loading=\"lazy\" decoding=\"async\" class=\"wp-image-103305  aligncenter\" src=\"https:\/\/deportesdigital.com.ve\/public\/wp-content\/uploads\/2025\/04\/WhatsApp-Image-2025-04-21-at-1.14.57-PM-1-e1745288137778.jpeg\" alt=\"\" width=\"917\" height=\"489\" srcset=\"https:\/\/deportesdigital.com.ve\/public\/wp-content\/uploads\/2025\/04\/WhatsApp-Image-2025-04-21-at-1.14.57-PM-1-e1745288137778.jpeg 1280w, https:\/\/deportesdigital.com.ve\/public\/wp-content\/uploads\/2025\/04\/WhatsApp-Image-2025-04-21-at-1.14.57-PM-1-e1745288137778-300x160.jpeg 300w, https:\/\/deportesdigital.com.ve\/public\/wp-content\/uploads\/2025\/04\/WhatsApp-Image-2025-04-21-at-1.14.57-PM-1-e1745288137778-1024x546.jpeg 1024w, https:\/\/deportesdigital.com.ve\/public\/wp-content\/uploads\/2025\/04\/WhatsApp-Image-2025-04-21-at-1.14.57-PM-1-e1745288137778-768x410.jpeg 768w, https:\/\/deportesdigital.com.ve\/public\/wp-content\/uploads\/2025\/04\/WhatsApp-Image-2025-04-21-at-1.14.57-PM-1-e1745288137778-730x390.jpeg 730w, https:\/\/deportesdigital.com.ve\/public\/wp-content\/uploads\/2025\/04\/WhatsApp-Image-2025-04-21-at-1.14.57-PM-1-e1745288137778-435x232.jpeg 435w\" sizes=\"auto, (max-width: 917px) 100vw, 917px\" \/><\/a><\/p>\n<p>Por su parte el Club D\u00b4Valery destac\u00f3 con\u00a0 Emma Andar\u00e1\u00a0 ocupando el 3er Lugar en Salto y 3er lugar en A A, Sara Nava se ubico en el 4to lugar en salto, en la categor\u00eda Nivel 1 UPAG.<\/p>\n<p><a href=\"https:\/\/deportesdigital.com.ve\/public\/wp-content\/uploads\/2025\/04\/488419632_554958753894112_8365484056743628111_n.jpg\"><img loading=\"lazy\" decoding=\"async\" class=\"aligncenter wp-image-103307 \" src=\"https:\/\/deportesdigital.com.ve\/public\/wp-content\/uploads\/2025\/04\/488419632_554958753894112_8365484056743628111_n-e1745288230524.jpg\" alt=\"\" width=\"658\" height=\"484\" srcset=\"https:\/\/deportesdigital.com.ve\/public\/wp-content\/uploads\/2025\/04\/488419632_554958753894112_8365484056743628111_n-e1745288230524.jpg 480w, https:\/\/deportesdigital.com.ve\/public\/wp-content\/uploads\/2025\/04\/488419632_554958753894112_8365484056743628111_n-e1745288230524-300x221.jpg 300w, https:\/\/deportesdigital.com.ve\/public\/wp-content\/uploads\/2025\/04\/488419632_554958753894112_8365484056743628111_n-e1745288230524-435x320.jpg 435w, https:\/\/deportesdigital.com.ve\/public\/wp-content\/uploads\/2025\/04\/488419632_554958753894112_8365484056743628111_n-e1745288230524-80x60.jpg 80w\" sizes=\"auto, (max-width: 658px) 100vw, 658px\" \/><\/a><\/p>\n<p>En la competencia la atleta Sarah Parra, del Club Lucerito, destac\u00f3 con el 3 lugar en barra asim\u00e9trica y el 7mo lugar en el All Round con un puntaje de 41.050.<\/p>\n<p><a href=\"https:\/\/deportesdigital.com.ve\/public\/wp-content\/uploads\/2025\/04\/WhatsApp-Image-2025-04-21-at-5.15.56-PM.jpeg\"><img loading=\"lazy\" decoding=\"async\" class=\"wp-image-103308  aligncenter\" src=\"https:\/\/deportesdigital.com.ve\/public\/wp-content\/uploads\/2025\/04\/WhatsApp-Image-2025-04-21-at-5.15.56-PM-e1745288309280.jpeg\" alt=\"\" width=\"805\" height=\"668\" srcset=\"https:\/\/deportesdigital.com.ve\/public\/wp-content\/uploads\/2025\/04\/WhatsApp-Image-2025-04-21-at-5.15.56-PM-e1745288309280.jpeg 1440w, https:\/\/deportesdigital.com.ve\/public\/wp-content\/uploads\/2025\/04\/WhatsApp-Image-2025-04-21-at-5.15.56-PM-e1745288309280-300x249.jpeg 300w, https:\/\/deportesdigital.com.ve\/public\/wp-content\/uploads\/2025\/04\/WhatsApp-Image-2025-04-21-at-5.15.56-PM-e1745288309280-1024x850.jpeg 1024w, https:\/\/deportesdigital.com.ve\/public\/wp-content\/uploads\/2025\/04\/WhatsApp-Image-2025-04-21-at-5.15.56-PM-e1745288309280-768x637.jpeg 768w, https:\/\/deportesdigital.com.ve\/public\/wp-content\/uploads\/2025\/04\/WhatsApp-Image-2025-04-21-at-5.15.56-PM-e1745288309280-730x606.jpeg 730w, https:\/\/deportesdigital.com.ve\/public\/wp-content\/uploads\/2025\/04\/WhatsApp-Image-2025-04-21-at-5.15.56-PM-e1745288309280-435x361.jpeg 435w\" sizes=\"auto, (max-width: 805px) 100vw, 805px\" \/><\/a><\/p>\n<p>Con esta actuaci\u00f3n la gimnasia del Zulia contin\u00faa con su trabajo de desarrollo, formaci\u00f3n y masificaci\u00f3n de la disciplina.<\/p>\n<p><a href=\"https:\/\/deportesdigital.com.ve\/public\/wp-content\/uploads\/2025\/04\/gim32.jpg\"><img loading=\"lazy\" decoding=\"async\" class=\" wp-image-103309 aligncenter\" src=\"https:\/\/deportesdigital.com.ve\/public\/wp-content\/uploads\/2025\/04\/gim32.jpg\" alt=\"\" width=\"604\" height=\"510\" srcset=\"https:\/\/deportesdigital.com.ve\/public\/wp-content\/uploads\/2025\/04\/gim32.jpg 653w, https:\/\/deportesdigital.com.ve\/public\/wp-content\/uploads\/2025\/04\/gim32-300x254.jpg 300w, https:\/\/deportesdigital.com.ve\/public\/wp-content\/uploads\/2025\/04\/gim32-435x368.jpg 435w\" sizes=\"auto, (max-width: 604px) 100vw, 604px\" \/><\/a><\/p>\n<p>Robinson Pirela, presidente d ela Asociaci\u00f3n Zuliana de Gimnasia,\u00a0 inform\u00f3 que los entrenadores Jhoannys Rinc\u00f3n, Vanesa Meza, Amanda Urdaneta y Derwin Castro aprobaron el Curso Nacional de Gimnasia R\u00edtmica para el ciclo 2025 &#8211; 2028, celebrado el pasado jueves 17 de abril en el sal\u00f3n Francisco \u00abMorochito\u00bb Rodr\u00edguez de la ciudad de Caracas.<\/p>\n<p><strong><em>Sigue esta y otras\u00a0<\/em><\/strong><a href=\"https:\/\/z-p15.www.instagram.com\/explore\/tags\/noticias\/\"><strong><em>#Noticias<\/em><\/strong><\/a><strong><em>\u00a0ingresando a nuestras plataformas digitales Deportes Digital, en Instagram, Facebook, Twitter, y en nuestros grupos de Whatsapp y Telegram<\/em><\/strong><\/p>\n","protected":false},"excerpt":{"rendered":"<p>La delegaci\u00f3n zuliana estuvo representada por los clubes Lucerito, D&#8217; Valery y Estrella Zuliana. Jos\u00e9 Gil Deportes Digital\/Maracaibo: La Gimnasia R\u00edtmica Zuliana, realizo un excelente actuaci\u00f3n en el Torneo Apertura [&hellip;]<\/p>\n","protected":false},"author":1,"featured_media":103310,"comment_status":"open","ping_status":"closed","sticky":false,"template":"","format":"standard","meta":{"footnotes":""},"categories":[5],"tags":[3947,3946,2496,1006,3948,3949,410,884,759],"class_list":["post-103303","post","type-post","status-publish","format-standard","has-post-thumbnail","hentry","category-otrosdeportes","tag-actiuacion","tag-aperturam-fvg","tag-buena","tag-caracas","tag-dvalery","tag-estrellaszulianas","tag-gimnasia","tag-lucerito","tag-torneo","clearfix"],"_links":{"self":[{"href":"https:\/\/deportesdigital.com.ve\/public\/wp-json\/wp\/v2\/posts\/103303","targetHints":{"allow":["GET"]}}],"collection":[{"href":"https:\/\/deportesdigital.com.ve\/public\/wp-json\/wp\/v2\/posts"}],"about":[{"href":"https:\/\/deportesdigital.com.ve\/public\/wp-json\/wp\/v2\/types\/post"}],"author":[{"embeddable":true,"href":"https:\/\/deportesdigital.com.ve\/public\/wp-json\/wp\/v2\/users\/1"}],"replies":[{"embeddable":true,"href":"https:\/\/deportesdigital.com.ve\/public\/wp-json\/wp\/v2\/comments?post=103303"}],"version-history":[{"count":1,"href":"https:\/\/deportesdigital.com.ve\/public\/wp-json\/wp\/v2\/posts\/103303\/revisions"}],"predecessor-version":[{"id":103311,"href":"https:\/\/deportesdigital.com.ve\/public\/wp-json\/wp\/v2\/posts\/103303\/revisions\/103311"}],"wp:featuredmedia":[{"embeddable":true,"href":"https:\/\/deportesdigital.com.ve\/public\/wp-json\/wp\/v2\/media\/103310"}],"wp:attachment":[{"href":"https:\/\/deportesdigital.com.ve\/public\/wp-json\/wp\/v2\/media?parent=103303"}],"wp:term":[{"taxonomy":"category","embeddable":true,"href":"https:\/\/deportesdigital.com.ve\/public\/wp-json\/wp\/v2\/categories?post=103303"},{"taxonomy":"post_tag","embeddable":true,"href":"https:\/\/deportesdigital.com.ve\/public\/wp-json\/wp\/v2\/tags?post=103303"}],"curies":[{"name":"wp","href":"https:\/\/api.w.org\/{rel}","templated":true}]}}