{"id":103182,"date":"2025-04-16T07:49:24","date_gmt":"2025-04-16T11:49:24","guid":{"rendered":"https:\/\/deportesdigital.com.ve\/public\/?p=103182"},"modified":"2025-04-16T07:49:24","modified_gmt":"2025-04-16T11:49:24","slug":"zulianos-conquistan-oro-plata-y-bronce-en-el-campeonato-nacional-infantil-de-karate-do","status":"publish","type":"post","link":"https:\/\/deportesdigital.com.ve\/public\/zulianos-conquistan-oro-plata-y-bronce-en-el-campeonato-nacional-infantil-de-karate-do\/","title":{"rendered":"Zulianos conquistan oro, plata y bronce en el Campeonato Nacional Infantil de Karate-Do"},"content":{"rendered":"<p><strong><em>Los atletas Jerem\u00edas Padr\u00f3n, Marcela Betancourt \u00a0y Renny Rosales obtuvieron medallas en la modalidad Kata Individual 8 a\u00f1os.<\/em><\/strong><\/p>\n<hr \/>\n<p><strong><em>Jos\u00e9 Gil Deportes Digital\/Maracaibo:<\/em><\/strong> El Karate Do Zuliano, conquisto tres medallas y ocup\u00f3 el noveno lugar en el Campeonato Nacional Infantil realizado en La Guaira del 8 al 13 de abril, con la participaci\u00f3n de 20 entidades, teniendo como sede el Domo Jos\u00e9 Mar\u00eda Vargas, del estado La Guaira. Evento nacional organizado por la Federaci\u00f3n Venezolana de Karate-Do.<\/p>\n<p><a href=\"https:\/\/deportesdigital.com.ve\/public\/wp-content\/uploads\/2025\/04\/kara35.jpg\"><img loading=\"lazy\" decoding=\"async\" class=\" wp-image-103183 aligncenter\" src=\"https:\/\/deportesdigital.com.ve\/public\/wp-content\/uploads\/2025\/04\/kara35.jpg\" alt=\"\" width=\"802\" height=\"596\" srcset=\"https:\/\/deportesdigital.com.ve\/public\/wp-content\/uploads\/2025\/04\/kara35.jpg 612w, https:\/\/deportesdigital.com.ve\/public\/wp-content\/uploads\/2025\/04\/kara35-300x223.jpg 300w, https:\/\/deportesdigital.com.ve\/public\/wp-content\/uploads\/2025\/04\/kara35-435x323.jpg 435w, https:\/\/deportesdigital.com.ve\/public\/wp-content\/uploads\/2025\/04\/kara35-80x60.jpg 80w\" sizes=\"auto, (max-width: 802px) 100vw, 802px\" \/><\/a><\/p>\n<p>La selecci\u00f3n del Zulia participo con los atletas, Amir Castellano, Renny Rosales, Rashell Escobar, Jerem\u00edas Padr\u00f3n, Nathaly Guti\u00e9rrez, Marcela Betancourt, Christopher Gonz\u00e1lez, Nur Koukach, Susana Tuberquia, Andres Corona, representantes de los Dojo Tenshinkan. Dojo Shobukai, Dojo San Francisco, Dojo Ka-Shi, Dojo Aligar, Dojo Ikigai, estar\u00e1n bajo la direcci\u00f3n t\u00e9cnica de los entrenadores los Shihan Ali Garcia, Daniel Huerfano, Andres Huerfano, Roxana Urdaneta delegado Shihan Diana Witik.<\/p>\n<p><a href=\"https:\/\/deportesdigital.com.ve\/public\/wp-content\/uploads\/2025\/04\/kara43.jpg\"><img loading=\"lazy\" decoding=\"async\" class=\" wp-image-103184 aligncenter\" src=\"https:\/\/deportesdigital.com.ve\/public\/wp-content\/uploads\/2025\/04\/kara43.jpg\" alt=\"\" width=\"755\" height=\"461\" srcset=\"https:\/\/deportesdigital.com.ve\/public\/wp-content\/uploads\/2025\/04\/kara43.jpg 670w, https:\/\/deportesdigital.com.ve\/public\/wp-content\/uploads\/2025\/04\/kara43-300x183.jpg 300w, https:\/\/deportesdigital.com.ve\/public\/wp-content\/uploads\/2025\/04\/kara43-435x266.jpg 435w\" sizes=\"auto, (max-width: 755px) 100vw, 755px\" \/><\/a><\/p>\n<p>Las preseas la obtuvieron\u00a0 Jerem\u00edas Padr\u00f3n, oro, Marcela Betancourt plata \u00a0y Renny Rosales bronce,\u00a0 se colgaron las preseas en la modalidad Kata Individual 8 a\u00f1os. Para ubicarse en el noveno lugar de la competencia nacional.<\/p>\n<p>En el evento nacional conto con la participaci\u00f3n de 700 atletas de 20 entidades, que seguir\u00e1n con el trabajo y formaci\u00f3n para las futuras competencias nacionales y regionales.<\/p>\n<p><strong><em>Sigue esta y otras\u00a0<\/em><\/strong><a href=\"https:\/\/z-p15.www.instagram.com\/explore\/tags\/noticias\/\"><strong><em>#Noticias<\/em><\/strong><\/a><strong><em>\u00a0ingresando a nuestras plataformas digitales Deportes Digital, en Instagram, Facebook, Twitter, y en nuestros grupos de Whatsapp y Telegram.<\/em><\/strong><\/p>\n<p>&nbsp;<\/p>\n<p>&nbsp;<\/p>\n","protected":false},"excerpt":{"rendered":"<p>Los atletas Jerem\u00edas Padr\u00f3n, Marcela Betancourt \u00a0y Renny Rosales obtuvieron medallas en la modalidad Kata Individual 8 a\u00f1os. Jos\u00e9 Gil Deportes Digital\/Maracaibo: El Karate Do Zuliano, conquisto tres medallas y [&hellip;]<\/p>\n","protected":false},"author":1,"featured_media":103185,"comment_status":"open","ping_status":"closed","sticky":false,"template":"","format":"standard","meta":{"footnotes":""},"categories":[5],"tags":[1177,476,40,438,1316,38],"class_list":["post-103182","post","type-post","status-publish","format-standard","has-post-thumbnail","hentry","category-otrosdeportes","tag-inafantil","tag-karatedo","tag-nacional","tag-preseas","tag-tres","tag-zulia","clearfix"],"_links":{"self":[{"href":"https:\/\/deportesdigital.com.ve\/public\/wp-json\/wp\/v2\/posts\/103182","targetHints":{"allow":["GET"]}}],"collection":[{"href":"https:\/\/deportesdigital.com.ve\/public\/wp-json\/wp\/v2\/posts"}],"about":[{"href":"https:\/\/deportesdigital.com.ve\/public\/wp-json\/wp\/v2\/types\/post"}],"author":[{"embeddable":true,"href":"https:\/\/deportesdigital.com.ve\/public\/wp-json\/wp\/v2\/users\/1"}],"replies":[{"embeddable":true,"href":"https:\/\/deportesdigital.com.ve\/public\/wp-json\/wp\/v2\/comments?post=103182"}],"version-history":[{"count":1,"href":"https:\/\/deportesdigital.com.ve\/public\/wp-json\/wp\/v2\/posts\/103182\/revisions"}],"predecessor-version":[{"id":103187,"href":"https:\/\/deportesdigital.com.ve\/public\/wp-json\/wp\/v2\/posts\/103182\/revisions\/103187"}],"wp:featuredmedia":[{"embeddable":true,"href":"https:\/\/deportesdigital.com.ve\/public\/wp-json\/wp\/v2\/media\/103185"}],"wp:attachment":[{"href":"https:\/\/deportesdigital.com.ve\/public\/wp-json\/wp\/v2\/media?parent=103182"}],"wp:term":[{"taxonomy":"category","embeddable":true,"href":"https:\/\/deportesdigital.com.ve\/public\/wp-json\/wp\/v2\/categories?post=103182"},{"taxonomy":"post_tag","embeddable":true,"href":"https:\/\/deportesdigital.com.ve\/public\/wp-json\/wp\/v2\/tags?post=103182"}],"curies":[{"name":"wp","href":"https:\/\/api.w.org\/{rel}","templated":true}]}}