{"id":101692,"date":"2025-02-25T11:30:52","date_gmt":"2025-02-25T15:30:52","guid":{"rendered":"https:\/\/deportesdigital.com.ve\/public\/?p=101692"},"modified":"2025-02-25T11:30:52","modified_gmt":"2025-02-25T15:30:52","slug":"gobernacion-del-zulia-entregara-el-premio-lucho-moreno-y-reconocimientos-a-los-participantes-en-los-juegos-nacionales-y-paranacionales-2024","status":"publish","type":"post","link":"https:\/\/deportesdigital.com.ve\/public\/gobernacion-del-zulia-entregara-el-premio-lucho-moreno-y-reconocimientos-a-los-participantes-en-los-juegos-nacionales-y-paranacionales-2024\/","title":{"rendered":"Gobernaci\u00f3n del Zulia entregar\u00e1 el premio \u00abLucho\u00bb Moreno y reconocimientos a los participantes en los Juegos Nacionales y Paranacionales 2024"},"content":{"rendered":"<p><strong>Los mejores deportistas del a\u00f1o 2023 recibir\u00e1n la m\u00e1xima distinci\u00f3n de la regi\u00f3n como es el Premio al M\u00e9rito Deportivo Luis \u00abLucho\u00bb Moreno, en el que la atleta del a\u00f1o<\/strong><\/p>\n<p><strong>Prensa IRDEZ<\/strong>: El Gobernador Manuel Rosales Guerrero, cumpliendo con nuestros atletas, paratletas, gu\u00edas y entrenadores, efectuar\u00e1 este viernes 28 de febrero el Acto de Reconocimiento a los deportistas que dejaron en alto el pabell\u00f3n del Zulia en los XXI Juegos Deportivos Nacionales Juveniles y en los III Juegos Deportivos Paranacionales, as\u00ed como a los merecedores del Premio Luis \u00abLucho\u00bb Moreno 2023.<\/p>\n<p><a href=\"https:\/\/deportesdigital.com.ve\/public\/wp-content\/uploads\/2025\/02\/z-9.jpeg\"><img loading=\"lazy\" decoding=\"async\" class=\"wp-image-101702 aligncenter\" src=\"https:\/\/deportesdigital.com.ve\/public\/wp-content\/uploads\/2025\/02\/z-9.jpeg\" alt=\"\" width=\"528\" height=\"528\" srcset=\"https:\/\/deportesdigital.com.ve\/public\/wp-content\/uploads\/2025\/02\/z-9.jpeg 1080w, https:\/\/deportesdigital.com.ve\/public\/wp-content\/uploads\/2025\/02\/z-9-300x300.jpeg 300w, https:\/\/deportesdigital.com.ve\/public\/wp-content\/uploads\/2025\/02\/z-9-1024x1024.jpeg 1024w, https:\/\/deportesdigital.com.ve\/public\/wp-content\/uploads\/2025\/02\/z-9-150x150.jpeg 150w, https:\/\/deportesdigital.com.ve\/public\/wp-content\/uploads\/2025\/02\/z-9-768x768.jpeg 768w, https:\/\/deportesdigital.com.ve\/public\/wp-content\/uploads\/2025\/02\/z-9-730x730.jpeg 730w, https:\/\/deportesdigital.com.ve\/public\/wp-content\/uploads\/2025\/02\/z-9-435x435.jpeg 435w\" sizes=\"auto, (max-width: 528px) 100vw, 528px\" \/><\/a><\/p>\n<p>Gracias al apoyo de la Gobernaci\u00f3n del Zulia a trav\u00e9s del Instituto Regional de Deportes el estado particip\u00f3 en las m\u00e1ximas justas del deporte convencional y adaptado a finales del pasado a\u00f1o 2024.<\/p>\n<p><a href=\"https:\/\/deportesdigital.com.ve\/public\/wp-content\/uploads\/2025\/02\/z-5.jpeg\"><img loading=\"lazy\" decoding=\"async\" class=\"wp-image-101693 aligncenter\" src=\"https:\/\/deportesdigital.com.ve\/public\/wp-content\/uploads\/2025\/02\/z-5.jpeg\" alt=\"\" width=\"564\" height=\"564\" srcset=\"https:\/\/deportesdigital.com.ve\/public\/wp-content\/uploads\/2025\/02\/z-5.jpeg 1080w, https:\/\/deportesdigital.com.ve\/public\/wp-content\/uploads\/2025\/02\/z-5-300x300.jpeg 300w, https:\/\/deportesdigital.com.ve\/public\/wp-content\/uploads\/2025\/02\/z-5-1024x1024.jpeg 1024w, https:\/\/deportesdigital.com.ve\/public\/wp-content\/uploads\/2025\/02\/z-5-150x150.jpeg 150w, https:\/\/deportesdigital.com.ve\/public\/wp-content\/uploads\/2025\/02\/z-5-768x768.jpeg 768w, https:\/\/deportesdigital.com.ve\/public\/wp-content\/uploads\/2025\/02\/z-5-730x730.jpeg 730w, https:\/\/deportesdigital.com.ve\/public\/wp-content\/uploads\/2025\/02\/z-5-435x435.jpeg 435w\" sizes=\"auto, (max-width: 564px) 100vw, 564px\" \/><\/a><\/p>\n<p>Luego de cumplir con su etapa clasificatoria el estado Zulia vio acci\u00f3n en 35 deportes en los Juegos Juveniles que se celebraron del 8 al 22 de noviembre en las sedes de Anzo\u00e1tegui,\u00a0 Monagas,\u00a0 Matur\u00edn y Falc\u00f3n.<\/p>\n<p><a href=\"https:\/\/deportesdigital.com.ve\/public\/wp-content\/uploads\/2025\/02\/z-2.jpeg\"><img loading=\"lazy\" decoding=\"async\" class=\"wp-image-101695 aligncenter\" src=\"https:\/\/deportesdigital.com.ve\/public\/wp-content\/uploads\/2025\/02\/z-2.jpeg\" alt=\"\" width=\"563\" height=\"751\" srcset=\"https:\/\/deportesdigital.com.ve\/public\/wp-content\/uploads\/2025\/02\/z-2.jpeg 960w, https:\/\/deportesdigital.com.ve\/public\/wp-content\/uploads\/2025\/02\/z-2-225x300.jpeg 225w, https:\/\/deportesdigital.com.ve\/public\/wp-content\/uploads\/2025\/02\/z-2-768x1024.jpeg 768w, https:\/\/deportesdigital.com.ve\/public\/wp-content\/uploads\/2025\/02\/z-2-730x973.jpeg 730w, https:\/\/deportesdigital.com.ve\/public\/wp-content\/uploads\/2025\/02\/z-2-435x580.jpeg 435w\" sizes=\"auto, (max-width: 563px) 100vw, 563px\" \/><\/a><\/p>\n<p>A los Juveniles el Zulia asisti\u00f3 con 342 atletas que cosecharon un total de 58 medallas que nos ubicaron en la posici\u00f3n 13, mejorando 5 puestos desde la edici\u00f3n del a\u00f1o 2022. Las mismas estuvieron repartidas en 14 preseas doradas,\u00a015 plateadas y 29 bronceadas.<\/p>\n<p><a href=\"https:\/\/deportesdigital.com.ve\/public\/wp-content\/uploads\/2025\/02\/z-3.jpeg\"><img loading=\"lazy\" decoding=\"async\" class=\" wp-image-101697 aligncenter\" src=\"https:\/\/deportesdigital.com.ve\/public\/wp-content\/uploads\/2025\/02\/z-3.jpeg\" alt=\"\" width=\"523\" height=\"698\" srcset=\"https:\/\/deportesdigital.com.ve\/public\/wp-content\/uploads\/2025\/02\/z-3.jpeg 765w, https:\/\/deportesdigital.com.ve\/public\/wp-content\/uploads\/2025\/02\/z-3-225x300.jpeg 225w, https:\/\/deportesdigital.com.ve\/public\/wp-content\/uploads\/2025\/02\/z-3-730x973.jpeg 730w, https:\/\/deportesdigital.com.ve\/public\/wp-content\/uploads\/2025\/02\/z-3-435x580.jpeg 435w\" sizes=\"auto, (max-width: 523px) 100vw, 523px\" \/><\/a><\/p>\n<p>Seguidamente nuestros paratletas hicieron historia para el deporte adaptado zuliano al conquistar el sexto lugar en los III Juegos Deportivos Paranacionales Oriente 2024.<\/p>\n<p><a href=\"https:\/\/deportesdigital.com.ve\/public\/wp-content\/uploads\/2025\/02\/z-4.jpeg\"><img loading=\"lazy\" decoding=\"async\" class=\"wp-image-101699 aligncenter\" src=\"https:\/\/deportesdigital.com.ve\/public\/wp-content\/uploads\/2025\/02\/z-4.jpeg\" alt=\"\" width=\"537\" height=\"537\" srcset=\"https:\/\/deportesdigital.com.ve\/public\/wp-content\/uploads\/2025\/02\/z-4.jpeg 1080w, https:\/\/deportesdigital.com.ve\/public\/wp-content\/uploads\/2025\/02\/z-4-300x300.jpeg 300w, https:\/\/deportesdigital.com.ve\/public\/wp-content\/uploads\/2025\/02\/z-4-1024x1024.jpeg 1024w, https:\/\/deportesdigital.com.ve\/public\/wp-content\/uploads\/2025\/02\/z-4-150x150.jpeg 150w, https:\/\/deportesdigital.com.ve\/public\/wp-content\/uploads\/2025\/02\/z-4-768x768.jpeg 768w, https:\/\/deportesdigital.com.ve\/public\/wp-content\/uploads\/2025\/02\/z-4-730x730.jpeg 730w, https:\/\/deportesdigital.com.ve\/public\/wp-content\/uploads\/2025\/02\/z-4-435x435.jpeg 435w\" sizes=\"auto, (max-width: 537px) 100vw, 537px\" \/><\/a><\/p>\n<p>La contienda que tuvo por sede los estados Anzo\u00e1tegui y Monagas se desarroll\u00f3 del 1 al 8 de diciembre y fue testigo de 58 medallas que se colgaron nuestros 84 representantes que en 9 deportes adaptados lograron 21 preseas de oro,\u00a020 de plata y 17 de bronce.<\/p>\n<p><a href=\"https:\/\/deportesdigital.com.ve\/public\/wp-content\/uploads\/2025\/02\/z-7.jpeg\"><img loading=\"lazy\" decoding=\"async\" class=\" wp-image-101698 aligncenter\" src=\"https:\/\/deportesdigital.com.ve\/public\/wp-content\/uploads\/2025\/02\/z-7.jpeg\" alt=\"\" width=\"538\" height=\"538\" srcset=\"https:\/\/deportesdigital.com.ve\/public\/wp-content\/uploads\/2025\/02\/z-7.jpeg 1080w, https:\/\/deportesdigital.com.ve\/public\/wp-content\/uploads\/2025\/02\/z-7-300x300.jpeg 300w, https:\/\/deportesdigital.com.ve\/public\/wp-content\/uploads\/2025\/02\/z-7-1024x1024.jpeg 1024w, https:\/\/deportesdigital.com.ve\/public\/wp-content\/uploads\/2025\/02\/z-7-150x150.jpeg 150w, https:\/\/deportesdigital.com.ve\/public\/wp-content\/uploads\/2025\/02\/z-7-768x768.jpeg 768w, https:\/\/deportesdigital.com.ve\/public\/wp-content\/uploads\/2025\/02\/z-7-730x730.jpeg 730w, https:\/\/deportesdigital.com.ve\/public\/wp-content\/uploads\/2025\/02\/z-7-435x435.jpeg 435w\" sizes=\"auto, (max-width: 538px) 100vw, 538px\" \/><\/a><\/p>\n<p>Igualmente los mejores deportistas del a\u00f1o 2023 recibir\u00e1n la m\u00e1xima distinci\u00f3n de la regi\u00f3n como es el Premio al M\u00e9rito Deportivo Luis \u00abLucho\u00bb Moreno, en el que la atleta del a\u00f1o result\u00f3 la judoca Amarantha Urdaneta con menci\u00f3n para el ol\u00edmpico Leonel Mart\u00ednez de tiro deportivo.<\/p>\n<p><a href=\"https:\/\/deportesdigital.com.ve\/public\/wp-content\/uploads\/2025\/02\/z-8.jpeg\"><img loading=\"lazy\" decoding=\"async\" class=\"wp-image-101701 aligncenter\" src=\"https:\/\/deportesdigital.com.ve\/public\/wp-content\/uploads\/2025\/02\/z-8.jpeg\" alt=\"\" width=\"559\" height=\"559\" srcset=\"https:\/\/deportesdigital.com.ve\/public\/wp-content\/uploads\/2025\/02\/z-8.jpeg 1080w, https:\/\/deportesdigital.com.ve\/public\/wp-content\/uploads\/2025\/02\/z-8-300x300.jpeg 300w, https:\/\/deportesdigital.com.ve\/public\/wp-content\/uploads\/2025\/02\/z-8-1024x1024.jpeg 1024w, https:\/\/deportesdigital.com.ve\/public\/wp-content\/uploads\/2025\/02\/z-8-150x150.jpeg 150w, https:\/\/deportesdigital.com.ve\/public\/wp-content\/uploads\/2025\/02\/z-8-768x768.jpeg 768w, https:\/\/deportesdigital.com.ve\/public\/wp-content\/uploads\/2025\/02\/z-8-730x730.jpeg 730w, https:\/\/deportesdigital.com.ve\/public\/wp-content\/uploads\/2025\/02\/z-8-435x435.jpeg 435w\" sizes=\"auto, (max-width: 559px) 100vw, 559px\" \/><\/a><\/p>\n<p>Asimismo ser\u00e1 galardonada la paral\u00edmpica Alejandra P\u00e9rez como la mejor Paratleta con menci\u00f3n para Juan Laguna, ambos del paratletismo. Santiago Quintero y \u00c1mbar Parra recibir\u00e1n lo alcanzado en el regl\u00f3n Talento Deportivo, as\u00ed como los entrenadores Mariela Riera e Isidoro Barthelemi.<\/p>\n<p><a href=\"https:\/\/deportesdigital.com.ve\/public\/wp-content\/uploads\/2025\/02\/z-10.jpeg\"><img loading=\"lazy\" decoding=\"async\" class=\"wp-image-101700 aligncenter\" src=\"https:\/\/deportesdigital.com.ve\/public\/wp-content\/uploads\/2025\/02\/z-10.jpeg\" alt=\"\" width=\"550\" height=\"550\" srcset=\"https:\/\/deportesdigital.com.ve\/public\/wp-content\/uploads\/2025\/02\/z-10.jpeg 1080w, https:\/\/deportesdigital.com.ve\/public\/wp-content\/uploads\/2025\/02\/z-10-300x300.jpeg 300w, https:\/\/deportesdigital.com.ve\/public\/wp-content\/uploads\/2025\/02\/z-10-1024x1024.jpeg 1024w, https:\/\/deportesdigital.com.ve\/public\/wp-content\/uploads\/2025\/02\/z-10-150x150.jpeg 150w, https:\/\/deportesdigital.com.ve\/public\/wp-content\/uploads\/2025\/02\/z-10-768x768.jpeg 768w, https:\/\/deportesdigital.com.ve\/public\/wp-content\/uploads\/2025\/02\/z-10-730x730.jpeg 730w, https:\/\/deportesdigital.com.ve\/public\/wp-content\/uploads\/2025\/02\/z-10-435x435.jpeg 435w\" sizes=\"auto, (max-width: 550px) 100vw, 550px\" \/><\/a><\/p>\n<p>Tambi\u00e9n los dirigentes Renzo Gonz\u00e1lez de Sambo y Suying Olivares de F\u00fatbol y la Asociaci\u00f3n de Boxeo del Estado Zulia.<\/p>\n<p><a href=\"https:\/\/deportesdigital.com.ve\/public\/wp-content\/uploads\/2025\/02\/z-6.jpeg\"><img loading=\"lazy\" decoding=\"async\" class=\"wp-image-101696 aligncenter\" src=\"https:\/\/deportesdigital.com.ve\/public\/wp-content\/uploads\/2025\/02\/z-6.jpeg\" alt=\"\" width=\"534\" height=\"534\" srcset=\"https:\/\/deportesdigital.com.ve\/public\/wp-content\/uploads\/2025\/02\/z-6.jpeg 1080w, https:\/\/deportesdigital.com.ve\/public\/wp-content\/uploads\/2025\/02\/z-6-300x300.jpeg 300w, https:\/\/deportesdigital.com.ve\/public\/wp-content\/uploads\/2025\/02\/z-6-1024x1024.jpeg 1024w, https:\/\/deportesdigital.com.ve\/public\/wp-content\/uploads\/2025\/02\/z-6-150x150.jpeg 150w, https:\/\/deportesdigital.com.ve\/public\/wp-content\/uploads\/2025\/02\/z-6-768x768.jpeg 768w, https:\/\/deportesdigital.com.ve\/public\/wp-content\/uploads\/2025\/02\/z-6-730x730.jpeg 730w, https:\/\/deportesdigital.com.ve\/public\/wp-content\/uploads\/2025\/02\/z-6-435x435.jpeg 435w\" sizes=\"auto, (max-width: 534px) 100vw, 534px\" \/><\/a><\/p>\n<p>Desde el Instituto Regional de Deportes invitamos a la gran familia del deporte regional a que acompa\u00f1en a nuestros deportistas \u00abOrgullo Zuliano \u00bb en tan significativo homenaje.<\/p>\n<p><a href=\"https:\/\/deportesdigital.com.ve\/public\/wp-content\/uploads\/2025\/02\/z-1.jpeg\"><img loading=\"lazy\" decoding=\"async\" class=\"wp-image-101694 aligncenter\" src=\"https:\/\/deportesdigital.com.ve\/public\/wp-content\/uploads\/2025\/02\/z-1.jpeg\" alt=\"\" width=\"568\" height=\"568\" srcset=\"https:\/\/deportesdigital.com.ve\/public\/wp-content\/uploads\/2025\/02\/z-1.jpeg 1080w, https:\/\/deportesdigital.com.ve\/public\/wp-content\/uploads\/2025\/02\/z-1-300x300.jpeg 300w, https:\/\/deportesdigital.com.ve\/public\/wp-content\/uploads\/2025\/02\/z-1-1024x1024.jpeg 1024w, https:\/\/deportesdigital.com.ve\/public\/wp-content\/uploads\/2025\/02\/z-1-150x150.jpeg 150w, https:\/\/deportesdigital.com.ve\/public\/wp-content\/uploads\/2025\/02\/z-1-768x768.jpeg 768w, https:\/\/deportesdigital.com.ve\/public\/wp-content\/uploads\/2025\/02\/z-1-730x730.jpeg 730w, https:\/\/deportesdigital.com.ve\/public\/wp-content\/uploads\/2025\/02\/z-1-435x435.jpeg 435w\" sizes=\"auto, (max-width: 568px) 100vw, 568px\" \/><\/a><a href=\"https:\/\/deportesdigital.com.ve\/public\/wp-content\/uploads\/2025\/02\/z-11.jpeg\"><img loading=\"lazy\" decoding=\"async\" class=\"wp-image-101703 aligncenter\" src=\"https:\/\/deportesdigital.com.ve\/public\/wp-content\/uploads\/2025\/02\/z-11.jpeg\" alt=\"\" width=\"546\" height=\"546\" srcset=\"https:\/\/deportesdigital.com.ve\/public\/wp-content\/uploads\/2025\/02\/z-11.jpeg 1080w, https:\/\/deportesdigital.com.ve\/public\/wp-content\/uploads\/2025\/02\/z-11-300x300.jpeg 300w, https:\/\/deportesdigital.com.ve\/public\/wp-content\/uploads\/2025\/02\/z-11-1024x1024.jpeg 1024w, https:\/\/deportesdigital.com.ve\/public\/wp-content\/uploads\/2025\/02\/z-11-150x150.jpeg 150w, https:\/\/deportesdigital.com.ve\/public\/wp-content\/uploads\/2025\/02\/z-11-768x768.jpeg 768w, https:\/\/deportesdigital.com.ve\/public\/wp-content\/uploads\/2025\/02\/z-11-730x730.jpeg 730w, https:\/\/deportesdigital.com.ve\/public\/wp-content\/uploads\/2025\/02\/z-11-435x435.jpeg 435w\" sizes=\"auto, (max-width: 546px) 100vw, 546px\" \/><\/a><\/p>\n<p><strong>Fotos cortesia<\/strong><\/p>\n<p><em><strong>Sigue esta y otras\u00a0<\/strong><a href=\"https:\/\/z-p15.www.instagram.com\/explore\/tags\/noticias\/\"><strong>#Noticias<\/strong><\/a><strong>\u00a0ingresando a nuestras plataformas digitales Deportes Digital, en Instagram, Facebook, Twitter, y en nuestros grupos de Whatsapp y Telegram<\/strong><\/em><\/p>\n","protected":false},"excerpt":{"rendered":"<p>Los mejores deportistas del a\u00f1o 2023 recibir\u00e1n la m\u00e1xima distinci\u00f3n de la regi\u00f3n como es el Premio al M\u00e9rito Deportivo Luis \u00abLucho\u00bb Moreno, en el que la atleta del a\u00f1o [&hellip;]<\/p>\n","protected":false},"author":1,"featured_media":101704,"comment_status":"open","ping_status":"closed","sticky":false,"template":"","format":"standard","meta":{"footnotes":""},"categories":[1,7],"tags":[],"class_list":["post-101692","post","type-post","status-publish","format-standard","has-post-thumbnail","hentry","category-sin-categoria","category-sociales","clearfix"],"_links":{"self":[{"href":"https:\/\/deportesdigital.com.ve\/public\/wp-json\/wp\/v2\/posts\/101692","targetHints":{"allow":["GET"]}}],"collection":[{"href":"https:\/\/deportesdigital.com.ve\/public\/wp-json\/wp\/v2\/posts"}],"about":[{"href":"https:\/\/deportesdigital.com.ve\/public\/wp-json\/wp\/v2\/types\/post"}],"author":[{"embeddable":true,"href":"https:\/\/deportesdigital.com.ve\/public\/wp-json\/wp\/v2\/users\/1"}],"replies":[{"embeddable":true,"href":"https:\/\/deportesdigital.com.ve\/public\/wp-json\/wp\/v2\/comments?post=101692"}],"version-history":[{"count":1,"href":"https:\/\/deportesdigital.com.ve\/public\/wp-json\/wp\/v2\/posts\/101692\/revisions"}],"predecessor-version":[{"id":101705,"href":"https:\/\/deportesdigital.com.ve\/public\/wp-json\/wp\/v2\/posts\/101692\/revisions\/101705"}],"wp:featuredmedia":[{"embeddable":true,"href":"https:\/\/deportesdigital.com.ve\/public\/wp-json\/wp\/v2\/media\/101704"}],"wp:attachment":[{"href":"https:\/\/deportesdigital.com.ve\/public\/wp-json\/wp\/v2\/media?parent=101692"}],"wp:term":[{"taxonomy":"category","embeddable":true,"href":"https:\/\/deportesdigital.com.ve\/public\/wp-json\/wp\/v2\/categories?post=101692"},{"taxonomy":"post_tag","embeddable":true,"href":"https:\/\/deportesdigital.com.ve\/public\/wp-json\/wp\/v2\/tags?post=101692"}],"curies":[{"name":"wp","href":"https:\/\/api.w.org\/{rel}","templated":true}]}}