{"id":100777,"date":"2025-01-26T22:08:31","date_gmt":"2025-01-27T02:08:31","guid":{"rendered":"https:\/\/deportesdigital.com.ve\/public\/?p=100777"},"modified":"2025-01-26T22:08:31","modified_gmt":"2025-01-27T02:08:31","slug":"torneo-de-voleibol-de-arena-marco-el-inicio-deportivo-de-la-semana-de-la-zulianidad","status":"publish","type":"post","link":"https:\/\/deportesdigital.com.ve\/public\/torneo-de-voleibol-de-arena-marco-el-inicio-deportivo-de-la-semana-de-la-zulianidad\/","title":{"rendered":"Torneo de Voleibol de Arena marc\u00f3 el inicio deportivo de la Semana de la Zulianidad"},"content":{"rendered":"<p><strong><em>Jornada competitiva en la que rein\u00f3 el talento y la pasi\u00f3n por el deporte, y en la damos inicio a la programaci\u00f3n deportiva y recreativa del per\u00edodo \u00edcono para resaltar nuestra identidad.<\/em><\/strong><\/p>\n<hr \/>\n<p><strong><em>Prensa Irdez:<\/em><\/strong> Con la participaci\u00f3n de cinco duplas femeninas de la categor\u00eda sub 21, se desarroll\u00f3 este s\u00e1bado 25 de enero, el Torneo de Voleibol de Arena \u00abSemana de la Zulianidad\u00bb, desde la cancha \u00abGuillermo Rojas\u00bb de la Villa Deportiva Arqu\u00edmedes Herrera.<\/p>\n<p><a href=\"https:\/\/deportesdigital.com.ve\/public\/wp-content\/uploads\/2025\/01\/WhatsApp-Image-2025-01-26-at-3.48.39-PM.jpeg\"><img loading=\"lazy\" decoding=\"async\" class=\"wp-image-100781 size-full aligncenter\" src=\"https:\/\/deportesdigital.com.ve\/public\/wp-content\/uploads\/2025\/01\/WhatsApp-Image-2025-01-26-at-3.48.39-PM-e1737943460488.jpeg\" alt=\"\" width=\"960\" height=\"499\" srcset=\"https:\/\/deportesdigital.com.ve\/public\/wp-content\/uploads\/2025\/01\/WhatsApp-Image-2025-01-26-at-3.48.39-PM-e1737943460488.jpeg 960w, https:\/\/deportesdigital.com.ve\/public\/wp-content\/uploads\/2025\/01\/WhatsApp-Image-2025-01-26-at-3.48.39-PM-e1737943460488-300x156.jpeg 300w, https:\/\/deportesdigital.com.ve\/public\/wp-content\/uploads\/2025\/01\/WhatsApp-Image-2025-01-26-at-3.48.39-PM-e1737943460488-768x399.jpeg 768w, https:\/\/deportesdigital.com.ve\/public\/wp-content\/uploads\/2025\/01\/WhatsApp-Image-2025-01-26-at-3.48.39-PM-e1737943460488-730x379.jpeg 730w, https:\/\/deportesdigital.com.ve\/public\/wp-content\/uploads\/2025\/01\/WhatsApp-Image-2025-01-26-at-3.48.39-PM-e1737943460488-435x226.jpeg 435w\" sizes=\"auto, (max-width: 960px) 100vw, 960px\" \/><\/a><\/p>\n<p>El Secretario de Deportes de la Gobernaci\u00f3n del Zulia, Arturo Moreno, se hizo presente en la actividad organizada por la Villa Deportiva con el apoyo de los entrenadores de la disciplina y los Promotores Deportivos del Instituto Regional de Deportes.<\/p>\n<p><a href=\"https:\/\/deportesdigital.com.ve\/public\/wp-content\/uploads\/2025\/01\/WhatsApp-Image-2025-01-26-at-3.48.39-PM-1.jpeg\"><img loading=\"lazy\" decoding=\"async\" class=\"wp-image-100780 size-full aligncenter\" src=\"https:\/\/deportesdigital.com.ve\/public\/wp-content\/uploads\/2025\/01\/WhatsApp-Image-2025-01-26-at-3.48.39-PM-1-e1737943502292.jpeg\" alt=\"\" width=\"1000\" height=\"488\" srcset=\"https:\/\/deportesdigital.com.ve\/public\/wp-content\/uploads\/2025\/01\/WhatsApp-Image-2025-01-26-at-3.48.39-PM-1-e1737943502292.jpeg 1000w, https:\/\/deportesdigital.com.ve\/public\/wp-content\/uploads\/2025\/01\/WhatsApp-Image-2025-01-26-at-3.48.39-PM-1-e1737943502292-300x146.jpeg 300w, https:\/\/deportesdigital.com.ve\/public\/wp-content\/uploads\/2025\/01\/WhatsApp-Image-2025-01-26-at-3.48.39-PM-1-e1737943502292-768x375.jpeg 768w, https:\/\/deportesdigital.com.ve\/public\/wp-content\/uploads\/2025\/01\/WhatsApp-Image-2025-01-26-at-3.48.39-PM-1-e1737943502292-730x356.jpeg 730w, https:\/\/deportesdigital.com.ve\/public\/wp-content\/uploads\/2025\/01\/WhatsApp-Image-2025-01-26-at-3.48.39-PM-1-e1737943502292-435x212.jpeg 435w\" sizes=\"auto, (max-width: 1000px) 100vw, 1000px\" \/><\/a><\/p>\n<p>\u00abHa sido una jornada competitiva en la que rein\u00f3 el talento y la pasi\u00f3n por el deporte, y en la damos inicio a la programaci\u00f3n deportiva y recreativa del per\u00edodo \u00edcono para resaltar nuestra identidad que continuar\u00e1 con festivales escolares para el rescate de los juegos tradicionales de la regi\u00f3n\u00bb. Expres\u00f3 la autoridad.<\/p>\n<p><a href=\"https:\/\/deportesdigital.com.ve\/public\/wp-content\/uploads\/2025\/01\/WhatsApp-Image-2025-01-26-at-3.48.41-PM.jpeg\"><img loading=\"lazy\" decoding=\"async\" class=\"wp-image-100778  aligncenter\" src=\"https:\/\/deportesdigital.com.ve\/public\/wp-content\/uploads\/2025\/01\/WhatsApp-Image-2025-01-26-at-3.48.41-PM-e1737943544237.jpeg\" alt=\"\" width=\"705\" height=\"567\" srcset=\"https:\/\/deportesdigital.com.ve\/public\/wp-content\/uploads\/2025\/01\/WhatsApp-Image-2025-01-26-at-3.48.41-PM-e1737943544237.jpeg 960w, https:\/\/deportesdigital.com.ve\/public\/wp-content\/uploads\/2025\/01\/WhatsApp-Image-2025-01-26-at-3.48.41-PM-e1737943544237-300x241.jpeg 300w, https:\/\/deportesdigital.com.ve\/public\/wp-content\/uploads\/2025\/01\/WhatsApp-Image-2025-01-26-at-3.48.41-PM-e1737943544237-768x618.jpeg 768w, https:\/\/deportesdigital.com.ve\/public\/wp-content\/uploads\/2025\/01\/WhatsApp-Image-2025-01-26-at-3.48.41-PM-e1737943544237-730x587.jpeg 730w, https:\/\/deportesdigital.com.ve\/public\/wp-content\/uploads\/2025\/01\/WhatsApp-Image-2025-01-26-at-3.48.41-PM-e1737943544237-435x350.jpeg 435w\" sizes=\"auto, (max-width: 705px) 100vw, 705px\" \/><\/a><\/p>\n<p>El equipo integrado por Eva In\u00e9s Aguirre y Natasha Chaverra, se quedaron con el primer lugar de la contienda, escoltadas por Emili Cumare e Isabela Rivera, con el segundo puesto, y Mar\u00eda Carvajal junto a Jhonairyn Alvarado, ocuparon el tercer pelda\u00f1o.<\/p>\n<p>Tambi\u00e9n participaron las parejas conformadas por: Mary Estefany Guti\u00e9rrez y Emilianys Britney V\u00e1squez, Oscarly Anais Amesty y Camila Valecillos.<\/p>\n<p><strong><em>Sigue esta y otras\u00a0<\/em><\/strong><a href=\"https:\/\/z-p15.www.instagram.com\/explore\/tags\/noticias\/\"><strong><em>#Noticias<\/em><\/strong><\/a><strong><em>\u00a0ingresando a nuestras plataformas digitales Deportes Digital, en Instagram, Facebook, Twitter, y en nuestros grupos de Whatsapp y Telegram<\/em><\/strong><\/p>\n<p>&nbsp;<\/p>\n","protected":false},"excerpt":{"rendered":"<p>Jornada competitiva en la que rein\u00f3 el talento y la pasi\u00f3n por el deporte, y en la damos inicio a la programaci\u00f3n deportiva y recreativa del per\u00edodo \u00edcono para resaltar [&hellip;]<\/p>\n","protected":false},"author":1,"featured_media":100780,"comment_status":"open","ping_status":"closed","sticky":false,"template":"","format":"standard","meta":{"footnotes":""},"categories":[5],"tags":[3474,3475,226,3476,1079],"class_list":["post-100777","post","type-post","status-publish","format-standard","has-post-thumbnail","hentry","category-otrosdeportes","tag-irdez-voleibol","tag-playa","tag-semana","tag-villadeportiva","tag-zulianidad","clearfix"],"yoast_head":"<!-- This site is optimized with the Yoast SEO plugin v27.8 - https:\/\/yoast.com\/product\/yoast-seo-wordpress\/ -->\n<title>Torneo de Voleibol de Arena marc\u00f3 el inicio deportivo de la Semana de la Zulianidad - Deportes Digital<\/title>\n<meta name=\"robots\" content=\"index, follow, max-snippet:-1, max-image-preview:large, max-video-preview:-1\" \/>\n<link rel=\"canonical\" href=\"https:\/\/deportesdigital.com.ve\/public\/torneo-de-voleibol-de-arena-marco-el-inicio-deportivo-de-la-semana-de-la-zulianidad\/\" \/>\n<meta property=\"og:locale\" content=\"es_ES\" \/>\n<meta property=\"og:type\" content=\"article\" \/>\n<meta property=\"og:title\" content=\"Torneo de Voleibol de Arena marc\u00f3 el inicio deportivo de la Semana de la Zulianidad - Deportes Digital\" \/>\n<meta property=\"og:description\" content=\"Jornada competitiva en la que rein\u00f3 el talento y la pasi\u00f3n por el deporte, y en la damos inicio a la programaci\u00f3n deportiva y recreativa del per\u00edodo \u00edcono para resaltar [&hellip;]\" \/>\n<meta property=\"og:url\" content=\"https:\/\/deportesdigital.com.ve\/public\/torneo-de-voleibol-de-arena-marco-el-inicio-deportivo-de-la-semana-de-la-zulianidad\/\" \/>\n<meta property=\"og:site_name\" content=\"Deportes Digital\" \/>\n<meta property=\"article:publisher\" content=\"https:\/\/www.facebook.com\/DeportesDigitalZulia25\" \/>\n<meta property=\"article:published_time\" content=\"2025-01-27T02:08:31+00:00\" \/>\n<meta property=\"og:image\" content=\"https:\/\/deportesdigital.com.ve\/public\/wp-content\/uploads\/2025\/01\/WhatsApp-Image-2025-01-26-at-3.48.39-PM-1-e1737943502292.jpeg\" \/>\n\t<meta property=\"og:image:width\" content=\"1000\" \/>\n\t<meta property=\"og:image:height\" content=\"488\" \/>\n\t<meta property=\"og:image:type\" content=\"image\/jpeg\" \/>\n<meta name=\"author\" content=\"luisg15\" \/>\n<meta name=\"twitter:card\" content=\"summary_large_image\" \/>\n<meta name=\"twitter:creator\" content=\"@deporteszulia\" \/>\n<meta name=\"twitter:site\" content=\"@deporteszulia\" \/>\n<meta name=\"twitter:label1\" content=\"Escrito por\" \/>\n\t<meta name=\"twitter:data1\" content=\"luisg15\" \/>\n\t<meta name=\"twitter:label2\" content=\"Tiempo de lectura\" \/>\n\t<meta name=\"twitter:data2\" content=\"2 minutos\" \/>\n<script type=\"application\/ld+json\" class=\"yoast-schema-graph\">{\"@context\":\"https:\\\/\\\/schema.org\",\"@graph\":[{\"@type\":\"Article\",\"@id\":\"https:\\\/\\\/deportesdigital.com.ve\\\/public\\\/torneo-de-voleibol-de-arena-marco-el-inicio-deportivo-de-la-semana-de-la-zulianidad\\\/#article\",\"isPartOf\":{\"@id\":\"https:\\\/\\\/deportesdigital.com.ve\\\/public\\\/torneo-de-voleibol-de-arena-marco-el-inicio-deportivo-de-la-semana-de-la-zulianidad\\\/\"},\"author\":{\"name\":\"luisg15\",\"@id\":\"https:\\\/\\\/deportesdigital.com.ve\\\/public\\\/#\\\/schema\\\/person\\\/57d2f23f17d761b1672066d1905e88a0\"},\"headline\":\"Torneo de Voleibol de Arena marc\u00f3 el inicio deportivo de la Semana de la Zulianidad\",\"datePublished\":\"2025-01-27T02:08:31+00:00\",\"mainEntityOfPage\":{\"@id\":\"https:\\\/\\\/deportesdigital.com.ve\\\/public\\\/torneo-de-voleibol-de-arena-marco-el-inicio-deportivo-de-la-semana-de-la-zulianidad\\\/\"},\"wordCount\":283,\"commentCount\":0,\"publisher\":{\"@id\":\"https:\\\/\\\/deportesdigital.com.ve\\\/public\\\/#organization\"},\"image\":{\"@id\":\"https:\\\/\\\/deportesdigital.com.ve\\\/public\\\/torneo-de-voleibol-de-arena-marco-el-inicio-deportivo-de-la-semana-de-la-zulianidad\\\/#primaryimage\"},\"thumbnailUrl\":\"https:\\\/\\\/deportesdigital.com.ve\\\/public\\\/wp-content\\\/uploads\\\/2025\\\/01\\\/WhatsApp-Image-2025-01-26-at-3.48.39-PM-1-e1737943502292.jpeg\",\"keywords\":[\"irdez voleibol\",\"playa\",\"semana\",\"villadeportiva\",\"ZULIANIDAD\"],\"articleSection\":[\"Otros Deportes\"],\"inLanguage\":\"es\",\"potentialAction\":[{\"@type\":\"CommentAction\",\"name\":\"Comment\",\"target\":[\"https:\\\/\\\/deportesdigital.com.ve\\\/public\\\/torneo-de-voleibol-de-arena-marco-el-inicio-deportivo-de-la-semana-de-la-zulianidad\\\/#respond\"]}]},{\"@type\":\"WebPage\",\"@id\":\"https:\\\/\\\/deportesdigital.com.ve\\\/public\\\/torneo-de-voleibol-de-arena-marco-el-inicio-deportivo-de-la-semana-de-la-zulianidad\\\/\",\"url\":\"https:\\\/\\\/deportesdigital.com.ve\\\/public\\\/torneo-de-voleibol-de-arena-marco-el-inicio-deportivo-de-la-semana-de-la-zulianidad\\\/\",\"name\":\"Torneo de Voleibol de Arena marc\u00f3 el inicio deportivo de la Semana de la Zulianidad - Deportes Digital\",\"isPartOf\":{\"@id\":\"https:\\\/\\\/deportesdigital.com.ve\\\/public\\\/#website\"},\"primaryImageOfPage\":{\"@id\":\"https:\\\/\\\/deportesdigital.com.ve\\\/public\\\/torneo-de-voleibol-de-arena-marco-el-inicio-deportivo-de-la-semana-de-la-zulianidad\\\/#primaryimage\"},\"image\":{\"@id\":\"https:\\\/\\\/deportesdigital.com.ve\\\/public\\\/torneo-de-voleibol-de-arena-marco-el-inicio-deportivo-de-la-semana-de-la-zulianidad\\\/#primaryimage\"},\"thumbnailUrl\":\"https:\\\/\\\/deportesdigital.com.ve\\\/public\\\/wp-content\\\/uploads\\\/2025\\\/01\\\/WhatsApp-Image-2025-01-26-at-3.48.39-PM-1-e1737943502292.jpeg\",\"datePublished\":\"2025-01-27T02:08:31+00:00\",\"breadcrumb\":{\"@id\":\"https:\\\/\\\/deportesdigital.com.ve\\\/public\\\/torneo-de-voleibol-de-arena-marco-el-inicio-deportivo-de-la-semana-de-la-zulianidad\\\/#breadcrumb\"},\"inLanguage\":\"es\",\"potentialAction\":[{\"@type\":\"ReadAction\",\"target\":[\"https:\\\/\\\/deportesdigital.com.ve\\\/public\\\/torneo-de-voleibol-de-arena-marco-el-inicio-deportivo-de-la-semana-de-la-zulianidad\\\/\"]}]},{\"@type\":\"ImageObject\",\"inLanguage\":\"es\",\"@id\":\"https:\\\/\\\/deportesdigital.com.ve\\\/public\\\/torneo-de-voleibol-de-arena-marco-el-inicio-deportivo-de-la-semana-de-la-zulianidad\\\/#primaryimage\",\"url\":\"https:\\\/\\\/deportesdigital.com.ve\\\/public\\\/wp-content\\\/uploads\\\/2025\\\/01\\\/WhatsApp-Image-2025-01-26-at-3.48.39-PM-1-e1737943502292.jpeg\",\"contentUrl\":\"https:\\\/\\\/deportesdigital.com.ve\\\/public\\\/wp-content\\\/uploads\\\/2025\\\/01\\\/WhatsApp-Image-2025-01-26-at-3.48.39-PM-1-e1737943502292.jpeg\",\"width\":1000,\"height\":488},{\"@type\":\"BreadcrumbList\",\"@id\":\"https:\\\/\\\/deportesdigital.com.ve\\\/public\\\/torneo-de-voleibol-de-arena-marco-el-inicio-deportivo-de-la-semana-de-la-zulianidad\\\/#breadcrumb\",\"itemListElement\":[{\"@type\":\"ListItem\",\"position\":1,\"name\":\"Portada\",\"item\":\"https:\\\/\\\/deportesdigital.com.ve\\\/public\\\/\"},{\"@type\":\"ListItem\",\"position\":2,\"name\":\"Torneo de Voleibol de Arena marc\u00f3 el inicio deportivo de la Semana de la Zulianidad\"}]},{\"@type\":\"WebSite\",\"@id\":\"https:\\\/\\\/deportesdigital.com.ve\\\/public\\\/#website\",\"url\":\"https:\\\/\\\/deportesdigital.com.ve\\\/public\\\/\",\"name\":\"Deportes Digital\",\"description\":\"Solo Deportes\",\"publisher\":{\"@id\":\"https:\\\/\\\/deportesdigital.com.ve\\\/public\\\/#organization\"},\"potentialAction\":[{\"@type\":\"SearchAction\",\"target\":{\"@type\":\"EntryPoint\",\"urlTemplate\":\"https:\\\/\\\/deportesdigital.com.ve\\\/public\\\/?s={search_term_string}\"},\"query-input\":{\"@type\":\"PropertyValueSpecification\",\"valueRequired\":true,\"valueName\":\"search_term_string\"}}],\"inLanguage\":\"es\"},{\"@type\":\"Organization\",\"@id\":\"https:\\\/\\\/deportesdigital.com.ve\\\/public\\\/#organization\",\"name\":\"Deportes Digital\",\"url\":\"https:\\\/\\\/deportesdigital.com.ve\\\/public\\\/\",\"logo\":{\"@type\":\"ImageObject\",\"inLanguage\":\"es\",\"@id\":\"https:\\\/\\\/deportesdigital.com.ve\\\/public\\\/#\\\/schema\\\/logo\\\/image\\\/\",\"url\":\"https:\\\/\\\/i0.wp.com\\\/deportesdigital.com.ve\\\/public\\\/wp-content\\\/uploads\\\/2023\\\/09\\\/1677066431475.png?fit=1032%2C624&ssl=1\",\"contentUrl\":\"https:\\\/\\\/i0.wp.com\\\/deportesdigital.com.ve\\\/public\\\/wp-content\\\/uploads\\\/2023\\\/09\\\/1677066431475.png?fit=1032%2C624&ssl=1\",\"width\":1032,\"height\":624,\"caption\":\"Deportes Digital\"},\"image\":{\"@id\":\"https:\\\/\\\/deportesdigital.com.ve\\\/public\\\/#\\\/schema\\\/logo\\\/image\\\/\"},\"sameAs\":[\"https:\\\/\\\/www.facebook.com\\\/DeportesDigitalZulia25\",\"https:\\\/\\\/x.com\\\/deporteszulia\",\"https:\\\/\\\/www.instagram.com\\\/deportesdigitalzulia\\\/\"]},{\"@type\":\"Person\",\"@id\":\"https:\\\/\\\/deportesdigital.com.ve\\\/public\\\/#\\\/schema\\\/person\\\/57d2f23f17d761b1672066d1905e88a0\",\"name\":\"luisg15\",\"image\":{\"@type\":\"ImageObject\",\"inLanguage\":\"es\",\"@id\":\"https:\\\/\\\/secure.gravatar.com\\\/avatar\\\/4d424b63ebd2800d281b824141af3d97c1332dfdda83d70b2057085925af58a3?s=96&d=mm&r=g\",\"url\":\"https:\\\/\\\/secure.gravatar.com\\\/avatar\\\/4d424b63ebd2800d281b824141af3d97c1332dfdda83d70b2057085925af58a3?s=96&d=mm&r=g\",\"contentUrl\":\"https:\\\/\\\/secure.gravatar.com\\\/avatar\\\/4d424b63ebd2800d281b824141af3d97c1332dfdda83d70b2057085925af58a3?s=96&d=mm&r=g\",\"caption\":\"luisg15\"},\"description\":\"Medio de Comunicaci\u00f3n digital dedicado al deporte menor\",\"sameAs\":[\"https:\\\/\\\/deportesdigital.com.ve\\\/public\"],\"url\":\"https:\\\/\\\/deportesdigital.com.ve\\\/public\\\/author\\\/luisg15\\\/\"}]}<\/script>\n<!-- \/ Yoast SEO plugin. -->","yoast_head_json":{"title":"Torneo de Voleibol de Arena marc\u00f3 el inicio deportivo de la Semana de la Zulianidad - Deportes Digital","robots":{"index":"index","follow":"follow","max-snippet":"max-snippet:-1","max-image-preview":"max-image-preview:large","max-video-preview":"max-video-preview:-1"},"canonical":"https:\/\/deportesdigital.com.ve\/public\/torneo-de-voleibol-de-arena-marco-el-inicio-deportivo-de-la-semana-de-la-zulianidad\/","og_locale":"es_ES","og_type":"article","og_title":"Torneo de Voleibol de Arena marc\u00f3 el inicio deportivo de la Semana de la Zulianidad - Deportes Digital","og_description":"Jornada competitiva en la que rein\u00f3 el talento y la pasi\u00f3n por el deporte, y en la damos inicio a la programaci\u00f3n deportiva y recreativa del per\u00edodo \u00edcono para resaltar [&hellip;]","og_url":"https:\/\/deportesdigital.com.ve\/public\/torneo-de-voleibol-de-arena-marco-el-inicio-deportivo-de-la-semana-de-la-zulianidad\/","og_site_name":"Deportes Digital","article_publisher":"https:\/\/www.facebook.com\/DeportesDigitalZulia25","article_published_time":"2025-01-27T02:08:31+00:00","og_image":[{"width":1000,"height":488,"url":"https:\/\/deportesdigital.com.ve\/public\/wp-content\/uploads\/2025\/01\/WhatsApp-Image-2025-01-26-at-3.48.39-PM-1-e1737943502292.jpeg","type":"image\/jpeg"}],"author":"luisg15","twitter_card":"summary_large_image","twitter_creator":"@deporteszulia","twitter_site":"@deporteszulia","twitter_misc":{"Escrito por":"luisg15","Tiempo de lectura":"2 minutos"},"schema":{"@context":"https:\/\/schema.org","@graph":[{"@type":"Article","@id":"https:\/\/deportesdigital.com.ve\/public\/torneo-de-voleibol-de-arena-marco-el-inicio-deportivo-de-la-semana-de-la-zulianidad\/#article","isPartOf":{"@id":"https:\/\/deportesdigital.com.ve\/public\/torneo-de-voleibol-de-arena-marco-el-inicio-deportivo-de-la-semana-de-la-zulianidad\/"},"author":{"name":"luisg15","@id":"https:\/\/deportesdigital.com.ve\/public\/#\/schema\/person\/57d2f23f17d761b1672066d1905e88a0"},"headline":"Torneo de Voleibol de Arena marc\u00f3 el inicio deportivo de la Semana de la Zulianidad","datePublished":"2025-01-27T02:08:31+00:00","mainEntityOfPage":{"@id":"https:\/\/deportesdigital.com.ve\/public\/torneo-de-voleibol-de-arena-marco-el-inicio-deportivo-de-la-semana-de-la-zulianidad\/"},"wordCount":283,"commentCount":0,"publisher":{"@id":"https:\/\/deportesdigital.com.ve\/public\/#organization"},"image":{"@id":"https:\/\/deportesdigital.com.ve\/public\/torneo-de-voleibol-de-arena-marco-el-inicio-deportivo-de-la-semana-de-la-zulianidad\/#primaryimage"},"thumbnailUrl":"https:\/\/deportesdigital.com.ve\/public\/wp-content\/uploads\/2025\/01\/WhatsApp-Image-2025-01-26-at-3.48.39-PM-1-e1737943502292.jpeg","keywords":["irdez voleibol","playa","semana","villadeportiva","ZULIANIDAD"],"articleSection":["Otros Deportes"],"inLanguage":"es","potentialAction":[{"@type":"CommentAction","name":"Comment","target":["https:\/\/deportesdigital.com.ve\/public\/torneo-de-voleibol-de-arena-marco-el-inicio-deportivo-de-la-semana-de-la-zulianidad\/#respond"]}]},{"@type":"WebPage","@id":"https:\/\/deportesdigital.com.ve\/public\/torneo-de-voleibol-de-arena-marco-el-inicio-deportivo-de-la-semana-de-la-zulianidad\/","url":"https:\/\/deportesdigital.com.ve\/public\/torneo-de-voleibol-de-arena-marco-el-inicio-deportivo-de-la-semana-de-la-zulianidad\/","name":"Torneo de Voleibol de Arena marc\u00f3 el inicio deportivo de la Semana de la Zulianidad - Deportes Digital","isPartOf":{"@id":"https:\/\/deportesdigital.com.ve\/public\/#website"},"primaryImageOfPage":{"@id":"https:\/\/deportesdigital.com.ve\/public\/torneo-de-voleibol-de-arena-marco-el-inicio-deportivo-de-la-semana-de-la-zulianidad\/#primaryimage"},"image":{"@id":"https:\/\/deportesdigital.com.ve\/public\/torneo-de-voleibol-de-arena-marco-el-inicio-deportivo-de-la-semana-de-la-zulianidad\/#primaryimage"},"thumbnailUrl":"https:\/\/deportesdigital.com.ve\/public\/wp-content\/uploads\/2025\/01\/WhatsApp-Image-2025-01-26-at-3.48.39-PM-1-e1737943502292.jpeg","datePublished":"2025-01-27T02:08:31+00:00","breadcrumb":{"@id":"https:\/\/deportesdigital.com.ve\/public\/torneo-de-voleibol-de-arena-marco-el-inicio-deportivo-de-la-semana-de-la-zulianidad\/#breadcrumb"},"inLanguage":"es","potentialAction":[{"@type":"ReadAction","target":["https:\/\/deportesdigital.com.ve\/public\/torneo-de-voleibol-de-arena-marco-el-inicio-deportivo-de-la-semana-de-la-zulianidad\/"]}]},{"@type":"ImageObject","inLanguage":"es","@id":"https:\/\/deportesdigital.com.ve\/public\/torneo-de-voleibol-de-arena-marco-el-inicio-deportivo-de-la-semana-de-la-zulianidad\/#primaryimage","url":"https:\/\/deportesdigital.com.ve\/public\/wp-content\/uploads\/2025\/01\/WhatsApp-Image-2025-01-26-at-3.48.39-PM-1-e1737943502292.jpeg","contentUrl":"https:\/\/deportesdigital.com.ve\/public\/wp-content\/uploads\/2025\/01\/WhatsApp-Image-2025-01-26-at-3.48.39-PM-1-e1737943502292.jpeg","width":1000,"height":488},{"@type":"BreadcrumbList","@id":"https:\/\/deportesdigital.com.ve\/public\/torneo-de-voleibol-de-arena-marco-el-inicio-deportivo-de-la-semana-de-la-zulianidad\/#breadcrumb","itemListElement":[{"@type":"ListItem","position":1,"name":"Portada","item":"https:\/\/deportesdigital.com.ve\/public\/"},{"@type":"ListItem","position":2,"name":"Torneo de Voleibol de Arena marc\u00f3 el inicio deportivo de la Semana de la Zulianidad"}]},{"@type":"WebSite","@id":"https:\/\/deportesdigital.com.ve\/public\/#website","url":"https:\/\/deportesdigital.com.ve\/public\/","name":"Deportes Digital","description":"Solo Deportes","publisher":{"@id":"https:\/\/deportesdigital.com.ve\/public\/#organization"},"potentialAction":[{"@type":"SearchAction","target":{"@type":"EntryPoint","urlTemplate":"https:\/\/deportesdigital.com.ve\/public\/?s={search_term_string}"},"query-input":{"@type":"PropertyValueSpecification","valueRequired":true,"valueName":"search_term_string"}}],"inLanguage":"es"},{"@type":"Organization","@id":"https:\/\/deportesdigital.com.ve\/public\/#organization","name":"Deportes Digital","url":"https:\/\/deportesdigital.com.ve\/public\/","logo":{"@type":"ImageObject","inLanguage":"es","@id":"https:\/\/deportesdigital.com.ve\/public\/#\/schema\/logo\/image\/","url":"https:\/\/i0.wp.com\/deportesdigital.com.ve\/public\/wp-content\/uploads\/2023\/09\/1677066431475.png?fit=1032%2C624&ssl=1","contentUrl":"https:\/\/i0.wp.com\/deportesdigital.com.ve\/public\/wp-content\/uploads\/2023\/09\/1677066431475.png?fit=1032%2C624&ssl=1","width":1032,"height":624,"caption":"Deportes Digital"},"image":{"@id":"https:\/\/deportesdigital.com.ve\/public\/#\/schema\/logo\/image\/"},"sameAs":["https:\/\/www.facebook.com\/DeportesDigitalZulia25","https:\/\/x.com\/deporteszulia","https:\/\/www.instagram.com\/deportesdigitalzulia\/"]},{"@type":"Person","@id":"https:\/\/deportesdigital.com.ve\/public\/#\/schema\/person\/57d2f23f17d761b1672066d1905e88a0","name":"luisg15","image":{"@type":"ImageObject","inLanguage":"es","@id":"https:\/\/secure.gravatar.com\/avatar\/4d424b63ebd2800d281b824141af3d97c1332dfdda83d70b2057085925af58a3?s=96&d=mm&r=g","url":"https:\/\/secure.gravatar.com\/avatar\/4d424b63ebd2800d281b824141af3d97c1332dfdda83d70b2057085925af58a3?s=96&d=mm&r=g","contentUrl":"https:\/\/secure.gravatar.com\/avatar\/4d424b63ebd2800d281b824141af3d97c1332dfdda83d70b2057085925af58a3?s=96&d=mm&r=g","caption":"luisg15"},"description":"Medio de Comunicaci\u00f3n digital dedicado al deporte menor","sameAs":["https:\/\/deportesdigital.com.ve\/public"],"url":"https:\/\/deportesdigital.com.ve\/public\/author\/luisg15\/"}]}},"_links":{"self":[{"href":"https:\/\/deportesdigital.com.ve\/public\/wp-json\/wp\/v2\/posts\/100777","targetHints":{"allow":["GET"]}}],"collection":[{"href":"https:\/\/deportesdigital.com.ve\/public\/wp-json\/wp\/v2\/posts"}],"about":[{"href":"https:\/\/deportesdigital.com.ve\/public\/wp-json\/wp\/v2\/types\/post"}],"author":[{"embeddable":true,"href":"https:\/\/deportesdigital.com.ve\/public\/wp-json\/wp\/v2\/users\/1"}],"replies":[{"embeddable":true,"href":"https:\/\/deportesdigital.com.ve\/public\/wp-json\/wp\/v2\/comments?post=100777"}],"version-history":[{"count":1,"href":"https:\/\/deportesdigital.com.ve\/public\/wp-json\/wp\/v2\/posts\/100777\/revisions"}],"predecessor-version":[{"id":100782,"href":"https:\/\/deportesdigital.com.ve\/public\/wp-json\/wp\/v2\/posts\/100777\/revisions\/100782"}],"wp:featuredmedia":[{"embeddable":true,"href":"https:\/\/deportesdigital.com.ve\/public\/wp-json\/wp\/v2\/media\/100780"}],"wp:attachment":[{"href":"https:\/\/deportesdigital.com.ve\/public\/wp-json\/wp\/v2\/media?parent=100777"}],"wp:term":[{"taxonomy":"category","embeddable":true,"href":"https:\/\/deportesdigital.com.ve\/public\/wp-json\/wp\/v2\/categories?post=100777"},{"taxonomy":"post_tag","embeddable":true,"href":"https:\/\/deportesdigital.com.ve\/public\/wp-json\/wp\/v2\/tags?post=100777"}],"curies":[{"name":"wp","href":"https:\/\/api.w.org\/{rel}","templated":true}]}}