{"id":100709,"date":"2025-01-23T22:46:17","date_gmt":"2025-01-24T02:46:17","guid":{"rendered":"https:\/\/deportesdigital.com.ve\/public\/?p=100709"},"modified":"2025-01-23T22:46:17","modified_gmt":"2025-01-24T02:46:17","slug":"proyecto-deporte-soy-siglo-21-y-las-glorias-deportivas-de-san-francisco-respaldaron-el-aniversario-del-municipio","status":"publish","type":"post","link":"https:\/\/deportesdigital.com.ve\/public\/proyecto-deporte-soy-siglo-21-y-las-glorias-deportivas-de-san-francisco-respaldaron-el-aniversario-del-municipio\/","title":{"rendered":"Proyecto Deporte Soy, Siglo 21 y las Glorias Deportivas de San Francisco respaldaron el aniversario del Municipio"},"content":{"rendered":"<p><strong><em>Vali\u00f3 la pena convertir a la tierra del Padre V\u00edlchez en el Municipio San Francisco\u00bb, asegur\u00f3 Luis Urribarr\u00ed, \u00a0uno de los fundadores y constructores de ese pujante municipio.<\/em><\/strong><\/p>\n<hr \/>\n<p><strong><em>Nota de Prensa:<\/em><\/strong> \u00abSon 30 a\u00f1os que se independiz\u00f3\u00a0 el sur de Maracaibo, logrando su autonom\u00eda propia, d\u00f3nde \u00e9ramos el patio trasero, vali\u00f3 la pena convertir a la tierra del Padre V\u00edlchez en el Municipio San Francisco\u00bb, asegur\u00f3 uno de los fundadores y constructores de ese pujante municipio, el dirigente deportivo y gloria deportiva Luis Urribarr\u00ed, quien tuvo la responsabilidad de hacer las pol\u00edticas deportivas a un municipio que creci\u00f3 r\u00e1pidamente en materia deportiva, hasta convertirlo en el municipio modelo en deporte.<\/p>\n<p>\u00abFuimos campeones mundiales de Peque\u00f1as Ligas\u00a0 en el a\u00f1o 97, con el circuito de San Francisco en la categor\u00eda senior y 3 a\u00f1os despu\u00e9s con la Peque\u00f1a Liga Sierra Maestra fuimos campeones mundiales en infantil, en el a\u00f1o 2000 y todav\u00eda seguimos siendo los \u00faltimos en lograr tal haza\u00f1a\u00bb, destac\u00f3 Urribarr\u00ed, quien recientemente recibi\u00f3 el reconocimiento Dr Honoris Causa de la Fundaci\u00f3n Universidades Hispanas, en Lima,. Per\u00fa.<\/p>\n<p>Este destacado dirigente igualmente se\u00f1al\u00f3 que \u00abtambi\u00e9n logramos la \u00fanica obra de los XVIII Juegos Deportivos Centroamericanos y del Caribe COCAC realizado en 1998, c\u00f3mo lo es el Palacio de los Deportes de Combates.<\/p>\n<p>San Francisco fue potencia en levantamiento de pesas, baloncesto, b\u00e9isbol; d\u00f3nde toda la selecci\u00f3n del Zulia era de San Francisco, en judo con Flor Vel\u00e1zquez y Selene Cabrera, no se las ganaba nadie, potencia en softbol, en Kikimball, ejemplo en organizaci\u00f3n.<\/p>\n<p>San Francisco logr\u00f3 pasar de 96 instalaciones para el libre y sano esparcimiento a 336; entre parques, canchas, estadios, gimnasios y Plazas. Aqu\u00ed debemos destacar la Plaza Bol\u00edvar, todo esto impulsado por su creador, fundador Saady Antonio Bijani Gonz\u00e1lez, quien tuvo la maravillosa\u00a0 idea de elevar a municipio, a esta tierra Santa.<\/p>\n<p>Desde las Glorias deportivas y el Proyecto Deporte Soy, Siglo 21, felicitamos a sus habitantes, a sus autoridades, encabezadas por el alcalde Gustavo Fern\u00e1ndez, por celebrar tan significante fecha\u00bb, acot\u00f3 este l\u00edder deportivo, quien garantiz\u00f3 la presencia de las dos organizaciones y aprovech\u00f3 la oportunidad para informar que el presidente Douglas Urribarri, de las Glorias Deportivas, cumple compromisos en la convenci\u00f3n nacional en el estado Sucre, pero Luis Urribarri y el gran Memo Larreal estar\u00e1n presentes con gran parte del patrimonio humano de San Francisco, de\u00a0 Proyecto Deporte Soy y de las Glorias Deportiva.<\/p>\n<p><strong><em>Sigue esta y otras\u00a0<\/em><\/strong><a href=\"https:\/\/z-p15.www.instagram.com\/explore\/tags\/noticias\/\"><strong><em>#Noticias<\/em><\/strong><\/a><strong><em>\u00a0ingresando a nuestras plataformas digitales Deportes Digital, en Instagram, Facebook, Twitter, y en nuestros grupos de Whatsapp y Telegram.<\/em><\/strong><\/p>\n<p>&nbsp;<\/p>\n<p>&nbsp;<\/p>\n","protected":false},"excerpt":{"rendered":"<p>Vali\u00f3 la pena convertir a la tierra del Padre V\u00edlchez en el Municipio San Francisco\u00bb, asegur\u00f3 Luis Urribarr\u00ed, \u00a0uno de los fundadores y constructores de ese pujante municipio. Nota de [&hellip;]<\/p>\n","protected":false},"author":1,"featured_media":100710,"comment_status":"open","ping_status":"closed","sticky":false,"template":"","format":"standard","meta":{"footnotes":""},"categories":[5],"tags":[121,3461,1175,312],"class_list":["post-100709","post","type-post","status-publish","format-standard","has-post-thumbnail","hentry","category-otrosdeportes","tag-aniversario","tag-glorias-deportivas","tag-municipio","tag-san-francisco","clearfix"],"yoast_head":"<!-- This site is optimized with the Yoast SEO plugin v27.8 - https:\/\/yoast.com\/product\/yoast-seo-wordpress\/ -->\n<title>Proyecto Deporte Soy, Siglo 21 y las Glorias Deportivas de San Francisco respaldaron el aniversario del Municipio - Deportes Digital<\/title>\n<meta name=\"robots\" content=\"index, follow, max-snippet:-1, max-image-preview:large, max-video-preview:-1\" \/>\n<link rel=\"canonical\" href=\"https:\/\/deportesdigital.com.ve\/public\/proyecto-deporte-soy-siglo-21-y-las-glorias-deportivas-de-san-francisco-respaldaron-el-aniversario-del-municipio\/\" \/>\n<meta property=\"og:locale\" content=\"es_ES\" \/>\n<meta property=\"og:type\" content=\"article\" \/>\n<meta property=\"og:title\" content=\"Proyecto Deporte Soy, Siglo 21 y las Glorias Deportivas de San Francisco respaldaron el aniversario del Municipio - Deportes Digital\" \/>\n<meta property=\"og:description\" content=\"Vali\u00f3 la pena convertir a la tierra del Padre V\u00edlchez en el Municipio San Francisco\u00bb, asegur\u00f3 Luis Urribarr\u00ed, \u00a0uno de los fundadores y constructores de ese pujante municipio. Nota de [&hellip;]\" \/>\n<meta property=\"og:url\" content=\"https:\/\/deportesdigital.com.ve\/public\/proyecto-deporte-soy-siglo-21-y-las-glorias-deportivas-de-san-francisco-respaldaron-el-aniversario-del-municipio\/\" \/>\n<meta property=\"og:site_name\" content=\"Deportes Digital\" \/>\n<meta property=\"article:publisher\" content=\"https:\/\/www.facebook.com\/DeportesDigitalZulia25\" \/>\n<meta property=\"article:published_time\" content=\"2025-01-24T02:46:17+00:00\" \/>\n<meta property=\"og:image\" content=\"https:\/\/deportesdigital.com.ve\/public\/wp-content\/uploads\/2025\/01\/WhatsApp-Image-2025-01-23-at-10.24.15-AM.jpeg\" \/>\n\t<meta property=\"og:image:width\" content=\"1080\" \/>\n\t<meta property=\"og:image:height\" content=\"810\" \/>\n\t<meta property=\"og:image:type\" content=\"image\/jpeg\" \/>\n<meta name=\"author\" content=\"luisg15\" \/>\n<meta name=\"twitter:card\" content=\"summary_large_image\" \/>\n<meta name=\"twitter:creator\" content=\"@deporteszulia\" \/>\n<meta name=\"twitter:site\" content=\"@deporteszulia\" \/>\n<meta name=\"twitter:label1\" content=\"Escrito por\" \/>\n\t<meta name=\"twitter:data1\" content=\"luisg15\" \/>\n\t<meta name=\"twitter:label2\" content=\"Tiempo de lectura\" \/>\n\t<meta name=\"twitter:data2\" content=\"3 minutos\" \/>\n<script type=\"application\/ld+json\" class=\"yoast-schema-graph\">{\"@context\":\"https:\\\/\\\/schema.org\",\"@graph\":[{\"@type\":\"Article\",\"@id\":\"https:\\\/\\\/deportesdigital.com.ve\\\/public\\\/proyecto-deporte-soy-siglo-21-y-las-glorias-deportivas-de-san-francisco-respaldaron-el-aniversario-del-municipio\\\/#article\",\"isPartOf\":{\"@id\":\"https:\\\/\\\/deportesdigital.com.ve\\\/public\\\/proyecto-deporte-soy-siglo-21-y-las-glorias-deportivas-de-san-francisco-respaldaron-el-aniversario-del-municipio\\\/\"},\"author\":{\"name\":\"luisg15\",\"@id\":\"https:\\\/\\\/deportesdigital.com.ve\\\/public\\\/#\\\/schema\\\/person\\\/57d2f23f17d761b1672066d1905e88a0\"},\"headline\":\"Proyecto Deporte Soy, Siglo 21 y las Glorias Deportivas de San Francisco respaldaron el aniversario del Municipio\",\"datePublished\":\"2025-01-24T02:46:17+00:00\",\"mainEntityOfPage\":{\"@id\":\"https:\\\/\\\/deportesdigital.com.ve\\\/public\\\/proyecto-deporte-soy-siglo-21-y-las-glorias-deportivas-de-san-francisco-respaldaron-el-aniversario-del-municipio\\\/\"},\"wordCount\":463,\"commentCount\":0,\"publisher\":{\"@id\":\"https:\\\/\\\/deportesdigital.com.ve\\\/public\\\/#organization\"},\"image\":{\"@id\":\"https:\\\/\\\/deportesdigital.com.ve\\\/public\\\/proyecto-deporte-soy-siglo-21-y-las-glorias-deportivas-de-san-francisco-respaldaron-el-aniversario-del-municipio\\\/#primaryimage\"},\"thumbnailUrl\":\"https:\\\/\\\/deportesdigital.com.ve\\\/public\\\/wp-content\\\/uploads\\\/2025\\\/01\\\/WhatsApp-Image-2025-01-23-at-10.24.15-AM.jpeg\",\"keywords\":[\"aniversario\",\"glorias deportivas\",\"municipio\",\"san francisco\"],\"articleSection\":[\"Otros Deportes\"],\"inLanguage\":\"es\",\"potentialAction\":[{\"@type\":\"CommentAction\",\"name\":\"Comment\",\"target\":[\"https:\\\/\\\/deportesdigital.com.ve\\\/public\\\/proyecto-deporte-soy-siglo-21-y-las-glorias-deportivas-de-san-francisco-respaldaron-el-aniversario-del-municipio\\\/#respond\"]}]},{\"@type\":\"WebPage\",\"@id\":\"https:\\\/\\\/deportesdigital.com.ve\\\/public\\\/proyecto-deporte-soy-siglo-21-y-las-glorias-deportivas-de-san-francisco-respaldaron-el-aniversario-del-municipio\\\/\",\"url\":\"https:\\\/\\\/deportesdigital.com.ve\\\/public\\\/proyecto-deporte-soy-siglo-21-y-las-glorias-deportivas-de-san-francisco-respaldaron-el-aniversario-del-municipio\\\/\",\"name\":\"Proyecto Deporte Soy, Siglo 21 y las Glorias Deportivas de San Francisco respaldaron el aniversario del Municipio - Deportes Digital\",\"isPartOf\":{\"@id\":\"https:\\\/\\\/deportesdigital.com.ve\\\/public\\\/#website\"},\"primaryImageOfPage\":{\"@id\":\"https:\\\/\\\/deportesdigital.com.ve\\\/public\\\/proyecto-deporte-soy-siglo-21-y-las-glorias-deportivas-de-san-francisco-respaldaron-el-aniversario-del-municipio\\\/#primaryimage\"},\"image\":{\"@id\":\"https:\\\/\\\/deportesdigital.com.ve\\\/public\\\/proyecto-deporte-soy-siglo-21-y-las-glorias-deportivas-de-san-francisco-respaldaron-el-aniversario-del-municipio\\\/#primaryimage\"},\"thumbnailUrl\":\"https:\\\/\\\/deportesdigital.com.ve\\\/public\\\/wp-content\\\/uploads\\\/2025\\\/01\\\/WhatsApp-Image-2025-01-23-at-10.24.15-AM.jpeg\",\"datePublished\":\"2025-01-24T02:46:17+00:00\",\"breadcrumb\":{\"@id\":\"https:\\\/\\\/deportesdigital.com.ve\\\/public\\\/proyecto-deporte-soy-siglo-21-y-las-glorias-deportivas-de-san-francisco-respaldaron-el-aniversario-del-municipio\\\/#breadcrumb\"},\"inLanguage\":\"es\",\"potentialAction\":[{\"@type\":\"ReadAction\",\"target\":[\"https:\\\/\\\/deportesdigital.com.ve\\\/public\\\/proyecto-deporte-soy-siglo-21-y-las-glorias-deportivas-de-san-francisco-respaldaron-el-aniversario-del-municipio\\\/\"]}]},{\"@type\":\"ImageObject\",\"inLanguage\":\"es\",\"@id\":\"https:\\\/\\\/deportesdigital.com.ve\\\/public\\\/proyecto-deporte-soy-siglo-21-y-las-glorias-deportivas-de-san-francisco-respaldaron-el-aniversario-del-municipio\\\/#primaryimage\",\"url\":\"https:\\\/\\\/deportesdigital.com.ve\\\/public\\\/wp-content\\\/uploads\\\/2025\\\/01\\\/WhatsApp-Image-2025-01-23-at-10.24.15-AM.jpeg\",\"contentUrl\":\"https:\\\/\\\/deportesdigital.com.ve\\\/public\\\/wp-content\\\/uploads\\\/2025\\\/01\\\/WhatsApp-Image-2025-01-23-at-10.24.15-AM.jpeg\",\"width\":1080,\"height\":810},{\"@type\":\"BreadcrumbList\",\"@id\":\"https:\\\/\\\/deportesdigital.com.ve\\\/public\\\/proyecto-deporte-soy-siglo-21-y-las-glorias-deportivas-de-san-francisco-respaldaron-el-aniversario-del-municipio\\\/#breadcrumb\",\"itemListElement\":[{\"@type\":\"ListItem\",\"position\":1,\"name\":\"Portada\",\"item\":\"https:\\\/\\\/deportesdigital.com.ve\\\/public\\\/\"},{\"@type\":\"ListItem\",\"position\":2,\"name\":\"Proyecto Deporte Soy, Siglo 21 y las Glorias Deportivas de San Francisco respaldaron el aniversario del Municipio\"}]},{\"@type\":\"WebSite\",\"@id\":\"https:\\\/\\\/deportesdigital.com.ve\\\/public\\\/#website\",\"url\":\"https:\\\/\\\/deportesdigital.com.ve\\\/public\\\/\",\"name\":\"Deportes Digital\",\"description\":\"Solo Deportes\",\"publisher\":{\"@id\":\"https:\\\/\\\/deportesdigital.com.ve\\\/public\\\/#organization\"},\"potentialAction\":[{\"@type\":\"SearchAction\",\"target\":{\"@type\":\"EntryPoint\",\"urlTemplate\":\"https:\\\/\\\/deportesdigital.com.ve\\\/public\\\/?s={search_term_string}\"},\"query-input\":{\"@type\":\"PropertyValueSpecification\",\"valueRequired\":true,\"valueName\":\"search_term_string\"}}],\"inLanguage\":\"es\"},{\"@type\":\"Organization\",\"@id\":\"https:\\\/\\\/deportesdigital.com.ve\\\/public\\\/#organization\",\"name\":\"Deportes Digital\",\"url\":\"https:\\\/\\\/deportesdigital.com.ve\\\/public\\\/\",\"logo\":{\"@type\":\"ImageObject\",\"inLanguage\":\"es\",\"@id\":\"https:\\\/\\\/deportesdigital.com.ve\\\/public\\\/#\\\/schema\\\/logo\\\/image\\\/\",\"url\":\"https:\\\/\\\/i0.wp.com\\\/deportesdigital.com.ve\\\/public\\\/wp-content\\\/uploads\\\/2023\\\/09\\\/1677066431475.png?fit=1032%2C624&ssl=1\",\"contentUrl\":\"https:\\\/\\\/i0.wp.com\\\/deportesdigital.com.ve\\\/public\\\/wp-content\\\/uploads\\\/2023\\\/09\\\/1677066431475.png?fit=1032%2C624&ssl=1\",\"width\":1032,\"height\":624,\"caption\":\"Deportes Digital\"},\"image\":{\"@id\":\"https:\\\/\\\/deportesdigital.com.ve\\\/public\\\/#\\\/schema\\\/logo\\\/image\\\/\"},\"sameAs\":[\"https:\\\/\\\/www.facebook.com\\\/DeportesDigitalZulia25\",\"https:\\\/\\\/x.com\\\/deporteszulia\",\"https:\\\/\\\/www.instagram.com\\\/deportesdigitalzulia\\\/\"]},{\"@type\":\"Person\",\"@id\":\"https:\\\/\\\/deportesdigital.com.ve\\\/public\\\/#\\\/schema\\\/person\\\/57d2f23f17d761b1672066d1905e88a0\",\"name\":\"luisg15\",\"image\":{\"@type\":\"ImageObject\",\"inLanguage\":\"es\",\"@id\":\"https:\\\/\\\/secure.gravatar.com\\\/avatar\\\/4d424b63ebd2800d281b824141af3d97c1332dfdda83d70b2057085925af58a3?s=96&d=mm&r=g\",\"url\":\"https:\\\/\\\/secure.gravatar.com\\\/avatar\\\/4d424b63ebd2800d281b824141af3d97c1332dfdda83d70b2057085925af58a3?s=96&d=mm&r=g\",\"contentUrl\":\"https:\\\/\\\/secure.gravatar.com\\\/avatar\\\/4d424b63ebd2800d281b824141af3d97c1332dfdda83d70b2057085925af58a3?s=96&d=mm&r=g\",\"caption\":\"luisg15\"},\"description\":\"Medio de Comunicaci\u00f3n digital dedicado al deporte menor\",\"sameAs\":[\"https:\\\/\\\/deportesdigital.com.ve\\\/public\"],\"url\":\"https:\\\/\\\/deportesdigital.com.ve\\\/public\\\/author\\\/luisg15\\\/\"}]}<\/script>\n<!-- \/ Yoast SEO plugin. -->","yoast_head_json":{"title":"Proyecto Deporte Soy, Siglo 21 y las Glorias Deportivas de San Francisco respaldaron el aniversario del Municipio - Deportes Digital","robots":{"index":"index","follow":"follow","max-snippet":"max-snippet:-1","max-image-preview":"max-image-preview:large","max-video-preview":"max-video-preview:-1"},"canonical":"https:\/\/deportesdigital.com.ve\/public\/proyecto-deporte-soy-siglo-21-y-las-glorias-deportivas-de-san-francisco-respaldaron-el-aniversario-del-municipio\/","og_locale":"es_ES","og_type":"article","og_title":"Proyecto Deporte Soy, Siglo 21 y las Glorias Deportivas de San Francisco respaldaron el aniversario del Municipio - Deportes Digital","og_description":"Vali\u00f3 la pena convertir a la tierra del Padre V\u00edlchez en el Municipio San Francisco\u00bb, asegur\u00f3 Luis Urribarr\u00ed, \u00a0uno de los fundadores y constructores de ese pujante municipio. Nota de [&hellip;]","og_url":"https:\/\/deportesdigital.com.ve\/public\/proyecto-deporte-soy-siglo-21-y-las-glorias-deportivas-de-san-francisco-respaldaron-el-aniversario-del-municipio\/","og_site_name":"Deportes Digital","article_publisher":"https:\/\/www.facebook.com\/DeportesDigitalZulia25","article_published_time":"2025-01-24T02:46:17+00:00","og_image":[{"width":1080,"height":810,"url":"https:\/\/deportesdigital.com.ve\/public\/wp-content\/uploads\/2025\/01\/WhatsApp-Image-2025-01-23-at-10.24.15-AM.jpeg","type":"image\/jpeg"}],"author":"luisg15","twitter_card":"summary_large_image","twitter_creator":"@deporteszulia","twitter_site":"@deporteszulia","twitter_misc":{"Escrito por":"luisg15","Tiempo de lectura":"3 minutos"},"schema":{"@context":"https:\/\/schema.org","@graph":[{"@type":"Article","@id":"https:\/\/deportesdigital.com.ve\/public\/proyecto-deporte-soy-siglo-21-y-las-glorias-deportivas-de-san-francisco-respaldaron-el-aniversario-del-municipio\/#article","isPartOf":{"@id":"https:\/\/deportesdigital.com.ve\/public\/proyecto-deporte-soy-siglo-21-y-las-glorias-deportivas-de-san-francisco-respaldaron-el-aniversario-del-municipio\/"},"author":{"name":"luisg15","@id":"https:\/\/deportesdigital.com.ve\/public\/#\/schema\/person\/57d2f23f17d761b1672066d1905e88a0"},"headline":"Proyecto Deporte Soy, Siglo 21 y las Glorias Deportivas de San Francisco respaldaron el aniversario del Municipio","datePublished":"2025-01-24T02:46:17+00:00","mainEntityOfPage":{"@id":"https:\/\/deportesdigital.com.ve\/public\/proyecto-deporte-soy-siglo-21-y-las-glorias-deportivas-de-san-francisco-respaldaron-el-aniversario-del-municipio\/"},"wordCount":463,"commentCount":0,"publisher":{"@id":"https:\/\/deportesdigital.com.ve\/public\/#organization"},"image":{"@id":"https:\/\/deportesdigital.com.ve\/public\/proyecto-deporte-soy-siglo-21-y-las-glorias-deportivas-de-san-francisco-respaldaron-el-aniversario-del-municipio\/#primaryimage"},"thumbnailUrl":"https:\/\/deportesdigital.com.ve\/public\/wp-content\/uploads\/2025\/01\/WhatsApp-Image-2025-01-23-at-10.24.15-AM.jpeg","keywords":["aniversario","glorias deportivas","municipio","san francisco"],"articleSection":["Otros Deportes"],"inLanguage":"es","potentialAction":[{"@type":"CommentAction","name":"Comment","target":["https:\/\/deportesdigital.com.ve\/public\/proyecto-deporte-soy-siglo-21-y-las-glorias-deportivas-de-san-francisco-respaldaron-el-aniversario-del-municipio\/#respond"]}]},{"@type":"WebPage","@id":"https:\/\/deportesdigital.com.ve\/public\/proyecto-deporte-soy-siglo-21-y-las-glorias-deportivas-de-san-francisco-respaldaron-el-aniversario-del-municipio\/","url":"https:\/\/deportesdigital.com.ve\/public\/proyecto-deporte-soy-siglo-21-y-las-glorias-deportivas-de-san-francisco-respaldaron-el-aniversario-del-municipio\/","name":"Proyecto Deporte Soy, Siglo 21 y las Glorias Deportivas de San Francisco respaldaron el aniversario del Municipio - Deportes Digital","isPartOf":{"@id":"https:\/\/deportesdigital.com.ve\/public\/#website"},"primaryImageOfPage":{"@id":"https:\/\/deportesdigital.com.ve\/public\/proyecto-deporte-soy-siglo-21-y-las-glorias-deportivas-de-san-francisco-respaldaron-el-aniversario-del-municipio\/#primaryimage"},"image":{"@id":"https:\/\/deportesdigital.com.ve\/public\/proyecto-deporte-soy-siglo-21-y-las-glorias-deportivas-de-san-francisco-respaldaron-el-aniversario-del-municipio\/#primaryimage"},"thumbnailUrl":"https:\/\/deportesdigital.com.ve\/public\/wp-content\/uploads\/2025\/01\/WhatsApp-Image-2025-01-23-at-10.24.15-AM.jpeg","datePublished":"2025-01-24T02:46:17+00:00","breadcrumb":{"@id":"https:\/\/deportesdigital.com.ve\/public\/proyecto-deporte-soy-siglo-21-y-las-glorias-deportivas-de-san-francisco-respaldaron-el-aniversario-del-municipio\/#breadcrumb"},"inLanguage":"es","potentialAction":[{"@type":"ReadAction","target":["https:\/\/deportesdigital.com.ve\/public\/proyecto-deporte-soy-siglo-21-y-las-glorias-deportivas-de-san-francisco-respaldaron-el-aniversario-del-municipio\/"]}]},{"@type":"ImageObject","inLanguage":"es","@id":"https:\/\/deportesdigital.com.ve\/public\/proyecto-deporte-soy-siglo-21-y-las-glorias-deportivas-de-san-francisco-respaldaron-el-aniversario-del-municipio\/#primaryimage","url":"https:\/\/deportesdigital.com.ve\/public\/wp-content\/uploads\/2025\/01\/WhatsApp-Image-2025-01-23-at-10.24.15-AM.jpeg","contentUrl":"https:\/\/deportesdigital.com.ve\/public\/wp-content\/uploads\/2025\/01\/WhatsApp-Image-2025-01-23-at-10.24.15-AM.jpeg","width":1080,"height":810},{"@type":"BreadcrumbList","@id":"https:\/\/deportesdigital.com.ve\/public\/proyecto-deporte-soy-siglo-21-y-las-glorias-deportivas-de-san-francisco-respaldaron-el-aniversario-del-municipio\/#breadcrumb","itemListElement":[{"@type":"ListItem","position":1,"name":"Portada","item":"https:\/\/deportesdigital.com.ve\/public\/"},{"@type":"ListItem","position":2,"name":"Proyecto Deporte Soy, Siglo 21 y las Glorias Deportivas de San Francisco respaldaron el aniversario del Municipio"}]},{"@type":"WebSite","@id":"https:\/\/deportesdigital.com.ve\/public\/#website","url":"https:\/\/deportesdigital.com.ve\/public\/","name":"Deportes Digital","description":"Solo Deportes","publisher":{"@id":"https:\/\/deportesdigital.com.ve\/public\/#organization"},"potentialAction":[{"@type":"SearchAction","target":{"@type":"EntryPoint","urlTemplate":"https:\/\/deportesdigital.com.ve\/public\/?s={search_term_string}"},"query-input":{"@type":"PropertyValueSpecification","valueRequired":true,"valueName":"search_term_string"}}],"inLanguage":"es"},{"@type":"Organization","@id":"https:\/\/deportesdigital.com.ve\/public\/#organization","name":"Deportes Digital","url":"https:\/\/deportesdigital.com.ve\/public\/","logo":{"@type":"ImageObject","inLanguage":"es","@id":"https:\/\/deportesdigital.com.ve\/public\/#\/schema\/logo\/image\/","url":"https:\/\/i0.wp.com\/deportesdigital.com.ve\/public\/wp-content\/uploads\/2023\/09\/1677066431475.png?fit=1032%2C624&ssl=1","contentUrl":"https:\/\/i0.wp.com\/deportesdigital.com.ve\/public\/wp-content\/uploads\/2023\/09\/1677066431475.png?fit=1032%2C624&ssl=1","width":1032,"height":624,"caption":"Deportes Digital"},"image":{"@id":"https:\/\/deportesdigital.com.ve\/public\/#\/schema\/logo\/image\/"},"sameAs":["https:\/\/www.facebook.com\/DeportesDigitalZulia25","https:\/\/x.com\/deporteszulia","https:\/\/www.instagram.com\/deportesdigitalzulia\/"]},{"@type":"Person","@id":"https:\/\/deportesdigital.com.ve\/public\/#\/schema\/person\/57d2f23f17d761b1672066d1905e88a0","name":"luisg15","image":{"@type":"ImageObject","inLanguage":"es","@id":"https:\/\/secure.gravatar.com\/avatar\/4d424b63ebd2800d281b824141af3d97c1332dfdda83d70b2057085925af58a3?s=96&d=mm&r=g","url":"https:\/\/secure.gravatar.com\/avatar\/4d424b63ebd2800d281b824141af3d97c1332dfdda83d70b2057085925af58a3?s=96&d=mm&r=g","contentUrl":"https:\/\/secure.gravatar.com\/avatar\/4d424b63ebd2800d281b824141af3d97c1332dfdda83d70b2057085925af58a3?s=96&d=mm&r=g","caption":"luisg15"},"description":"Medio de Comunicaci\u00f3n digital dedicado al deporte menor","sameAs":["https:\/\/deportesdigital.com.ve\/public"],"url":"https:\/\/deportesdigital.com.ve\/public\/author\/luisg15\/"}]}},"_links":{"self":[{"href":"https:\/\/deportesdigital.com.ve\/public\/wp-json\/wp\/v2\/posts\/100709","targetHints":{"allow":["GET"]}}],"collection":[{"href":"https:\/\/deportesdigital.com.ve\/public\/wp-json\/wp\/v2\/posts"}],"about":[{"href":"https:\/\/deportesdigital.com.ve\/public\/wp-json\/wp\/v2\/types\/post"}],"author":[{"embeddable":true,"href":"https:\/\/deportesdigital.com.ve\/public\/wp-json\/wp\/v2\/users\/1"}],"replies":[{"embeddable":true,"href":"https:\/\/deportesdigital.com.ve\/public\/wp-json\/wp\/v2\/comments?post=100709"}],"version-history":[{"count":1,"href":"https:\/\/deportesdigital.com.ve\/public\/wp-json\/wp\/v2\/posts\/100709\/revisions"}],"predecessor-version":[{"id":100711,"href":"https:\/\/deportesdigital.com.ve\/public\/wp-json\/wp\/v2\/posts\/100709\/revisions\/100711"}],"wp:featuredmedia":[{"embeddable":true,"href":"https:\/\/deportesdigital.com.ve\/public\/wp-json\/wp\/v2\/media\/100710"}],"wp:attachment":[{"href":"https:\/\/deportesdigital.com.ve\/public\/wp-json\/wp\/v2\/media?parent=100709"}],"wp:term":[{"taxonomy":"category","embeddable":true,"href":"https:\/\/deportesdigital.com.ve\/public\/wp-json\/wp\/v2\/categories?post=100709"},{"taxonomy":"post_tag","embeddable":true,"href":"https:\/\/deportesdigital.com.ve\/public\/wp-json\/wp\/v2\/tags?post=100709"}],"curies":[{"name":"wp","href":"https:\/\/api.w.org\/{rel}","templated":true}]}}