{"id":100564,"date":"2025-01-21T23:56:46","date_gmt":"2025-01-22T03:56:46","guid":{"rendered":"https:\/\/deportesdigital.com.ve\/public\/?p=100564"},"modified":"2025-01-21T23:56:46","modified_gmt":"2025-01-22T03:56:46","slug":"pl-san-francisco-clasifica-a-la-semifinal-intermedia-zulia","status":"publish","type":"post","link":"https:\/\/deportesdigital.com.ve\/public\/pl-san-francisco-clasifica-a-la-semifinal-intermedia-zulia\/","title":{"rendered":"PL San Francisco clasifica a la Semifinal Intermedia Zulia"},"content":{"rendered":"<p><strong><em>La novena de San Francisco domino la Serie de la zona sur al ganar al equipo de Sierra Maestra.<\/em><\/strong><\/p>\n<hr \/>\n<p><strong><em>Jos\u00e9 Gil Deportes Digital \/Maracaibo:<\/em><\/strong> La novena de la Peque\u00f1as Ligas San Francisco, se impuso en la Serie del Interligas de la zona sur de la categor\u00eda intermedia al ganar el segundo encuentro a la novena de la Peque\u00f1as Ligas de Sierra Maestra y conquistar la clasificaci\u00f3n a Semifinal Zulia Intermedia, en encuentro jugado en el estadio Misael V\u00edlchez del complejo de la Peque\u00f1as Ligas San Francisco.<\/p>\n<p><a href=\"https:\/\/deportesdigital.com.ve\/public\/wp-content\/uploads\/2025\/01\/3-2.jpg\"><img loading=\"lazy\" decoding=\"async\" class=\"size-full wp-image-100571 aligncenter\" src=\"https:\/\/deportesdigital.com.ve\/public\/wp-content\/uploads\/2025\/01\/3-2.jpg\" alt=\"\" width=\"800\" height=\"546\" srcset=\"https:\/\/deportesdigital.com.ve\/public\/wp-content\/uploads\/2025\/01\/3-2.jpg 800w, https:\/\/deportesdigital.com.ve\/public\/wp-content\/uploads\/2025\/01\/3-2-300x205.jpg 300w, https:\/\/deportesdigital.com.ve\/public\/wp-content\/uploads\/2025\/01\/3-2-768x524.jpg 768w, https:\/\/deportesdigital.com.ve\/public\/wp-content\/uploads\/2025\/01\/3-2-730x498.jpg 730w, https:\/\/deportesdigital.com.ve\/public\/wp-content\/uploads\/2025\/01\/3-2-435x297.jpg 435w\" sizes=\"auto, (max-width: 800px) 100vw, 800px\" \/><\/a><\/p>\n<p>El equipo de San Francisco que se impuso en el segundo juego con pizarra de 6-3 viniendo de atr\u00e1s antes Sierra Maestra.<\/p>\n<p>Encuentro que inicio ganando la novena de Sierra Maestra, anotando 1 carrera en el primer cap\u00edtulo, el equipo de San Francisco igualo las acciones en la baja del mismo tramo.<\/p>\n<p><a href=\"https:\/\/deportesdigital.com.ve\/public\/wp-content\/uploads\/2025\/01\/4-2.jpg\"><img loading=\"lazy\" decoding=\"async\" class=\"size-full wp-image-100572 aligncenter\" src=\"https:\/\/deportesdigital.com.ve\/public\/wp-content\/uploads\/2025\/01\/4-2.jpg\" alt=\"\" width=\"800\" height=\"539\" srcset=\"https:\/\/deportesdigital.com.ve\/public\/wp-content\/uploads\/2025\/01\/4-2.jpg 800w, https:\/\/deportesdigital.com.ve\/public\/wp-content\/uploads\/2025\/01\/4-2-300x202.jpg 300w, https:\/\/deportesdigital.com.ve\/public\/wp-content\/uploads\/2025\/01\/4-2-768x517.jpg 768w, https:\/\/deportesdigital.com.ve\/public\/wp-content\/uploads\/2025\/01\/4-2-730x492.jpg 730w, https:\/\/deportesdigital.com.ve\/public\/wp-content\/uploads\/2025\/01\/4-2-435x293.jpg 435w\" sizes=\"auto, (max-width: 800px) 100vw, 800px\" \/><\/a><\/p>\n<p>En la alta del segundo episodio la bater\u00eda de Sierra Maestra responde con 2 carreras para tomar ventaja de 3-1.<\/p>\n<p>El equipo de San Francisco, anota 1 carrera en la del tercer tramo para poner la pizarra 3-2.<\/p>\n<p><a href=\"https:\/\/deportesdigital.com.ve\/public\/wp-content\/uploads\/2025\/01\/10-1.jpg\"><img loading=\"lazy\" decoding=\"async\" class=\"size-full wp-image-100578 aligncenter\" src=\"https:\/\/deportesdigital.com.ve\/public\/wp-content\/uploads\/2025\/01\/10-1.jpg\" alt=\"\" width=\"800\" height=\"621\" srcset=\"https:\/\/deportesdigital.com.ve\/public\/wp-content\/uploads\/2025\/01\/10-1.jpg 800w, https:\/\/deportesdigital.com.ve\/public\/wp-content\/uploads\/2025\/01\/10-1-300x233.jpg 300w, https:\/\/deportesdigital.com.ve\/public\/wp-content\/uploads\/2025\/01\/10-1-768x596.jpg 768w, https:\/\/deportesdigital.com.ve\/public\/wp-content\/uploads\/2025\/01\/10-1-730x567.jpg 730w, https:\/\/deportesdigital.com.ve\/public\/wp-content\/uploads\/2025\/01\/10-1-435x338.jpg 435w\" sizes=\"auto, (max-width: 800px) 100vw, 800px\" \/><\/a><\/p>\n<p>La carrera\u00a0 del empate para el equipo de San Francisco con toques efectivos de bola y pone el marcador 3-3.<\/p>\n<p><a href=\"https:\/\/deportesdigital.com.ve\/public\/wp-content\/uploads\/2025\/01\/5-2.jpg\"><img loading=\"lazy\" decoding=\"async\" class=\"size-full wp-image-100573 aligncenter\" src=\"https:\/\/deportesdigital.com.ve\/public\/wp-content\/uploads\/2025\/01\/5-2.jpg\" alt=\"\" width=\"800\" height=\"599\" srcset=\"https:\/\/deportesdigital.com.ve\/public\/wp-content\/uploads\/2025\/01\/5-2.jpg 800w, https:\/\/deportesdigital.com.ve\/public\/wp-content\/uploads\/2025\/01\/5-2-300x225.jpg 300w, https:\/\/deportesdigital.com.ve\/public\/wp-content\/uploads\/2025\/01\/5-2-768x575.jpg 768w, https:\/\/deportesdigital.com.ve\/public\/wp-content\/uploads\/2025\/01\/5-2-730x547.jpg 730w, https:\/\/deportesdigital.com.ve\/public\/wp-content\/uploads\/2025\/01\/5-2-435x326.jpg 435w, https:\/\/deportesdigital.com.ve\/public\/wp-content\/uploads\/2025\/01\/5-2-80x60.jpg 80w\" sizes=\"auto, (max-width: 800px) 100vw, 800px\" \/><\/a><\/p>\n<p>Los dirigidos por Jannio Guti\u00e9rrez, conquistaron \u00a0su clasificaci\u00f3n en el quinto episodio al anotar 3 carreras y poner la pizarra 6-3.<\/p>\n<p><a href=\"https:\/\/deportesdigital.com.ve\/public\/wp-content\/uploads\/2025\/01\/9-1.jpg\"><img loading=\"lazy\" decoding=\"async\" class=\"size-full wp-image-100577 aligncenter\" src=\"https:\/\/deportesdigital.com.ve\/public\/wp-content\/uploads\/2025\/01\/9-1.jpg\" alt=\"\" width=\"800\" height=\"709\" srcset=\"https:\/\/deportesdigital.com.ve\/public\/wp-content\/uploads\/2025\/01\/9-1.jpg 800w, https:\/\/deportesdigital.com.ve\/public\/wp-content\/uploads\/2025\/01\/9-1-300x266.jpg 300w, https:\/\/deportesdigital.com.ve\/public\/wp-content\/uploads\/2025\/01\/9-1-768x681.jpg 768w, https:\/\/deportesdigital.com.ve\/public\/wp-content\/uploads\/2025\/01\/9-1-730x647.jpg 730w, https:\/\/deportesdigital.com.ve\/public\/wp-content\/uploads\/2025\/01\/9-1-435x386.jpg 435w\" sizes=\"auto, (max-width: 800px) 100vw, 800px\" \/><\/a><\/p>\n<p>La novena Sierra Maestra que monto amenaza en s\u00e9ptimo cap\u00edtulo, siendo apagada por la defensiva del equipo de San Francisco.<\/p>\n<p><a href=\"https:\/\/deportesdigital.com.ve\/public\/wp-content\/uploads\/2025\/01\/6-2.jpg\"><img loading=\"lazy\" decoding=\"async\" class=\"size-full wp-image-100574 aligncenter\" src=\"https:\/\/deportesdigital.com.ve\/public\/wp-content\/uploads\/2025\/01\/6-2.jpg\" alt=\"\" width=\"800\" height=\"489\" srcset=\"https:\/\/deportesdigital.com.ve\/public\/wp-content\/uploads\/2025\/01\/6-2.jpg 800w, https:\/\/deportesdigital.com.ve\/public\/wp-content\/uploads\/2025\/01\/6-2-300x183.jpg 300w, https:\/\/deportesdigital.com.ve\/public\/wp-content\/uploads\/2025\/01\/6-2-768x469.jpg 768w, https:\/\/deportesdigital.com.ve\/public\/wp-content\/uploads\/2025\/01\/6-2-730x446.jpg 730w, https:\/\/deportesdigital.com.ve\/public\/wp-content\/uploads\/2025\/01\/6-2-435x266.jpg 435w\" sizes=\"auto, (max-width: 800px) 100vw, 800px\" \/><\/a><\/p>\n<p>La victoria para el relevista Jos\u00e9 Hunbria quien entro por el abridor H\u00e9ctor Leal, con trabajo monticular de 5.2 cap\u00edtulos, permitiendo 2 imparable 1doble, 5 ponches y 2boletos, la perdida para Emilio Urdaneta.<\/p>\n<p><a href=\"https:\/\/deportesdigital.com.ve\/public\/wp-content\/uploads\/2025\/01\/2-3.jpg\"><img loading=\"lazy\" decoding=\"async\" class=\"size-full wp-image-100570 aligncenter\" src=\"https:\/\/deportesdigital.com.ve\/public\/wp-content\/uploads\/2025\/01\/2-3.jpg\" alt=\"\" width=\"800\" height=\"578\" srcset=\"https:\/\/deportesdigital.com.ve\/public\/wp-content\/uploads\/2025\/01\/2-3.jpg 800w, https:\/\/deportesdigital.com.ve\/public\/wp-content\/uploads\/2025\/01\/2-3-300x217.jpg 300w, https:\/\/deportesdigital.com.ve\/public\/wp-content\/uploads\/2025\/01\/2-3-768x555.jpg 768w, https:\/\/deportesdigital.com.ve\/public\/wp-content\/uploads\/2025\/01\/2-3-730x527.jpg 730w, https:\/\/deportesdigital.com.ve\/public\/wp-content\/uploads\/2025\/01\/2-3-435x314.jpg 435w\" sizes=\"auto, (max-width: 800px) 100vw, 800px\" \/><\/a><\/p>\n<p><a href=\"https:\/\/deportesdigital.com.ve\/public\/wp-content\/uploads\/2025\/01\/11-1.jpg\"><img loading=\"lazy\" decoding=\"async\" class=\"size-full wp-image-100579 aligncenter\" src=\"https:\/\/deportesdigital.com.ve\/public\/wp-content\/uploads\/2025\/01\/11-1.jpg\" alt=\"\" width=\"800\" height=\"666\" srcset=\"https:\/\/deportesdigital.com.ve\/public\/wp-content\/uploads\/2025\/01\/11-1.jpg 800w, https:\/\/deportesdigital.com.ve\/public\/wp-content\/uploads\/2025\/01\/11-1-300x250.jpg 300w, https:\/\/deportesdigital.com.ve\/public\/wp-content\/uploads\/2025\/01\/11-1-768x639.jpg 768w, https:\/\/deportesdigital.com.ve\/public\/wp-content\/uploads\/2025\/01\/11-1-730x608.jpg 730w, https:\/\/deportesdigital.com.ve\/public\/wp-content\/uploads\/2025\/01\/11-1-435x362.jpg 435w\" sizes=\"auto, (max-width: 800px) 100vw, 800px\" \/><\/a>Pol equipo ganador destac\u00f3 Enmanuel Nava, 3-2 con 2 carreras empujadas, Por Sierra Maestra destac\u00f3 el pelotero Berni Caridad,2-2,2carreras anotadas.<\/p>\n<p><a href=\"https:\/\/deportesdigital.com.ve\/public\/wp-content\/uploads\/2025\/01\/7-1.jpg\"><img loading=\"lazy\" decoding=\"async\" class=\"size-full wp-image-100575 aligncenter\" src=\"https:\/\/deportesdigital.com.ve\/public\/wp-content\/uploads\/2025\/01\/7-1.jpg\" alt=\"\" width=\"800\" height=\"602\" srcset=\"https:\/\/deportesdigital.com.ve\/public\/wp-content\/uploads\/2025\/01\/7-1.jpg 800w, https:\/\/deportesdigital.com.ve\/public\/wp-content\/uploads\/2025\/01\/7-1-300x226.jpg 300w, https:\/\/deportesdigital.com.ve\/public\/wp-content\/uploads\/2025\/01\/7-1-768x578.jpg 768w, https:\/\/deportesdigital.com.ve\/public\/wp-content\/uploads\/2025\/01\/7-1-730x549.jpg 730w, https:\/\/deportesdigital.com.ve\/public\/wp-content\/uploads\/2025\/01\/7-1-435x327.jpg 435w, https:\/\/deportesdigital.com.ve\/public\/wp-content\/uploads\/2025\/01\/7-1-80x60.jpg 80w\" sizes=\"auto, (max-width: 800px) 100vw, 800px\" \/><\/a> <a href=\"https:\/\/deportesdigital.com.ve\/public\/wp-content\/uploads\/2025\/01\/8-1.jpg\"><img loading=\"lazy\" decoding=\"async\" class=\"size-full wp-image-100576 aligncenter\" src=\"https:\/\/deportesdigital.com.ve\/public\/wp-content\/uploads\/2025\/01\/8-1.jpg\" alt=\"\" width=\"800\" height=\"571\" srcset=\"https:\/\/deportesdigital.com.ve\/public\/wp-content\/uploads\/2025\/01\/8-1.jpg 800w, https:\/\/deportesdigital.com.ve\/public\/wp-content\/uploads\/2025\/01\/8-1-300x214.jpg 300w, https:\/\/deportesdigital.com.ve\/public\/wp-content\/uploads\/2025\/01\/8-1-768x548.jpg 768w, https:\/\/deportesdigital.com.ve\/public\/wp-content\/uploads\/2025\/01\/8-1-730x521.jpg 730w, https:\/\/deportesdigital.com.ve\/public\/wp-content\/uploads\/2025\/01\/8-1-435x310.jpg 435w\" sizes=\"auto, (max-width: 800px) 100vw, 800px\" \/><\/a><\/p>\n<p>Con este resultado la novena de San Francisco aseguro su clasificaci\u00f3n a la Semifinal Zulia Intermedia, que se jugara en el municipio Mara en el mes de febrero.<\/p>\n<p><a href=\"https:\/\/deportesdigital.com.ve\/public\/wp-content\/uploads\/2025\/01\/1-2.jpg\"><img loading=\"lazy\" decoding=\"async\" class=\"size-full wp-image-100569 aligncenter\" src=\"https:\/\/deportesdigital.com.ve\/public\/wp-content\/uploads\/2025\/01\/1-2.jpg\" alt=\"\" width=\"800\" height=\"642\" srcset=\"https:\/\/deportesdigital.com.ve\/public\/wp-content\/uploads\/2025\/01\/1-2.jpg 800w, https:\/\/deportesdigital.com.ve\/public\/wp-content\/uploads\/2025\/01\/1-2-300x241.jpg 300w, https:\/\/deportesdigital.com.ve\/public\/wp-content\/uploads\/2025\/01\/1-2-768x616.jpg 768w, https:\/\/deportesdigital.com.ve\/public\/wp-content\/uploads\/2025\/01\/1-2-730x586.jpg 730w, https:\/\/deportesdigital.com.ve\/public\/wp-content\/uploads\/2025\/01\/1-2-435x349.jpg 435w\" sizes=\"auto, (max-width: 800px) 100vw, 800px\" \/><\/a><\/p>\n<p><strong><em>Sigue esta y otras\u00a0<\/em><\/strong><a href=\"https:\/\/z-p15.www.instagram.com\/explore\/tags\/noticias\/\"><strong><em>#Noticias<\/em><\/strong><\/a><strong><em>\u00a0ingresando a nuestras plataformas digitales Deportes Digital, en Instagram, Facebook, Twitter, y en nuestros grupos de Whatsapp y Telegram.<\/em><\/strong><\/p>\n<p>&nbsp;<\/p>\n","protected":false},"excerpt":{"rendered":"<p>La novena de San Francisco domino la Serie de la zona sur al ganar al equipo de Sierra Maestra. Jos\u00e9 Gil Deportes Digital \/Maracaibo: La novena de la Peque\u00f1as Ligas [&hellip;]<\/p>\n","protected":false},"author":1,"featured_media":100580,"comment_status":"open","ping_status":"closed","sticky":false,"template":"","format":"standard","meta":{"footnotes":""},"categories":[2],"tags":[1179,515,991,494,54,632],"class_list":["post-100564","post","type-post","status-publish","format-standard","has-post-thumbnail","hentry","category-beisbol","tag-clasifica","tag-interligas","tag-intermedia","tag-pequenas-ligas","tag-sanfrancisco","tag-semifinal","clearfix"],"yoast_head":"<!-- This site is optimized with the Yoast SEO plugin v27.8 - https:\/\/yoast.com\/product\/yoast-seo-wordpress\/ -->\n<title>PL San Francisco clasifica a la Semifinal Intermedia Zulia - Deportes Digital<\/title>\n<meta name=\"robots\" content=\"index, follow, max-snippet:-1, max-image-preview:large, max-video-preview:-1\" \/>\n<link rel=\"canonical\" href=\"https:\/\/deportesdigital.com.ve\/public\/pl-san-francisco-clasifica-a-la-semifinal-intermedia-zulia\/\" \/>\n<meta property=\"og:locale\" content=\"es_ES\" \/>\n<meta property=\"og:type\" content=\"article\" \/>\n<meta property=\"og:title\" content=\"PL San Francisco clasifica a la Semifinal Intermedia Zulia - Deportes Digital\" \/>\n<meta property=\"og:description\" content=\"La novena de San Francisco domino la Serie de la zona sur al ganar al equipo de Sierra Maestra. Jos\u00e9 Gil Deportes Digital \/Maracaibo: La novena de la Peque\u00f1as Ligas [&hellip;]\" \/>\n<meta property=\"og:url\" content=\"https:\/\/deportesdigital.com.ve\/public\/pl-san-francisco-clasifica-a-la-semifinal-intermedia-zulia\/\" \/>\n<meta property=\"og:site_name\" content=\"Deportes Digital\" \/>\n<meta property=\"article:publisher\" content=\"https:\/\/www.facebook.com\/DeportesDigitalZulia25\" \/>\n<meta property=\"article:published_time\" content=\"2025-01-22T03:56:46+00:00\" \/>\n<meta property=\"og:image\" content=\"https:\/\/deportesdigital.com.ve\/public\/wp-content\/uploads\/2025\/01\/12-1.jpg\" \/>\n\t<meta property=\"og:image:width\" content=\"800\" \/>\n\t<meta property=\"og:image:height\" content=\"579\" \/>\n\t<meta property=\"og:image:type\" content=\"image\/jpeg\" \/>\n<meta name=\"author\" content=\"luisg15\" \/>\n<meta name=\"twitter:card\" content=\"summary_large_image\" \/>\n<meta name=\"twitter:creator\" content=\"@deporteszulia\" \/>\n<meta name=\"twitter:site\" content=\"@deporteszulia\" \/>\n<meta name=\"twitter:label1\" content=\"Escrito por\" \/>\n\t<meta name=\"twitter:data1\" content=\"luisg15\" \/>\n\t<meta name=\"twitter:label2\" content=\"Tiempo de lectura\" \/>\n\t<meta name=\"twitter:data2\" content=\"4 minutos\" \/>\n<script type=\"application\/ld+json\" class=\"yoast-schema-graph\">{\"@context\":\"https:\\\/\\\/schema.org\",\"@graph\":[{\"@type\":\"Article\",\"@id\":\"https:\\\/\\\/deportesdigital.com.ve\\\/public\\\/pl-san-francisco-clasifica-a-la-semifinal-intermedia-zulia\\\/#article\",\"isPartOf\":{\"@id\":\"https:\\\/\\\/deportesdigital.com.ve\\\/public\\\/pl-san-francisco-clasifica-a-la-semifinal-intermedia-zulia\\\/\"},\"author\":{\"name\":\"luisg15\",\"@id\":\"https:\\\/\\\/deportesdigital.com.ve\\\/public\\\/#\\\/schema\\\/person\\\/57d2f23f17d761b1672066d1905e88a0\"},\"headline\":\"PL San Francisco clasifica a la Semifinal Intermedia Zulia\",\"datePublished\":\"2025-01-22T03:56:46+00:00\",\"mainEntityOfPage\":{\"@id\":\"https:\\\/\\\/deportesdigital.com.ve\\\/public\\\/pl-san-francisco-clasifica-a-la-semifinal-intermedia-zulia\\\/\"},\"wordCount\":362,\"commentCount\":0,\"publisher\":{\"@id\":\"https:\\\/\\\/deportesdigital.com.ve\\\/public\\\/#organization\"},\"image\":{\"@id\":\"https:\\\/\\\/deportesdigital.com.ve\\\/public\\\/pl-san-francisco-clasifica-a-la-semifinal-intermedia-zulia\\\/#primaryimage\"},\"thumbnailUrl\":\"https:\\\/\\\/deportesdigital.com.ve\\\/public\\\/wp-content\\\/uploads\\\/2025\\\/01\\\/12-1.jpg\",\"keywords\":[\"clasifica\",\"interligas\",\"intermedia\",\"peque\u00f1as ligas\",\"sanfrancisco\",\"semifinal\"],\"articleSection\":[\"B\u00e9isbol\"],\"inLanguage\":\"es\",\"potentialAction\":[{\"@type\":\"CommentAction\",\"name\":\"Comment\",\"target\":[\"https:\\\/\\\/deportesdigital.com.ve\\\/public\\\/pl-san-francisco-clasifica-a-la-semifinal-intermedia-zulia\\\/#respond\"]}]},{\"@type\":\"WebPage\",\"@id\":\"https:\\\/\\\/deportesdigital.com.ve\\\/public\\\/pl-san-francisco-clasifica-a-la-semifinal-intermedia-zulia\\\/\",\"url\":\"https:\\\/\\\/deportesdigital.com.ve\\\/public\\\/pl-san-francisco-clasifica-a-la-semifinal-intermedia-zulia\\\/\",\"name\":\"PL San Francisco clasifica a la Semifinal Intermedia Zulia - Deportes Digital\",\"isPartOf\":{\"@id\":\"https:\\\/\\\/deportesdigital.com.ve\\\/public\\\/#website\"},\"primaryImageOfPage\":{\"@id\":\"https:\\\/\\\/deportesdigital.com.ve\\\/public\\\/pl-san-francisco-clasifica-a-la-semifinal-intermedia-zulia\\\/#primaryimage\"},\"image\":{\"@id\":\"https:\\\/\\\/deportesdigital.com.ve\\\/public\\\/pl-san-francisco-clasifica-a-la-semifinal-intermedia-zulia\\\/#primaryimage\"},\"thumbnailUrl\":\"https:\\\/\\\/deportesdigital.com.ve\\\/public\\\/wp-content\\\/uploads\\\/2025\\\/01\\\/12-1.jpg\",\"datePublished\":\"2025-01-22T03:56:46+00:00\",\"breadcrumb\":{\"@id\":\"https:\\\/\\\/deportesdigital.com.ve\\\/public\\\/pl-san-francisco-clasifica-a-la-semifinal-intermedia-zulia\\\/#breadcrumb\"},\"inLanguage\":\"es\",\"potentialAction\":[{\"@type\":\"ReadAction\",\"target\":[\"https:\\\/\\\/deportesdigital.com.ve\\\/public\\\/pl-san-francisco-clasifica-a-la-semifinal-intermedia-zulia\\\/\"]}]},{\"@type\":\"ImageObject\",\"inLanguage\":\"es\",\"@id\":\"https:\\\/\\\/deportesdigital.com.ve\\\/public\\\/pl-san-francisco-clasifica-a-la-semifinal-intermedia-zulia\\\/#primaryimage\",\"url\":\"https:\\\/\\\/deportesdigital.com.ve\\\/public\\\/wp-content\\\/uploads\\\/2025\\\/01\\\/12-1.jpg\",\"contentUrl\":\"https:\\\/\\\/deportesdigital.com.ve\\\/public\\\/wp-content\\\/uploads\\\/2025\\\/01\\\/12-1.jpg\",\"width\":800,\"height\":579},{\"@type\":\"BreadcrumbList\",\"@id\":\"https:\\\/\\\/deportesdigital.com.ve\\\/public\\\/pl-san-francisco-clasifica-a-la-semifinal-intermedia-zulia\\\/#breadcrumb\",\"itemListElement\":[{\"@type\":\"ListItem\",\"position\":1,\"name\":\"Portada\",\"item\":\"https:\\\/\\\/deportesdigital.com.ve\\\/public\\\/\"},{\"@type\":\"ListItem\",\"position\":2,\"name\":\"PL San Francisco clasifica a la Semifinal Intermedia Zulia\"}]},{\"@type\":\"WebSite\",\"@id\":\"https:\\\/\\\/deportesdigital.com.ve\\\/public\\\/#website\",\"url\":\"https:\\\/\\\/deportesdigital.com.ve\\\/public\\\/\",\"name\":\"Deportes Digital\",\"description\":\"Solo Deportes\",\"publisher\":{\"@id\":\"https:\\\/\\\/deportesdigital.com.ve\\\/public\\\/#organization\"},\"potentialAction\":[{\"@type\":\"SearchAction\",\"target\":{\"@type\":\"EntryPoint\",\"urlTemplate\":\"https:\\\/\\\/deportesdigital.com.ve\\\/public\\\/?s={search_term_string}\"},\"query-input\":{\"@type\":\"PropertyValueSpecification\",\"valueRequired\":true,\"valueName\":\"search_term_string\"}}],\"inLanguage\":\"es\"},{\"@type\":\"Organization\",\"@id\":\"https:\\\/\\\/deportesdigital.com.ve\\\/public\\\/#organization\",\"name\":\"Deportes Digital\",\"url\":\"https:\\\/\\\/deportesdigital.com.ve\\\/public\\\/\",\"logo\":{\"@type\":\"ImageObject\",\"inLanguage\":\"es\",\"@id\":\"https:\\\/\\\/deportesdigital.com.ve\\\/public\\\/#\\\/schema\\\/logo\\\/image\\\/\",\"url\":\"https:\\\/\\\/i0.wp.com\\\/deportesdigital.com.ve\\\/public\\\/wp-content\\\/uploads\\\/2023\\\/09\\\/1677066431475.png?fit=1032%2C624&ssl=1\",\"contentUrl\":\"https:\\\/\\\/i0.wp.com\\\/deportesdigital.com.ve\\\/public\\\/wp-content\\\/uploads\\\/2023\\\/09\\\/1677066431475.png?fit=1032%2C624&ssl=1\",\"width\":1032,\"height\":624,\"caption\":\"Deportes Digital\"},\"image\":{\"@id\":\"https:\\\/\\\/deportesdigital.com.ve\\\/public\\\/#\\\/schema\\\/logo\\\/image\\\/\"},\"sameAs\":[\"https:\\\/\\\/www.facebook.com\\\/DeportesDigitalZulia25\",\"https:\\\/\\\/x.com\\\/deporteszulia\",\"https:\\\/\\\/www.instagram.com\\\/deportesdigitalzulia\\\/\"]},{\"@type\":\"Person\",\"@id\":\"https:\\\/\\\/deportesdigital.com.ve\\\/public\\\/#\\\/schema\\\/person\\\/57d2f23f17d761b1672066d1905e88a0\",\"name\":\"luisg15\",\"image\":{\"@type\":\"ImageObject\",\"inLanguage\":\"es\",\"@id\":\"https:\\\/\\\/secure.gravatar.com\\\/avatar\\\/4d424b63ebd2800d281b824141af3d97c1332dfdda83d70b2057085925af58a3?s=96&d=mm&r=g\",\"url\":\"https:\\\/\\\/secure.gravatar.com\\\/avatar\\\/4d424b63ebd2800d281b824141af3d97c1332dfdda83d70b2057085925af58a3?s=96&d=mm&r=g\",\"contentUrl\":\"https:\\\/\\\/secure.gravatar.com\\\/avatar\\\/4d424b63ebd2800d281b824141af3d97c1332dfdda83d70b2057085925af58a3?s=96&d=mm&r=g\",\"caption\":\"luisg15\"},\"description\":\"Medio de Comunicaci\u00f3n digital dedicado al deporte menor\",\"sameAs\":[\"https:\\\/\\\/deportesdigital.com.ve\\\/public\"],\"url\":\"https:\\\/\\\/deportesdigital.com.ve\\\/public\\\/author\\\/luisg15\\\/\"}]}<\/script>\n<!-- \/ Yoast SEO plugin. -->","yoast_head_json":{"title":"PL San Francisco clasifica a la Semifinal Intermedia Zulia - Deportes Digital","robots":{"index":"index","follow":"follow","max-snippet":"max-snippet:-1","max-image-preview":"max-image-preview:large","max-video-preview":"max-video-preview:-1"},"canonical":"https:\/\/deportesdigital.com.ve\/public\/pl-san-francisco-clasifica-a-la-semifinal-intermedia-zulia\/","og_locale":"es_ES","og_type":"article","og_title":"PL San Francisco clasifica a la Semifinal Intermedia Zulia - Deportes Digital","og_description":"La novena de San Francisco domino la Serie de la zona sur al ganar al equipo de Sierra Maestra. Jos\u00e9 Gil Deportes Digital \/Maracaibo: La novena de la Peque\u00f1as Ligas [&hellip;]","og_url":"https:\/\/deportesdigital.com.ve\/public\/pl-san-francisco-clasifica-a-la-semifinal-intermedia-zulia\/","og_site_name":"Deportes Digital","article_publisher":"https:\/\/www.facebook.com\/DeportesDigitalZulia25","article_published_time":"2025-01-22T03:56:46+00:00","og_image":[{"width":800,"height":579,"url":"https:\/\/deportesdigital.com.ve\/public\/wp-content\/uploads\/2025\/01\/12-1.jpg","type":"image\/jpeg"}],"author":"luisg15","twitter_card":"summary_large_image","twitter_creator":"@deporteszulia","twitter_site":"@deporteszulia","twitter_misc":{"Escrito por":"luisg15","Tiempo de lectura":"4 minutos"},"schema":{"@context":"https:\/\/schema.org","@graph":[{"@type":"Article","@id":"https:\/\/deportesdigital.com.ve\/public\/pl-san-francisco-clasifica-a-la-semifinal-intermedia-zulia\/#article","isPartOf":{"@id":"https:\/\/deportesdigital.com.ve\/public\/pl-san-francisco-clasifica-a-la-semifinal-intermedia-zulia\/"},"author":{"name":"luisg15","@id":"https:\/\/deportesdigital.com.ve\/public\/#\/schema\/person\/57d2f23f17d761b1672066d1905e88a0"},"headline":"PL San Francisco clasifica a la Semifinal Intermedia Zulia","datePublished":"2025-01-22T03:56:46+00:00","mainEntityOfPage":{"@id":"https:\/\/deportesdigital.com.ve\/public\/pl-san-francisco-clasifica-a-la-semifinal-intermedia-zulia\/"},"wordCount":362,"commentCount":0,"publisher":{"@id":"https:\/\/deportesdigital.com.ve\/public\/#organization"},"image":{"@id":"https:\/\/deportesdigital.com.ve\/public\/pl-san-francisco-clasifica-a-la-semifinal-intermedia-zulia\/#primaryimage"},"thumbnailUrl":"https:\/\/deportesdigital.com.ve\/public\/wp-content\/uploads\/2025\/01\/12-1.jpg","keywords":["clasifica","interligas","intermedia","peque\u00f1as ligas","sanfrancisco","semifinal"],"articleSection":["B\u00e9isbol"],"inLanguage":"es","potentialAction":[{"@type":"CommentAction","name":"Comment","target":["https:\/\/deportesdigital.com.ve\/public\/pl-san-francisco-clasifica-a-la-semifinal-intermedia-zulia\/#respond"]}]},{"@type":"WebPage","@id":"https:\/\/deportesdigital.com.ve\/public\/pl-san-francisco-clasifica-a-la-semifinal-intermedia-zulia\/","url":"https:\/\/deportesdigital.com.ve\/public\/pl-san-francisco-clasifica-a-la-semifinal-intermedia-zulia\/","name":"PL San Francisco clasifica a la Semifinal Intermedia Zulia - Deportes Digital","isPartOf":{"@id":"https:\/\/deportesdigital.com.ve\/public\/#website"},"primaryImageOfPage":{"@id":"https:\/\/deportesdigital.com.ve\/public\/pl-san-francisco-clasifica-a-la-semifinal-intermedia-zulia\/#primaryimage"},"image":{"@id":"https:\/\/deportesdigital.com.ve\/public\/pl-san-francisco-clasifica-a-la-semifinal-intermedia-zulia\/#primaryimage"},"thumbnailUrl":"https:\/\/deportesdigital.com.ve\/public\/wp-content\/uploads\/2025\/01\/12-1.jpg","datePublished":"2025-01-22T03:56:46+00:00","breadcrumb":{"@id":"https:\/\/deportesdigital.com.ve\/public\/pl-san-francisco-clasifica-a-la-semifinal-intermedia-zulia\/#breadcrumb"},"inLanguage":"es","potentialAction":[{"@type":"ReadAction","target":["https:\/\/deportesdigital.com.ve\/public\/pl-san-francisco-clasifica-a-la-semifinal-intermedia-zulia\/"]}]},{"@type":"ImageObject","inLanguage":"es","@id":"https:\/\/deportesdigital.com.ve\/public\/pl-san-francisco-clasifica-a-la-semifinal-intermedia-zulia\/#primaryimage","url":"https:\/\/deportesdigital.com.ve\/public\/wp-content\/uploads\/2025\/01\/12-1.jpg","contentUrl":"https:\/\/deportesdigital.com.ve\/public\/wp-content\/uploads\/2025\/01\/12-1.jpg","width":800,"height":579},{"@type":"BreadcrumbList","@id":"https:\/\/deportesdigital.com.ve\/public\/pl-san-francisco-clasifica-a-la-semifinal-intermedia-zulia\/#breadcrumb","itemListElement":[{"@type":"ListItem","position":1,"name":"Portada","item":"https:\/\/deportesdigital.com.ve\/public\/"},{"@type":"ListItem","position":2,"name":"PL San Francisco clasifica a la Semifinal Intermedia Zulia"}]},{"@type":"WebSite","@id":"https:\/\/deportesdigital.com.ve\/public\/#website","url":"https:\/\/deportesdigital.com.ve\/public\/","name":"Deportes Digital","description":"Solo Deportes","publisher":{"@id":"https:\/\/deportesdigital.com.ve\/public\/#organization"},"potentialAction":[{"@type":"SearchAction","target":{"@type":"EntryPoint","urlTemplate":"https:\/\/deportesdigital.com.ve\/public\/?s={search_term_string}"},"query-input":{"@type":"PropertyValueSpecification","valueRequired":true,"valueName":"search_term_string"}}],"inLanguage":"es"},{"@type":"Organization","@id":"https:\/\/deportesdigital.com.ve\/public\/#organization","name":"Deportes Digital","url":"https:\/\/deportesdigital.com.ve\/public\/","logo":{"@type":"ImageObject","inLanguage":"es","@id":"https:\/\/deportesdigital.com.ve\/public\/#\/schema\/logo\/image\/","url":"https:\/\/i0.wp.com\/deportesdigital.com.ve\/public\/wp-content\/uploads\/2023\/09\/1677066431475.png?fit=1032%2C624&ssl=1","contentUrl":"https:\/\/i0.wp.com\/deportesdigital.com.ve\/public\/wp-content\/uploads\/2023\/09\/1677066431475.png?fit=1032%2C624&ssl=1","width":1032,"height":624,"caption":"Deportes Digital"},"image":{"@id":"https:\/\/deportesdigital.com.ve\/public\/#\/schema\/logo\/image\/"},"sameAs":["https:\/\/www.facebook.com\/DeportesDigitalZulia25","https:\/\/x.com\/deporteszulia","https:\/\/www.instagram.com\/deportesdigitalzulia\/"]},{"@type":"Person","@id":"https:\/\/deportesdigital.com.ve\/public\/#\/schema\/person\/57d2f23f17d761b1672066d1905e88a0","name":"luisg15","image":{"@type":"ImageObject","inLanguage":"es","@id":"https:\/\/secure.gravatar.com\/avatar\/4d424b63ebd2800d281b824141af3d97c1332dfdda83d70b2057085925af58a3?s=96&d=mm&r=g","url":"https:\/\/secure.gravatar.com\/avatar\/4d424b63ebd2800d281b824141af3d97c1332dfdda83d70b2057085925af58a3?s=96&d=mm&r=g","contentUrl":"https:\/\/secure.gravatar.com\/avatar\/4d424b63ebd2800d281b824141af3d97c1332dfdda83d70b2057085925af58a3?s=96&d=mm&r=g","caption":"luisg15"},"description":"Medio de Comunicaci\u00f3n digital dedicado al deporte menor","sameAs":["https:\/\/deportesdigital.com.ve\/public"],"url":"https:\/\/deportesdigital.com.ve\/public\/author\/luisg15\/"}]}},"_links":{"self":[{"href":"https:\/\/deportesdigital.com.ve\/public\/wp-json\/wp\/v2\/posts\/100564","targetHints":{"allow":["GET"]}}],"collection":[{"href":"https:\/\/deportesdigital.com.ve\/public\/wp-json\/wp\/v2\/posts"}],"about":[{"href":"https:\/\/deportesdigital.com.ve\/public\/wp-json\/wp\/v2\/types\/post"}],"author":[{"embeddable":true,"href":"https:\/\/deportesdigital.com.ve\/public\/wp-json\/wp\/v2\/users\/1"}],"replies":[{"embeddable":true,"href":"https:\/\/deportesdigital.com.ve\/public\/wp-json\/wp\/v2\/comments?post=100564"}],"version-history":[{"count":1,"href":"https:\/\/deportesdigital.com.ve\/public\/wp-json\/wp\/v2\/posts\/100564\/revisions"}],"predecessor-version":[{"id":100581,"href":"https:\/\/deportesdigital.com.ve\/public\/wp-json\/wp\/v2\/posts\/100564\/revisions\/100581"}],"wp:featuredmedia":[{"embeddable":true,"href":"https:\/\/deportesdigital.com.ve\/public\/wp-json\/wp\/v2\/media\/100580"}],"wp:attachment":[{"href":"https:\/\/deportesdigital.com.ve\/public\/wp-json\/wp\/v2\/media?parent=100564"}],"wp:term":[{"taxonomy":"category","embeddable":true,"href":"https:\/\/deportesdigital.com.ve\/public\/wp-json\/wp\/v2\/categories?post=100564"},{"taxonomy":"post_tag","embeddable":true,"href":"https:\/\/deportesdigital.com.ve\/public\/wp-json\/wp\/v2\/tags?post=100564"}],"curies":[{"name":"wp","href":"https:\/\/api.w.org\/{rel}","templated":true}]}}