{"id":100515,"date":"2025-01-16T11:00:46","date_gmt":"2025-01-16T15:00:46","guid":{"rendered":"https:\/\/deportesdigital.com.ve\/public\/?p=100515"},"modified":"2025-01-16T11:01:01","modified_gmt":"2025-01-16T15:01:01","slug":"glorias-deportivas-de-san-francisco-realizan-jornada-en-el-municipio-san-francisco","status":"publish","type":"post","link":"https:\/\/deportesdigital.com.ve\/public\/glorias-deportivas-de-san-francisco-realizan-jornada-en-el-municipio-san-francisco\/","title":{"rendered":"Glorias deportivas de San Francisco realizan jornada en el municipio San Francisco"},"content":{"rendered":"<p><strong><em>Las \u00a0Glorias Deportivas Nacionales se prepara para su convenci\u00f3n anual a celebrarse en Cumana.<\/em><\/strong><\/p>\n<hr \/>\n<p><strong><em>Nota de Prensa:<\/em><\/strong> Las Glorias Deportivas del municipio San Francisco realizaron una exitosa jornada de recepci\u00f3n de documentos y fe de vida, con todos sus miembros.<\/p>\n<p>La informaci\u00f3n la di\u00f3 a conocer el licenciado Douglas Urribarri, presidente de la fundaci\u00f3n, quien estuvo acompa\u00f1ado por el directivo Luis Urribarr\u00ed, tambi\u00e9n representante de las glorias deportivas de ese pujante municipio sure\u00f1o, en ocasi\u00f3n de celebrarse la convenci\u00f3n anual para presidentes de glorias deportivas en Venezuela.<\/p>\n<p>Ese acto se llevar\u00e1 a efecto desde el 20 al 24 de enero, en la ciudad de Cuman\u00e1 y ser\u00e1 organizado por Funglodve-Fundaexar.<\/p>\n<p>\u00abPreviamente\u00a0 se hab\u00edan celebrado reuniones en Cabimas y en Maracaibo con las glorias deportivas de Venezuela- sub sede Zulia, cumpliendo y demostrando una excelente organizaci\u00f3n\u00bb, seg\u00fan acot\u00f3 el presidente regional, Douglas Urribarri.<\/p>\n<p><strong><em>Sigue esta y otras\u00a0<\/em><\/strong><a href=\"https:\/\/z-p15.www.instagram.com\/explore\/tags\/noticias\/\"><strong><em>#Noticias<\/em><\/strong><\/a><strong><em>\u00a0ingresando a nuestras plataformas digitales Deportes Digital, en Instagram, Facebook, Twitter, y en nuestros grupos de Whatsapp y Telegram.<\/em><\/strong><\/p>\n<p>&nbsp;<\/p>\n<p>&nbsp;<\/p>\n<p>&nbsp;<\/p>\n","protected":false},"excerpt":{"rendered":"<p>Las \u00a0Glorias Deportivas Nacionales se prepara para su convenci\u00f3n anual a celebrarse en Cumana. Nota de Prensa: Las Glorias Deportivas del municipio San Francisco realizaron una exitosa jornada de recepci\u00f3n [&hellip;]<\/p>\n","protected":false},"author":1,"featured_media":100516,"comment_status":"open","ping_status":"closed","sticky":false,"template":"","format":"standard","meta":{"footnotes":""},"categories":[5],"tags":[2720,1618,54],"class_list":["post-100515","post","type-post","status-publish","format-standard","has-post-thumbnail","hentry","category-otrosdeportes","tag-glorias-deportuvas-delzulia","tag-jornada","tag-sanfrancisco","clearfix"],"_links":{"self":[{"href":"https:\/\/deportesdigital.com.ve\/public\/wp-json\/wp\/v2\/posts\/100515","targetHints":{"allow":["GET"]}}],"collection":[{"href":"https:\/\/deportesdigital.com.ve\/public\/wp-json\/wp\/v2\/posts"}],"about":[{"href":"https:\/\/deportesdigital.com.ve\/public\/wp-json\/wp\/v2\/types\/post"}],"author":[{"embeddable":true,"href":"https:\/\/deportesdigital.com.ve\/public\/wp-json\/wp\/v2\/users\/1"}],"replies":[{"embeddable":true,"href":"https:\/\/deportesdigital.com.ve\/public\/wp-json\/wp\/v2\/comments?post=100515"}],"version-history":[{"count":1,"href":"https:\/\/deportesdigital.com.ve\/public\/wp-json\/wp\/v2\/posts\/100515\/revisions"}],"predecessor-version":[{"id":100517,"href":"https:\/\/deportesdigital.com.ve\/public\/wp-json\/wp\/v2\/posts\/100515\/revisions\/100517"}],"wp:featuredmedia":[{"embeddable":true,"href":"https:\/\/deportesdigital.com.ve\/public\/wp-json\/wp\/v2\/media\/100516"}],"wp:attachment":[{"href":"https:\/\/deportesdigital.com.ve\/public\/wp-json\/wp\/v2\/media?parent=100515"}],"wp:term":[{"taxonomy":"category","embeddable":true,"href":"https:\/\/deportesdigital.com.ve\/public\/wp-json\/wp\/v2\/categories?post=100515"},{"taxonomy":"post_tag","embeddable":true,"href":"https:\/\/deportesdigital.com.ve\/public\/wp-json\/wp\/v2\/tags?post=100515"}],"curies":[{"name":"wp","href":"https:\/\/api.w.org\/{rel}","templated":true}]}}