{"id":100473,"date":"2025-01-14T13:46:39","date_gmt":"2025-01-14T17:46:39","guid":{"rendered":"https:\/\/deportesdigital.com.ve\/public\/?p=100473"},"modified":"2025-01-14T13:46:39","modified_gmt":"2025-01-14T17:46:39","slug":"la-grandeza-del-baloncesto-se-cita-en-la-cantera-de-gaiteros-del-zulia","status":"publish","type":"post","link":"https:\/\/deportesdigital.com.ve\/public\/la-grandeza-del-baloncesto-se-cita-en-la-cantera-de-gaiteros-del-zulia\/","title":{"rendered":"La grandeza del baloncesto se cita en la cantera de Gaiteros del Zulia"},"content":{"rendered":"<p><strong><em>El esfuerzo diario se ve premiado en una nueva etapa de trabajo de nivel, que se inicia culminando cada temporada.<\/em><\/strong><\/p>\n<hr \/>\n<p><strong><em>Jos\u00e9 Gil Deportes Digital\/Maracaibo:<\/em><\/strong> La Cantera de Gaiteros del Zulia, suma una nueva etapa de trabajo despu\u00e9s y antes de cada temporada de la Superliga de Baloncesto, con el prop\u00f3sito formar jugadores que lleguen a ser parte del baloncesto nacional e internacional.<\/p>\n<p>La magia de este deporte, se desprende por todos sus integrantes, jugadores \u00a0miembros del cuerpo t\u00e9cnico, directiva de Gaiteros del Zulia, teniendo como meta ayudar a la formaci\u00f3n profesional del basquetero zuliano.<\/p>\n<p>Con tres a\u00f1os de creaci\u00f3n la cantera viene pisando fuerte creciendo teniendo en plantilla 20 talentos dirigidos por el entrenador Nemecio Ant\u00fanez y la gerencia de Carlos Subero.<\/p>\n<p>Nemecio Ant\u00fanez, entrenador de la cantera inform\u00f3, Inform\u00f3 que la cantera tiene 3 a\u00f1os de trabajo desde 2021 que tiene como meta la formaci\u00f3n de los j\u00f3venes talentos con miras a jugar en el equipo grande de Gaitero del Zulia como en la Superliga Profesional.<\/p>\n<p><a href=\"https:\/\/deportesdigital.com.ve\/public\/wp-content\/uploads\/2025\/01\/2.jpg\"><img loading=\"lazy\" decoding=\"async\" class=\"size-full wp-image-100475 aligncenter\" src=\"https:\/\/deportesdigital.com.ve\/public\/wp-content\/uploads\/2025\/01\/2.jpg\" alt=\"\" width=\"800\" height=\"451\" srcset=\"https:\/\/deportesdigital.com.ve\/public\/wp-content\/uploads\/2025\/01\/2.jpg 800w, https:\/\/deportesdigital.com.ve\/public\/wp-content\/uploads\/2025\/01\/2-300x169.jpg 300w, https:\/\/deportesdigital.com.ve\/public\/wp-content\/uploads\/2025\/01\/2-768x433.jpg 768w, https:\/\/deportesdigital.com.ve\/public\/wp-content\/uploads\/2025\/01\/2-730x412.jpg 730w, https:\/\/deportesdigital.com.ve\/public\/wp-content\/uploads\/2025\/01\/2-435x245.jpg 435w\" sizes=\"auto, (max-width: 800px) 100vw, 800px\" \/><\/a><\/p>\n<p>Indic\u00f3 que desde 2021 canteras nace bajo ese proyecto gracias a la directiva de Gaiteros del Zulia liderada por Omar Barrios presidente del club y de la junta directiva, qui\u00e9n les ha brindado una oportunidad a los j\u00f3venes talentos zulianos para que se les cumpla el sue\u00f1o de llegar hasta el baloncesto profesional a nivel nacional e internacional.<\/p>\n<p>Por su parte Carlos Subero gerente de Cantera, indic\u00f3 que este proyecto tiene ese pilar fundamental de desarrollar al basquetbolista zuliano a nivel profesional explicando que desde su llegada al tabloncillo empieza una serie de trabajo con los j\u00f3venes talentos que va desde el idioma hasta el contacto con los jugadores.<\/p>\n<p>Se\u00f1alando que los j\u00f3venes talentos tienen la oportunidad de compartir con el equipo grande en una serie de entrenamientos y trabajos donde ellos adquieren la experiencia y los conocimientos gracias a la labor el trabajo de los jugadores profesionales del equipo de Gaiteros del Zulia. Siendo de gran ayuda para estos muchachos que inician su camino en el baloncesto profesional.<\/p>\n<p><a href=\"https:\/\/deportesdigital.com.ve\/public\/wp-content\/uploads\/2025\/01\/3.jpg\"><img loading=\"lazy\" decoding=\"async\" class=\"size-full wp-image-100476 aligncenter\" src=\"https:\/\/deportesdigital.com.ve\/public\/wp-content\/uploads\/2025\/01\/3.jpg\" alt=\"\" width=\"800\" height=\"712\" srcset=\"https:\/\/deportesdigital.com.ve\/public\/wp-content\/uploads\/2025\/01\/3.jpg 800w, https:\/\/deportesdigital.com.ve\/public\/wp-content\/uploads\/2025\/01\/3-300x267.jpg 300w, https:\/\/deportesdigital.com.ve\/public\/wp-content\/uploads\/2025\/01\/3-768x684.jpg 768w, https:\/\/deportesdigital.com.ve\/public\/wp-content\/uploads\/2025\/01\/3-730x650.jpg 730w, https:\/\/deportesdigital.com.ve\/public\/wp-content\/uploads\/2025\/01\/3-435x387.jpg 435w\" sizes=\"auto, (max-width: 800px) 100vw, 800px\" \/><\/a><\/p>\n<p>Aseguro que es una herramienta muy importante ya que el jugador cuando llega a un equipo a nivel profesional no se encuentra tan perdido en la cancha sino que no ya tiene conocimiento de c\u00f3mo puede trabajar dentro y fuera de ella.<\/p>\n<p><a href=\"https:\/\/deportesdigital.com.ve\/public\/wp-content\/uploads\/2025\/01\/4.jpg\"><img loading=\"lazy\" decoding=\"async\" class=\"size-full wp-image-100477 aligncenter\" src=\"https:\/\/deportesdigital.com.ve\/public\/wp-content\/uploads\/2025\/01\/4.jpg\" alt=\"\" width=\"800\" height=\"806\" srcset=\"https:\/\/deportesdigital.com.ve\/public\/wp-content\/uploads\/2025\/01\/4.jpg 800w, https:\/\/deportesdigital.com.ve\/public\/wp-content\/uploads\/2025\/01\/4-298x300.jpg 298w, https:\/\/deportesdigital.com.ve\/public\/wp-content\/uploads\/2025\/01\/4-150x150.jpg 150w, https:\/\/deportesdigital.com.ve\/public\/wp-content\/uploads\/2025\/01\/4-768x774.jpg 768w, https:\/\/deportesdigital.com.ve\/public\/wp-content\/uploads\/2025\/01\/4-730x735.jpg 730w, https:\/\/deportesdigital.com.ve\/public\/wp-content\/uploads\/2025\/01\/4-435x438.jpg 435w\" sizes=\"auto, (max-width: 800px) 100vw, 800px\" \/><\/a><\/p>\n<p>Entre los proyectos que tiene cantera a nivel de formaci\u00f3n y trabajo por el baloncesto zuliano es tener ese contacto con las distintas escuelas de baloncesto entrenadores padres y representantes para la formaci\u00f3n de los muchachos ya que la mayor\u00eda cuando llegan a la etapa juvenil se pierde ese talento no logrando llegar a su formaci\u00f3n.<\/p>\n<p><a href=\"https:\/\/deportesdigital.com.ve\/public\/wp-content\/uploads\/2025\/01\/1.jpg\"><img loading=\"lazy\" decoding=\"async\" class=\"size-full wp-image-100474 aligncenter\" src=\"https:\/\/deportesdigital.com.ve\/public\/wp-content\/uploads\/2025\/01\/1.jpg\" alt=\"\" width=\"800\" height=\"565\" srcset=\"https:\/\/deportesdigital.com.ve\/public\/wp-content\/uploads\/2025\/01\/1.jpg 800w, https:\/\/deportesdigital.com.ve\/public\/wp-content\/uploads\/2025\/01\/1-300x212.jpg 300w, https:\/\/deportesdigital.com.ve\/public\/wp-content\/uploads\/2025\/01\/1-768x542.jpg 768w, https:\/\/deportesdigital.com.ve\/public\/wp-content\/uploads\/2025\/01\/1-730x516.jpg 730w, https:\/\/deportesdigital.com.ve\/public\/wp-content\/uploads\/2025\/01\/1-435x307.jpg 435w\" sizes=\"auto, (max-width: 800px) 100vw, 800px\" \/><\/a><\/p>\n<p>Una parte muy importante que tiene cantera es la calidad de estudio de los muchachos asegurando que los j\u00f3venes tienen que estudiar y practicar la disciplina para asegurar un futuro a largo plazo entre el proyecto est\u00e1 de formar la liga de baloncesto a nivel juvenil donde sea una vitrina para el talento no nada m\u00e1s zuliano sino a nivel nacional siendo una herramienta que servir\u00eda para ser parte de ese proyecto a nivel de equipo profesionales sino tambi\u00e9n a nivel de selecciones.<\/p>\n<p>En la parte de formaci\u00f3n tambi\u00e9n asegur\u00f3 que se realizaran un trabajo conjunto con algunas escuelas y entrenadores donde ser\u00e1n invitados a una serie de talleres para la actualizaci\u00f3n de conocimiento y avance de la nueva era del baloncesto y donde podr\u00e1n ser parte del cuerpo t\u00e9cnico de gaitero y as\u00ed poder\u00a0 compartir esa experiencia para que sean multiplicadores de ese gran trabajo que se hace a nivel profesional.<\/p>\n<p><strong><em>Sigue esta y otras\u00a0<\/em><\/strong><a href=\"https:\/\/z-p15.www.instagram.com\/explore\/tags\/noticias\/\"><strong><em>#Noticias<\/em><\/strong><\/a><strong><em>\u00a0ingresando a nuestras plataformas digitales Deportes Digital, en Instagram, Facebook, Twitter, y en nuestros grupos de Whatsapp y Telegram.<\/em><\/strong><\/p>\n","protected":false},"excerpt":{"rendered":"<p>El esfuerzo diario se ve premiado en una nueva etapa de trabajo de nivel, que se inicia culminando cada temporada. Jos\u00e9 Gil Deportes Digital\/Maracaibo: La Cantera de Gaiteros del Zulia, [&hellip;]<\/p>\n","protected":false},"author":1,"featured_media":100479,"comment_status":"open","ping_status":"closed","sticky":false,"template":"","format":"standard","meta":{"footnotes":""},"categories":[4],"tags":[41,3448,93,38],"class_list":["post-100473","post","type-post","status-publish","format-standard","has-post-thumbnail","hentry","category-baloncesto","tag-baloncesto","tag-cantera","tag-gaiteros","tag-zulia","clearfix"],"_links":{"self":[{"href":"https:\/\/deportesdigital.com.ve\/public\/wp-json\/wp\/v2\/posts\/100473","targetHints":{"allow":["GET"]}}],"collection":[{"href":"https:\/\/deportesdigital.com.ve\/public\/wp-json\/wp\/v2\/posts"}],"about":[{"href":"https:\/\/deportesdigital.com.ve\/public\/wp-json\/wp\/v2\/types\/post"}],"author":[{"embeddable":true,"href":"https:\/\/deportesdigital.com.ve\/public\/wp-json\/wp\/v2\/users\/1"}],"replies":[{"embeddable":true,"href":"https:\/\/deportesdigital.com.ve\/public\/wp-json\/wp\/v2\/comments?post=100473"}],"version-history":[{"count":1,"href":"https:\/\/deportesdigital.com.ve\/public\/wp-json\/wp\/v2\/posts\/100473\/revisions"}],"predecessor-version":[{"id":100480,"href":"https:\/\/deportesdigital.com.ve\/public\/wp-json\/wp\/v2\/posts\/100473\/revisions\/100480"}],"wp:featuredmedia":[{"embeddable":true,"href":"https:\/\/deportesdigital.com.ve\/public\/wp-json\/wp\/v2\/media\/100479"}],"wp:attachment":[{"href":"https:\/\/deportesdigital.com.ve\/public\/wp-json\/wp\/v2\/media?parent=100473"}],"wp:term":[{"taxonomy":"category","embeddable":true,"href":"https:\/\/deportesdigital.com.ve\/public\/wp-json\/wp\/v2\/categories?post=100473"},{"taxonomy":"post_tag","embeddable":true,"href":"https:\/\/deportesdigital.com.ve\/public\/wp-json\/wp\/v2\/tags?post=100473"}],"curies":[{"name":"wp","href":"https:\/\/api.w.org\/{rel}","templated":true}]}}