{"id":100462,"date":"2025-01-13T22:52:14","date_gmt":"2025-01-14T02:52:14","guid":{"rendered":"https:\/\/deportesdigital.com.ve\/public\/?p=100462"},"modified":"2025-01-13T22:52:14","modified_gmt":"2025-01-14T02:52:14","slug":"nacional-de-especialidades-abre-el-calendario-del-atletismo-en-venezuela","status":"publish","type":"post","link":"https:\/\/deportesdigital.com.ve\/public\/nacional-de-especialidades-abre-el-calendario-del-atletismo-en-venezuela\/","title":{"rendered":"Nacional de Especialidades abre el calendario del atletismo en Venezuela"},"content":{"rendered":"<p><strong><em>La Asociaci\u00f3n Zuliana de Atletismo, realizara su Campeonato Apertura el 8 de febrero en la pista Elsa Ant\u00fanez de LUZ.<\/em><\/strong><\/p>\n<hr \/>\n<p><strong><em>Jos\u00e9 Gil Deportes Digital\/Maracaibo:<\/em><\/strong> El atletismo zuliano dir\u00e1 presente en el Campeonato Nacional de Especialidades, competencia que abrir\u00e1 e calendario oficial de la Federaci\u00f3n Venezolana de Atletismo, que se realizara de 23 al 25 enero en la pista M\u00e1ximo Viloria de Barquisimeto.<\/p>\n<p>La competencia que se realizara en las categor\u00edas Sub 20 y Mayores, selectivo a conformar la selecci\u00f3n nacional a competencias internacionales.<\/p>\n<p>Jhonny Almarza, secretario general de Asociaci\u00f3n Zuliana de Atletismo, informo, que el atletismo zuliano asistir\u00e1 con un grupo atletas, indic\u00f3 que la asociaci\u00f3n realizara su Campeonato Apertura el 8 de febrero en la pista Elsa Ant\u00fanez de LUZ.<\/p>\n<p><strong><em>Sigue esta y otras\u00a0<\/em><\/strong><a href=\"https:\/\/z-p15.www.instagram.com\/explore\/tags\/noticias\/\"><strong><em>#Noticias<\/em><\/strong><\/a><strong><em>\u00a0ingresando a nuestras plataformas digitales Deportes Digital, en Instagram, Facebook, Twitter, y en nuestros grupos de Whatsapp y Telegram.<\/em><\/strong><\/p>\n<p>&nbsp;<\/p>\n","protected":false},"excerpt":{"rendered":"<p>La Asociaci\u00f3n Zuliana de Atletismo, realizara su Campeonato Apertura el 8 de febrero en la pista Elsa Ant\u00fanez de LUZ. Jos\u00e9 Gil Deportes Digital\/Maracaibo: El atletismo zuliano dir\u00e1 presente en [&hellip;]<\/p>\n","protected":false},"author":1,"featured_media":100463,"comment_status":"open","ping_status":"closed","sticky":false,"template":"","format":"standard","meta":{"footnotes":""},"categories":[30],"tags":[50,40,38],"class_list":["post-100462","post","type-post","status-publish","format-standard","has-post-thumbnail","hentry","category-atletismo","tag-atletismo","tag-nacional","tag-zulia","clearfix"],"_links":{"self":[{"href":"https:\/\/deportesdigital.com.ve\/public\/wp-json\/wp\/v2\/posts\/100462","targetHints":{"allow":["GET"]}}],"collection":[{"href":"https:\/\/deportesdigital.com.ve\/public\/wp-json\/wp\/v2\/posts"}],"about":[{"href":"https:\/\/deportesdigital.com.ve\/public\/wp-json\/wp\/v2\/types\/post"}],"author":[{"embeddable":true,"href":"https:\/\/deportesdigital.com.ve\/public\/wp-json\/wp\/v2\/users\/1"}],"replies":[{"embeddable":true,"href":"https:\/\/deportesdigital.com.ve\/public\/wp-json\/wp\/v2\/comments?post=100462"}],"version-history":[{"count":1,"href":"https:\/\/deportesdigital.com.ve\/public\/wp-json\/wp\/v2\/posts\/100462\/revisions"}],"predecessor-version":[{"id":100464,"href":"https:\/\/deportesdigital.com.ve\/public\/wp-json\/wp\/v2\/posts\/100462\/revisions\/100464"}],"wp:featuredmedia":[{"embeddable":true,"href":"https:\/\/deportesdigital.com.ve\/public\/wp-json\/wp\/v2\/media\/100463"}],"wp:attachment":[{"href":"https:\/\/deportesdigital.com.ve\/public\/wp-json\/wp\/v2\/media?parent=100462"}],"wp:term":[{"taxonomy":"category","embeddable":true,"href":"https:\/\/deportesdigital.com.ve\/public\/wp-json\/wp\/v2\/categories?post=100462"},{"taxonomy":"post_tag","embeddable":true,"href":"https:\/\/deportesdigital.com.ve\/public\/wp-json\/wp\/v2\/tags?post=100462"}],"curies":[{"name":"wp","href":"https:\/\/api.w.org\/{rel}","templated":true}]}}