{"id":100105,"date":"2024-12-13T12:42:43","date_gmt":"2024-12-13T16:42:43","guid":{"rendered":"https:\/\/deportesdigital.com.ve\/public\/?p=100105"},"modified":"2024-12-13T12:42:43","modified_gmt":"2024-12-13T16:42:43","slug":"pequenas-ligas-sierra-maestra-develara-mural-en-honor-al-grandes-ligas-wilyer-abreu","status":"publish","type":"post","link":"https:\/\/deportesdigital.com.ve\/public\/pequenas-ligas-sierra-maestra-develara-mural-en-honor-al-grandes-ligas-wilyer-abreu\/","title":{"rendered":"Peque\u00f1as Ligas Sierra Maestra develara mural en honor al Grandes Ligas Wilyer Abreu"},"content":{"rendered":"<p><strong><em>La cuna de ense\u00f1anza del pelotero zuliano rendir\u00e1 el merecido homenaje por todos los logros alcanzados en las Grandes Ligas.<\/em><\/strong><\/p>\n<hr \/>\n<p><strong><em>Jos\u00e9 Gil Deportes Digital\/Maracaibo:<\/em><\/strong> La casa donde se inicio como pelotero la Peque\u00f1as Ligas Sierra Maestra, rendir\u00e1 un mercedo homenaje a unos de sus hijos el Grandes Ligas Wilyer Abreu, el encuentro se iniciara ala 10 de la ma\u00f1ana con desvelamiento del mural en su nombre en el estadio Jos\u00e9 \u201cPapuche\u201d D\u00edaz de Sierra Maestra.<\/p>\n<p>Yulibeth Atencio, presidenta de la Peque\u00f1as Ligas Sierra Maestra, inform\u00f3 que es un honor rendirle este merecido homenaje a uno de nuestro pelotero que ha logrado el \u00e9xito en el b\u00e9isbol profesional.<\/p>\n<p>Estamos muy complacido ya que nuestro ni\u00f1os lo ven como un buen ejemplo de disciplina y valores.<\/p>\n<p>Aseguro, Wilyer desde que est\u00e1 en el mudo del beisbol profesional no ha olvidado su casa donde dio sus primeros batazos.<\/p>\n<p>Wilyer Abreu\u00a0se convirti\u00f3 en agosto del \u00a02023 en el noveno venezolano en debutar en las Grandes Ligas con el uniforme de los Medias Rojas de Boston.<\/p>\n<p><strong><em>Sigue esta y otras\u00a0<\/em><\/strong><a href=\"https:\/\/z-p15.www.instagram.com\/explore\/tags\/noticias\/\"><strong><em>#Noticias<\/em><\/strong><\/a><strong><em>\u00a0ingresando a nuestras plataformas digitales Deportes Digital, en Instagram, Facebook, Twitter, y en nuestros grupos de Whatsapp y Telegram.<\/em><\/strong><\/p>\n<p>&nbsp;<\/p>\n","protected":false},"excerpt":{"rendered":"<p>La cuna de ense\u00f1anza del pelotero zuliano rendir\u00e1 el merecido homenaje por todos los logros alcanzados en las Grandes Ligas. Jos\u00e9 Gil Deportes Digital\/Maracaibo: La casa donde se inicio como [&hellip;]<\/p>\n","protected":false},"author":1,"featured_media":100106,"comment_status":"open","ping_status":"closed","sticky":false,"template":"","format":"standard","meta":{"footnotes":""},"categories":[2],"tags":[404,527,2604,1685],"class_list":["post-100105","post","type-post","status-publish","format-standard","has-post-thumbnail","hentry","category-beisbol","tag-homenaje","tag-pequenasligas","tag-sierra-maestra","tag-wilyerabreu","clearfix"],"yoast_head":"<!-- This site is optimized with the Yoast SEO plugin v27.8 - https:\/\/yoast.com\/product\/yoast-seo-wordpress\/ -->\n<title>Peque\u00f1as Ligas Sierra Maestra develara mural en honor al Grandes Ligas Wilyer Abreu - Deportes Digital<\/title>\n<meta name=\"robots\" content=\"index, follow, max-snippet:-1, max-image-preview:large, max-video-preview:-1\" \/>\n<link rel=\"canonical\" href=\"https:\/\/deportesdigital.com.ve\/public\/pequenas-ligas-sierra-maestra-develara-mural-en-honor-al-grandes-ligas-wilyer-abreu\/\" \/>\n<meta property=\"og:locale\" content=\"es_ES\" \/>\n<meta property=\"og:type\" content=\"article\" \/>\n<meta property=\"og:title\" content=\"Peque\u00f1as Ligas Sierra Maestra develara mural en honor al Grandes Ligas Wilyer Abreu - Deportes Digital\" \/>\n<meta property=\"og:description\" content=\"La cuna de ense\u00f1anza del pelotero zuliano rendir\u00e1 el merecido homenaje por todos los logros alcanzados en las Grandes Ligas. Jos\u00e9 Gil Deportes Digital\/Maracaibo: La casa donde se inicio como [&hellip;]\" \/>\n<meta property=\"og:url\" content=\"https:\/\/deportesdigital.com.ve\/public\/pequenas-ligas-sierra-maestra-develara-mural-en-honor-al-grandes-ligas-wilyer-abreu\/\" \/>\n<meta property=\"og:site_name\" content=\"Deportes Digital\" \/>\n<meta property=\"article:publisher\" content=\"https:\/\/www.facebook.com\/DeportesDigitalZulia25\" \/>\n<meta property=\"article:published_time\" content=\"2024-12-13T16:42:43+00:00\" \/>\n<meta property=\"og:image\" content=\"https:\/\/deportesdigital.com.ve\/public\/wp-content\/uploads\/2024\/12\/Imagen1.jpg\" \/>\n\t<meta property=\"og:image:width\" content=\"841\" \/>\n\t<meta property=\"og:image:height\" content=\"929\" \/>\n\t<meta property=\"og:image:type\" content=\"image\/jpeg\" \/>\n<meta name=\"author\" content=\"luisg15\" \/>\n<meta name=\"twitter:card\" content=\"summary_large_image\" \/>\n<meta name=\"twitter:creator\" content=\"@deporteszulia\" \/>\n<meta name=\"twitter:site\" content=\"@deporteszulia\" \/>\n<meta name=\"twitter:label1\" content=\"Escrito por\" \/>\n\t<meta name=\"twitter:data1\" content=\"luisg15\" \/>\n\t<meta name=\"twitter:label2\" content=\"Tiempo de lectura\" \/>\n\t<meta name=\"twitter:data2\" content=\"2 minutos\" \/>\n<script type=\"application\/ld+json\" class=\"yoast-schema-graph\">{\"@context\":\"https:\\\/\\\/schema.org\",\"@graph\":[{\"@type\":\"Article\",\"@id\":\"https:\\\/\\\/deportesdigital.com.ve\\\/public\\\/pequenas-ligas-sierra-maestra-develara-mural-en-honor-al-grandes-ligas-wilyer-abreu\\\/#article\",\"isPartOf\":{\"@id\":\"https:\\\/\\\/deportesdigital.com.ve\\\/public\\\/pequenas-ligas-sierra-maestra-develara-mural-en-honor-al-grandes-ligas-wilyer-abreu\\\/\"},\"author\":{\"name\":\"luisg15\",\"@id\":\"https:\\\/\\\/deportesdigital.com.ve\\\/public\\\/#\\\/schema\\\/person\\\/57d2f23f17d761b1672066d1905e88a0\"},\"headline\":\"Peque\u00f1as Ligas Sierra Maestra develara mural en honor al Grandes Ligas Wilyer Abreu\",\"datePublished\":\"2024-12-13T16:42:43+00:00\",\"mainEntityOfPage\":{\"@id\":\"https:\\\/\\\/deportesdigital.com.ve\\\/public\\\/pequenas-ligas-sierra-maestra-develara-mural-en-honor-al-grandes-ligas-wilyer-abreu\\\/\"},\"wordCount\":217,\"commentCount\":0,\"publisher\":{\"@id\":\"https:\\\/\\\/deportesdigital.com.ve\\\/public\\\/#organization\"},\"image\":{\"@id\":\"https:\\\/\\\/deportesdigital.com.ve\\\/public\\\/pequenas-ligas-sierra-maestra-develara-mural-en-honor-al-grandes-ligas-wilyer-abreu\\\/#primaryimage\"},\"thumbnailUrl\":\"https:\\\/\\\/deportesdigital.com.ve\\\/public\\\/wp-content\\\/uploads\\\/2024\\\/12\\\/Imagen1.jpg\",\"keywords\":[\"homenaje\",\"peque\u00f1asligas\",\"sierra maestra\",\"wilyerabreu\"],\"articleSection\":[\"B\u00e9isbol\"],\"inLanguage\":\"es\",\"potentialAction\":[{\"@type\":\"CommentAction\",\"name\":\"Comment\",\"target\":[\"https:\\\/\\\/deportesdigital.com.ve\\\/public\\\/pequenas-ligas-sierra-maestra-develara-mural-en-honor-al-grandes-ligas-wilyer-abreu\\\/#respond\"]}]},{\"@type\":\"WebPage\",\"@id\":\"https:\\\/\\\/deportesdigital.com.ve\\\/public\\\/pequenas-ligas-sierra-maestra-develara-mural-en-honor-al-grandes-ligas-wilyer-abreu\\\/\",\"url\":\"https:\\\/\\\/deportesdigital.com.ve\\\/public\\\/pequenas-ligas-sierra-maestra-develara-mural-en-honor-al-grandes-ligas-wilyer-abreu\\\/\",\"name\":\"Peque\u00f1as Ligas Sierra Maestra develara mural en honor al Grandes Ligas Wilyer Abreu - Deportes Digital\",\"isPartOf\":{\"@id\":\"https:\\\/\\\/deportesdigital.com.ve\\\/public\\\/#website\"},\"primaryImageOfPage\":{\"@id\":\"https:\\\/\\\/deportesdigital.com.ve\\\/public\\\/pequenas-ligas-sierra-maestra-develara-mural-en-honor-al-grandes-ligas-wilyer-abreu\\\/#primaryimage\"},\"image\":{\"@id\":\"https:\\\/\\\/deportesdigital.com.ve\\\/public\\\/pequenas-ligas-sierra-maestra-develara-mural-en-honor-al-grandes-ligas-wilyer-abreu\\\/#primaryimage\"},\"thumbnailUrl\":\"https:\\\/\\\/deportesdigital.com.ve\\\/public\\\/wp-content\\\/uploads\\\/2024\\\/12\\\/Imagen1.jpg\",\"datePublished\":\"2024-12-13T16:42:43+00:00\",\"breadcrumb\":{\"@id\":\"https:\\\/\\\/deportesdigital.com.ve\\\/public\\\/pequenas-ligas-sierra-maestra-develara-mural-en-honor-al-grandes-ligas-wilyer-abreu\\\/#breadcrumb\"},\"inLanguage\":\"es\",\"potentialAction\":[{\"@type\":\"ReadAction\",\"target\":[\"https:\\\/\\\/deportesdigital.com.ve\\\/public\\\/pequenas-ligas-sierra-maestra-develara-mural-en-honor-al-grandes-ligas-wilyer-abreu\\\/\"]}]},{\"@type\":\"ImageObject\",\"inLanguage\":\"es\",\"@id\":\"https:\\\/\\\/deportesdigital.com.ve\\\/public\\\/pequenas-ligas-sierra-maestra-develara-mural-en-honor-al-grandes-ligas-wilyer-abreu\\\/#primaryimage\",\"url\":\"https:\\\/\\\/deportesdigital.com.ve\\\/public\\\/wp-content\\\/uploads\\\/2024\\\/12\\\/Imagen1.jpg\",\"contentUrl\":\"https:\\\/\\\/deportesdigital.com.ve\\\/public\\\/wp-content\\\/uploads\\\/2024\\\/12\\\/Imagen1.jpg\",\"width\":841,\"height\":929},{\"@type\":\"BreadcrumbList\",\"@id\":\"https:\\\/\\\/deportesdigital.com.ve\\\/public\\\/pequenas-ligas-sierra-maestra-develara-mural-en-honor-al-grandes-ligas-wilyer-abreu\\\/#breadcrumb\",\"itemListElement\":[{\"@type\":\"ListItem\",\"position\":1,\"name\":\"Portada\",\"item\":\"https:\\\/\\\/deportesdigital.com.ve\\\/public\\\/\"},{\"@type\":\"ListItem\",\"position\":2,\"name\":\"Peque\u00f1as Ligas Sierra Maestra develara mural en honor al Grandes Ligas Wilyer Abreu\"}]},{\"@type\":\"WebSite\",\"@id\":\"https:\\\/\\\/deportesdigital.com.ve\\\/public\\\/#website\",\"url\":\"https:\\\/\\\/deportesdigital.com.ve\\\/public\\\/\",\"name\":\"Deportes Digital\",\"description\":\"Solo Deportes\",\"publisher\":{\"@id\":\"https:\\\/\\\/deportesdigital.com.ve\\\/public\\\/#organization\"},\"potentialAction\":[{\"@type\":\"SearchAction\",\"target\":{\"@type\":\"EntryPoint\",\"urlTemplate\":\"https:\\\/\\\/deportesdigital.com.ve\\\/public\\\/?s={search_term_string}\"},\"query-input\":{\"@type\":\"PropertyValueSpecification\",\"valueRequired\":true,\"valueName\":\"search_term_string\"}}],\"inLanguage\":\"es\"},{\"@type\":\"Organization\",\"@id\":\"https:\\\/\\\/deportesdigital.com.ve\\\/public\\\/#organization\",\"name\":\"Deportes Digital\",\"url\":\"https:\\\/\\\/deportesdigital.com.ve\\\/public\\\/\",\"logo\":{\"@type\":\"ImageObject\",\"inLanguage\":\"es\",\"@id\":\"https:\\\/\\\/deportesdigital.com.ve\\\/public\\\/#\\\/schema\\\/logo\\\/image\\\/\",\"url\":\"https:\\\/\\\/i0.wp.com\\\/deportesdigital.com.ve\\\/public\\\/wp-content\\\/uploads\\\/2023\\\/09\\\/1677066431475.png?fit=1032%2C624&ssl=1\",\"contentUrl\":\"https:\\\/\\\/i0.wp.com\\\/deportesdigital.com.ve\\\/public\\\/wp-content\\\/uploads\\\/2023\\\/09\\\/1677066431475.png?fit=1032%2C624&ssl=1\",\"width\":1032,\"height\":624,\"caption\":\"Deportes Digital\"},\"image\":{\"@id\":\"https:\\\/\\\/deportesdigital.com.ve\\\/public\\\/#\\\/schema\\\/logo\\\/image\\\/\"},\"sameAs\":[\"https:\\\/\\\/www.facebook.com\\\/DeportesDigitalZulia25\",\"https:\\\/\\\/x.com\\\/deporteszulia\",\"https:\\\/\\\/www.instagram.com\\\/deportesdigitalzulia\\\/\"]},{\"@type\":\"Person\",\"@id\":\"https:\\\/\\\/deportesdigital.com.ve\\\/public\\\/#\\\/schema\\\/person\\\/57d2f23f17d761b1672066d1905e88a0\",\"name\":\"luisg15\",\"image\":{\"@type\":\"ImageObject\",\"inLanguage\":\"es\",\"@id\":\"https:\\\/\\\/secure.gravatar.com\\\/avatar\\\/4d424b63ebd2800d281b824141af3d97c1332dfdda83d70b2057085925af58a3?s=96&d=mm&r=g\",\"url\":\"https:\\\/\\\/secure.gravatar.com\\\/avatar\\\/4d424b63ebd2800d281b824141af3d97c1332dfdda83d70b2057085925af58a3?s=96&d=mm&r=g\",\"contentUrl\":\"https:\\\/\\\/secure.gravatar.com\\\/avatar\\\/4d424b63ebd2800d281b824141af3d97c1332dfdda83d70b2057085925af58a3?s=96&d=mm&r=g\",\"caption\":\"luisg15\"},\"description\":\"Medio de Comunicaci\u00f3n digital dedicado al deporte menor\",\"sameAs\":[\"https:\\\/\\\/deportesdigital.com.ve\\\/public\"],\"url\":\"https:\\\/\\\/deportesdigital.com.ve\\\/public\\\/author\\\/luisg15\\\/\"}]}<\/script>\n<!-- \/ Yoast SEO plugin. -->","yoast_head_json":{"title":"Peque\u00f1as Ligas Sierra Maestra develara mural en honor al Grandes Ligas Wilyer Abreu - Deportes Digital","robots":{"index":"index","follow":"follow","max-snippet":"max-snippet:-1","max-image-preview":"max-image-preview:large","max-video-preview":"max-video-preview:-1"},"canonical":"https:\/\/deportesdigital.com.ve\/public\/pequenas-ligas-sierra-maestra-develara-mural-en-honor-al-grandes-ligas-wilyer-abreu\/","og_locale":"es_ES","og_type":"article","og_title":"Peque\u00f1as Ligas Sierra Maestra develara mural en honor al Grandes Ligas Wilyer Abreu - Deportes Digital","og_description":"La cuna de ense\u00f1anza del pelotero zuliano rendir\u00e1 el merecido homenaje por todos los logros alcanzados en las Grandes Ligas. Jos\u00e9 Gil Deportes Digital\/Maracaibo: La casa donde se inicio como [&hellip;]","og_url":"https:\/\/deportesdigital.com.ve\/public\/pequenas-ligas-sierra-maestra-develara-mural-en-honor-al-grandes-ligas-wilyer-abreu\/","og_site_name":"Deportes Digital","article_publisher":"https:\/\/www.facebook.com\/DeportesDigitalZulia25","article_published_time":"2024-12-13T16:42:43+00:00","og_image":[{"width":841,"height":929,"url":"https:\/\/deportesdigital.com.ve\/public\/wp-content\/uploads\/2024\/12\/Imagen1.jpg","type":"image\/jpeg"}],"author":"luisg15","twitter_card":"summary_large_image","twitter_creator":"@deporteszulia","twitter_site":"@deporteszulia","twitter_misc":{"Escrito por":"luisg15","Tiempo de lectura":"2 minutos"},"schema":{"@context":"https:\/\/schema.org","@graph":[{"@type":"Article","@id":"https:\/\/deportesdigital.com.ve\/public\/pequenas-ligas-sierra-maestra-develara-mural-en-honor-al-grandes-ligas-wilyer-abreu\/#article","isPartOf":{"@id":"https:\/\/deportesdigital.com.ve\/public\/pequenas-ligas-sierra-maestra-develara-mural-en-honor-al-grandes-ligas-wilyer-abreu\/"},"author":{"name":"luisg15","@id":"https:\/\/deportesdigital.com.ve\/public\/#\/schema\/person\/57d2f23f17d761b1672066d1905e88a0"},"headline":"Peque\u00f1as Ligas Sierra Maestra develara mural en honor al Grandes Ligas Wilyer Abreu","datePublished":"2024-12-13T16:42:43+00:00","mainEntityOfPage":{"@id":"https:\/\/deportesdigital.com.ve\/public\/pequenas-ligas-sierra-maestra-develara-mural-en-honor-al-grandes-ligas-wilyer-abreu\/"},"wordCount":217,"commentCount":0,"publisher":{"@id":"https:\/\/deportesdigital.com.ve\/public\/#organization"},"image":{"@id":"https:\/\/deportesdigital.com.ve\/public\/pequenas-ligas-sierra-maestra-develara-mural-en-honor-al-grandes-ligas-wilyer-abreu\/#primaryimage"},"thumbnailUrl":"https:\/\/deportesdigital.com.ve\/public\/wp-content\/uploads\/2024\/12\/Imagen1.jpg","keywords":["homenaje","peque\u00f1asligas","sierra maestra","wilyerabreu"],"articleSection":["B\u00e9isbol"],"inLanguage":"es","potentialAction":[{"@type":"CommentAction","name":"Comment","target":["https:\/\/deportesdigital.com.ve\/public\/pequenas-ligas-sierra-maestra-develara-mural-en-honor-al-grandes-ligas-wilyer-abreu\/#respond"]}]},{"@type":"WebPage","@id":"https:\/\/deportesdigital.com.ve\/public\/pequenas-ligas-sierra-maestra-develara-mural-en-honor-al-grandes-ligas-wilyer-abreu\/","url":"https:\/\/deportesdigital.com.ve\/public\/pequenas-ligas-sierra-maestra-develara-mural-en-honor-al-grandes-ligas-wilyer-abreu\/","name":"Peque\u00f1as Ligas Sierra Maestra develara mural en honor al Grandes Ligas Wilyer Abreu - Deportes Digital","isPartOf":{"@id":"https:\/\/deportesdigital.com.ve\/public\/#website"},"primaryImageOfPage":{"@id":"https:\/\/deportesdigital.com.ve\/public\/pequenas-ligas-sierra-maestra-develara-mural-en-honor-al-grandes-ligas-wilyer-abreu\/#primaryimage"},"image":{"@id":"https:\/\/deportesdigital.com.ve\/public\/pequenas-ligas-sierra-maestra-develara-mural-en-honor-al-grandes-ligas-wilyer-abreu\/#primaryimage"},"thumbnailUrl":"https:\/\/deportesdigital.com.ve\/public\/wp-content\/uploads\/2024\/12\/Imagen1.jpg","datePublished":"2024-12-13T16:42:43+00:00","breadcrumb":{"@id":"https:\/\/deportesdigital.com.ve\/public\/pequenas-ligas-sierra-maestra-develara-mural-en-honor-al-grandes-ligas-wilyer-abreu\/#breadcrumb"},"inLanguage":"es","potentialAction":[{"@type":"ReadAction","target":["https:\/\/deportesdigital.com.ve\/public\/pequenas-ligas-sierra-maestra-develara-mural-en-honor-al-grandes-ligas-wilyer-abreu\/"]}]},{"@type":"ImageObject","inLanguage":"es","@id":"https:\/\/deportesdigital.com.ve\/public\/pequenas-ligas-sierra-maestra-develara-mural-en-honor-al-grandes-ligas-wilyer-abreu\/#primaryimage","url":"https:\/\/deportesdigital.com.ve\/public\/wp-content\/uploads\/2024\/12\/Imagen1.jpg","contentUrl":"https:\/\/deportesdigital.com.ve\/public\/wp-content\/uploads\/2024\/12\/Imagen1.jpg","width":841,"height":929},{"@type":"BreadcrumbList","@id":"https:\/\/deportesdigital.com.ve\/public\/pequenas-ligas-sierra-maestra-develara-mural-en-honor-al-grandes-ligas-wilyer-abreu\/#breadcrumb","itemListElement":[{"@type":"ListItem","position":1,"name":"Portada","item":"https:\/\/deportesdigital.com.ve\/public\/"},{"@type":"ListItem","position":2,"name":"Peque\u00f1as Ligas Sierra Maestra develara mural en honor al Grandes Ligas Wilyer Abreu"}]},{"@type":"WebSite","@id":"https:\/\/deportesdigital.com.ve\/public\/#website","url":"https:\/\/deportesdigital.com.ve\/public\/","name":"Deportes Digital","description":"Solo Deportes","publisher":{"@id":"https:\/\/deportesdigital.com.ve\/public\/#organization"},"potentialAction":[{"@type":"SearchAction","target":{"@type":"EntryPoint","urlTemplate":"https:\/\/deportesdigital.com.ve\/public\/?s={search_term_string}"},"query-input":{"@type":"PropertyValueSpecification","valueRequired":true,"valueName":"search_term_string"}}],"inLanguage":"es"},{"@type":"Organization","@id":"https:\/\/deportesdigital.com.ve\/public\/#organization","name":"Deportes Digital","url":"https:\/\/deportesdigital.com.ve\/public\/","logo":{"@type":"ImageObject","inLanguage":"es","@id":"https:\/\/deportesdigital.com.ve\/public\/#\/schema\/logo\/image\/","url":"https:\/\/i0.wp.com\/deportesdigital.com.ve\/public\/wp-content\/uploads\/2023\/09\/1677066431475.png?fit=1032%2C624&ssl=1","contentUrl":"https:\/\/i0.wp.com\/deportesdigital.com.ve\/public\/wp-content\/uploads\/2023\/09\/1677066431475.png?fit=1032%2C624&ssl=1","width":1032,"height":624,"caption":"Deportes Digital"},"image":{"@id":"https:\/\/deportesdigital.com.ve\/public\/#\/schema\/logo\/image\/"},"sameAs":["https:\/\/www.facebook.com\/DeportesDigitalZulia25","https:\/\/x.com\/deporteszulia","https:\/\/www.instagram.com\/deportesdigitalzulia\/"]},{"@type":"Person","@id":"https:\/\/deportesdigital.com.ve\/public\/#\/schema\/person\/57d2f23f17d761b1672066d1905e88a0","name":"luisg15","image":{"@type":"ImageObject","inLanguage":"es","@id":"https:\/\/secure.gravatar.com\/avatar\/4d424b63ebd2800d281b824141af3d97c1332dfdda83d70b2057085925af58a3?s=96&d=mm&r=g","url":"https:\/\/secure.gravatar.com\/avatar\/4d424b63ebd2800d281b824141af3d97c1332dfdda83d70b2057085925af58a3?s=96&d=mm&r=g","contentUrl":"https:\/\/secure.gravatar.com\/avatar\/4d424b63ebd2800d281b824141af3d97c1332dfdda83d70b2057085925af58a3?s=96&d=mm&r=g","caption":"luisg15"},"description":"Medio de Comunicaci\u00f3n digital dedicado al deporte menor","sameAs":["https:\/\/deportesdigital.com.ve\/public"],"url":"https:\/\/deportesdigital.com.ve\/public\/author\/luisg15\/"}]}},"_links":{"self":[{"href":"https:\/\/deportesdigital.com.ve\/public\/wp-json\/wp\/v2\/posts\/100105","targetHints":{"allow":["GET"]}}],"collection":[{"href":"https:\/\/deportesdigital.com.ve\/public\/wp-json\/wp\/v2\/posts"}],"about":[{"href":"https:\/\/deportesdigital.com.ve\/public\/wp-json\/wp\/v2\/types\/post"}],"author":[{"embeddable":true,"href":"https:\/\/deportesdigital.com.ve\/public\/wp-json\/wp\/v2\/users\/1"}],"replies":[{"embeddable":true,"href":"https:\/\/deportesdigital.com.ve\/public\/wp-json\/wp\/v2\/comments?post=100105"}],"version-history":[{"count":1,"href":"https:\/\/deportesdigital.com.ve\/public\/wp-json\/wp\/v2\/posts\/100105\/revisions"}],"predecessor-version":[{"id":100107,"href":"https:\/\/deportesdigital.com.ve\/public\/wp-json\/wp\/v2\/posts\/100105\/revisions\/100107"}],"wp:featuredmedia":[{"embeddable":true,"href":"https:\/\/deportesdigital.com.ve\/public\/wp-json\/wp\/v2\/media\/100106"}],"wp:attachment":[{"href":"https:\/\/deportesdigital.com.ve\/public\/wp-json\/wp\/v2\/media?parent=100105"}],"wp:term":[{"taxonomy":"category","embeddable":true,"href":"https:\/\/deportesdigital.com.ve\/public\/wp-json\/wp\/v2\/categories?post=100105"},{"taxonomy":"post_tag","embeddable":true,"href":"https:\/\/deportesdigital.com.ve\/public\/wp-json\/wp\/v2\/tags?post=100105"}],"curies":[{"name":"wp","href":"https:\/\/api.w.org\/{rel}","templated":true}]}}